{"id":121711,"date":"2020-12-14T00:22:34","date_gmt":"2020-12-14T03:22:34","guid":{"rendered":"http:\/\/www.hoymercedes.com.ar\/principal\/?p=121711"},"modified":"2020-12-14T00:24:37","modified_gmt":"2020-12-14T03:24:37","slug":"choque-frontal-en-ruta-5-y-calle-130","status":"publish","type":"post","link":"https:\/\/www.hoymercedes.com.ar\/principal\/2020\/12\/14\/choque-frontal-en-ruta-5-y-calle-130\/","title":{"rendered":"Choque frontal en Ruta 5 y calle 130"},"content":{"rendered":"\n<p>Dos veh\u00edculos chocaron frontalmente. Se trata de un Bora con tres ocupantes que fueron trasladados por el SAME al Hospital Dubarry, mientras el auto qued\u00f3 sobre el asfalto y una Toyota Hilux con un ocupante que volc\u00f3 y qued\u00f3 en la banquina. El conductor de la camioneta qued\u00f3 atrapado. <\/p>\n","protected":false},"excerpt":{"rendered":"<p>Dos veh\u00edculos chocaron frontalmente. Se trata de un Bora con tres ocupantes que fueron trasladados por el SAME al Hospital &#8230; <a title=\"Choque frontal en Ruta 5 y calle 130\" class=\"read-more\" href=\"https:\/\/www.hoymercedes.com.ar\/principal\/2020\/12\/14\/choque-frontal-en-ruta-5-y-calle-130\/\" aria-label=\"Leer m\u00e1s sobre Choque frontal en Ruta 5 y calle 130\">Leer m\u00e1s<\/a><\/p>\n","protected":false},"author":1,"featured_media":121713,"comment_status":"closed","ping_status":"open","sticky":false,"template":"","format":"standard","meta":{"_monsterinsights_skip_tracking":false,"_monsterinsights_sitenote_active":false,"_monsterinsights_sitenote_note":"","_monsterinsights_sitenote_category":0,"jetpack_post_was_ever_published":false,"_jetpack_newsletter_access":"","_jetpack_dont_email_post_to_subs":false,"_jetpack_newsletter_tier_id":0,"_jetpack_memberships_contains_paywalled_content":false,"_jetpack_memberships_contains_paid_content":false,"footnotes":"","jetpack_publicize_message":"","jetpack_publicize_feature_enabled":true,"jetpack_social_post_already_shared":true,"jetpack_social_options":{"image_generator_settings":{"template":"highway","default_image_id":0,"font":"","enabled":false},"version":2},"_wpas_customize_per_network":false},"categories":[85],"tags":[3260,96,538,10395],"class_list":["post-121711","post","type-post","status-publish","format-standard","has-post-thumbnail","hentry","category-policial","tag-choque","tag-policial-2","tag-ruta-5","tag-siniestro-vial","generate-columns","tablet-grid-50","mobile-grid-100","grid-parent","grid-50"],"jetpack_publicize_connections":[],"jetpack_featured_media_url":"https:\/\/www.hoymercedes.com.ar\/principal\/wp-content\/uploads\/2020\/12\/accidente-en-ruta-5-y-130.jpg","wps_subtitle":"En las \u00faltimas horas del domingo","jetpack_sharing_enabled":true,"_links":{"self":[{"href":"https:\/\/www.hoymercedes.com.ar\/principal\/wp-json\/wp\/v2\/posts\/121711","targetHints":{"allow":["GET"]}}],"collection":[{"href":"https:\/\/www.hoymercedes.com.ar\/principal\/wp-json\/wp\/v2\/posts"}],"about":[{"href":"https:\/\/www.hoymercedes.com.ar\/principal\/wp-json\/wp\/v2\/types\/post"}],"author":[{"embeddable":true,"href":"https:\/\/www.hoymercedes.com.ar\/principal\/wp-json\/wp\/v2\/users\/1"}],"replies":[{"embeddable":true,"href":"https:\/\/www.hoymercedes.com.ar\/principal\/wp-json\/wp\/v2\/comments?post=121711"}],"version-history":[{"count":0,"href":"https:\/\/www.hoymercedes.com.ar\/principal\/wp-json\/wp\/v2\/posts\/121711\/revisions"}],"wp:featuredmedia":[{"embeddable":true,"href":"https:\/\/www.hoymercedes.com.ar\/principal\/wp-json\/wp\/v2\/media\/121713"}],"wp:attachment":[{"href":"https:\/\/www.hoymercedes.com.ar\/principal\/wp-json\/wp\/v2\/media?parent=121711"}],"wp:term":[{"taxonomy":"category","embeddable":true,"href":"https:\/\/www.hoymercedes.com.ar\/principal\/wp-json\/wp\/v2\/categories?post=121711"},{"taxonomy":"post_tag","embeddable":true,"href":"https:\/\/www.hoymercedes.com.ar\/principal\/wp-json\/wp\/v2\/tags?post=121711"}],"curies":[{"name":"wp","href":"https:\/\/api.w.org\/{rel}","templated":true}]}}