{"id":121721,"date":"2020-12-14T09:55:31","date_gmt":"2020-12-14T12:55:31","guid":{"rendered":"http:\/\/www.hoymercedes.com.ar\/principal\/?p=121721"},"modified":"2020-12-14T11:30:19","modified_gmt":"2020-12-14T14:30:19","slug":"hallan-una-persona-fallecida-en-terreno-ferroviario-detras-del-dubarry","status":"publish","type":"post","link":"https:\/\/www.hoymercedes.com.ar\/principal\/2020\/12\/14\/hallan-una-persona-fallecida-en-terreno-ferroviario-detras-del-dubarry\/","title":{"rendered":"Hallan una persona fallecida en terreno ferroviario detr\u00e1s del Dubarry"},"content":{"rendered":"\n<p>#Ahora. En la ma\u00f1ana de este lunes, encontraron el cuerpo de un hombre en los terrenos ferroviarios que se encuentran detr\u00e1s del Hospital Blas L. Dubarry y delante del Club Defensores. En este momento trabajan en el lugar Fiscal\u00eda y Polic\u00eda Cient\u00edfica. Lo descubri\u00f3 personal de Servicios P\u00fablicos que fue a desmalezar el lugar. No tendr\u00eda signos de violencia. AMPLIAREMOS<\/p>\n\n\n\n<div class=\"wp-block-image\"><figure class=\"aligncenter size-large\"><img loading=\"lazy\" decoding=\"async\" width=\"911\" height=\"607\" data-attachment-id=\"121734\" data-permalink=\"https:\/\/www.hoymercedes.com.ar\/principal\/2020\/12\/14\/hallan-una-persona-fallecida-en-terreno-ferroviario-detras-del-dubarry\/14-muerto-desconocido\/#main\" data-orig-file=\"https:\/\/www.hoymercedes.com.ar\/principal\/wp-content\/uploads\/2020\/12\/14-muerto-desconocido.jpeg\" data-orig-size=\"911,607\" data-comments-opened=\"0\" data-image-meta=\"{&quot;aperture&quot;:&quot;0&quot;,&quot;credit&quot;:&quot;&quot;,&quot;camera&quot;:&quot;&quot;,&quot;caption&quot;:&quot;&quot;,&quot;created_timestamp&quot;:&quot;1607944070&quot;,&quot;copyright&quot;:&quot;&quot;,&quot;focal_length&quot;:&quot;0&quot;,&quot;iso&quot;:&quot;0&quot;,&quot;shutter_speed&quot;:&quot;0&quot;,&quot;title&quot;:&quot;&quot;,&quot;orientation&quot;:&quot;1&quot;}\" data-image-title=\"14 muerto desconocido\" data-image-description=\"\" data-image-caption=\"\" data-large-file=\"https:\/\/www.hoymercedes.com.ar\/principal\/wp-content\/uploads\/2020\/12\/14-muerto-desconocido.jpeg\" src=\"https:\/\/www.hoymercedes.com.ar\/principal\/wp-content\/uploads\/2020\/12\/14-muerto-desconocido.jpeg\" alt=\"\" class=\"wp-image-121734\" srcset=\"https:\/\/www.hoymercedes.com.ar\/principal\/wp-content\/uploads\/2020\/12\/14-muerto-desconocido.jpeg 911w, https:\/\/www.hoymercedes.com.ar\/principal\/wp-content\/uploads\/2020\/12\/14-muerto-desconocido-630x420.jpeg 630w, https:\/\/www.hoymercedes.com.ar\/principal\/wp-content\/uploads\/2020\/12\/14-muerto-desconocido-150x100.jpeg 150w, https:\/\/www.hoymercedes.com.ar\/principal\/wp-content\/uploads\/2020\/12\/14-muerto-desconocido-700x465.jpeg 700w\" sizes=\"auto, (max-width: 911px) 100vw, 911px\" \/><figcaption>Fotograf\u00eda: Pablo Pauli<\/figcaption><\/figure><\/div>\n","protected":false},"excerpt":{"rendered":"<p>#Ahora. En la ma\u00f1ana de este lunes, encontraron el cuerpo de un hombre en los terrenos ferroviarios que se encuentran &#8230; <a title=\"Hallan una persona fallecida en terreno ferroviario detr\u00e1s del Dubarry\" class=\"read-more\" href=\"https:\/\/www.hoymercedes.com.ar\/principal\/2020\/12\/14\/hallan-una-persona-fallecida-en-terreno-ferroviario-detras-del-dubarry\/\" aria-label=\"Leer m\u00e1s sobre Hallan una persona fallecida en terreno ferroviario detr\u00e1s del Dubarry\">Leer m\u00e1s<\/a><\/p>\n","protected":false},"author":1,"featured_media":121733,"comment_status":"closed","ping_status":"open","sticky":false,"template":"","format":"standard","meta":{"_monsterinsights_skip_tracking":false,"_monsterinsights_sitenote_active":false,"_monsterinsights_sitenote_note":"","_monsterinsights_sitenote_category":0,"jetpack_post_was_ever_published":false,"_jetpack_newsletter_access":"","_jetpack_dont_email_post_to_subs":false,"_jetpack_newsletter_tier_id":0,"_jetpack_memberships_contains_paywalled_content":false,"_jetpack_memberships_contains_paid_content":false,"footnotes":"","jetpack_publicize_message":"","jetpack_publicize_feature_enabled":true,"jetpack_social_post_already_shared":true,"jetpack_social_options":{"image_generator_settings":{"template":"highway","default_image_id":0,"font":"","enabled":false},"version":2},"_wpas_customize_per_network":false},"categories":[85],"tags":[11433,96],"class_list":["post-121721","post","type-post","status-publish","format-standard","has-post-thumbnail","hentry","category-policial","tag-fallecido","tag-policial-2","generate-columns","tablet-grid-50","mobile-grid-100","grid-parent","grid-50"],"jetpack_publicize_connections":[],"jetpack_featured_media_url":"https:\/\/www.hoymercedes.com.ar\/principal\/wp-content\/uploads\/2020\/12\/14-muerto-desconocido2.jpeg","wps_subtitle":"En la ma\u00f1ana del lunes","jetpack_sharing_enabled":true,"_links":{"self":[{"href":"https:\/\/www.hoymercedes.com.ar\/principal\/wp-json\/wp\/v2\/posts\/121721","targetHints":{"allow":["GET"]}}],"collection":[{"href":"https:\/\/www.hoymercedes.com.ar\/principal\/wp-json\/wp\/v2\/posts"}],"about":[{"href":"https:\/\/www.hoymercedes.com.ar\/principal\/wp-json\/wp\/v2\/types\/post"}],"author":[{"embeddable":true,"href":"https:\/\/www.hoymercedes.com.ar\/principal\/wp-json\/wp\/v2\/users\/1"}],"replies":[{"embeddable":true,"href":"https:\/\/www.hoymercedes.com.ar\/principal\/wp-json\/wp\/v2\/comments?post=121721"}],"version-history":[{"count":0,"href":"https:\/\/www.hoymercedes.com.ar\/principal\/wp-json\/wp\/v2\/posts\/121721\/revisions"}],"wp:featuredmedia":[{"embeddable":true,"href":"https:\/\/www.hoymercedes.com.ar\/principal\/wp-json\/wp\/v2\/media\/121733"}],"wp:attachment":[{"href":"https:\/\/www.hoymercedes.com.ar\/principal\/wp-json\/wp\/v2\/media?parent=121721"}],"wp:term":[{"taxonomy":"category","embeddable":true,"href":"https:\/\/www.hoymercedes.com.ar\/principal\/wp-json\/wp\/v2\/categories?post=121721"},{"taxonomy":"post_tag","embeddable":true,"href":"https:\/\/www.hoymercedes.com.ar\/principal\/wp-json\/wp\/v2\/tags?post=121721"}],"curies":[{"name":"wp","href":"https:\/\/api.w.org\/{rel}","templated":true}]}}