{"id":121740,"date":"2020-12-14T19:19:18","date_gmt":"2020-12-14T22:19:18","guid":{"rendered":"http:\/\/www.hoymercedes.com.ar\/principal\/?p=121740"},"modified":"2020-12-15T00:33:09","modified_gmt":"2020-12-15T03:33:09","slug":"regreso-el-camino-de-los-bodegones","status":"publish","type":"post","link":"https:\/\/www.hoymercedes.com.ar\/principal\/2020\/12\/14\/regreso-el-camino-de-los-bodegones\/","title":{"rendered":"Regres\u00f3 el Camino de los Bodegones"},"content":{"rendered":"\n<p>Informaci\u00f3n Municipal &#8211; Este fin de semana regres\u00f3 el tradicional ciclo \u201cCamino de los Bodegones\u201d. Fueron cuatro los espacios que recibieron m\u00fasica, cultura, arte y brindaron la excelente gastronom\u00eda local. Semilla Agreste, Puratierra y Bajame un tono amenizaron las veladas con su m\u00fasica mientras que el colectivo de artistas mercedinas con Roxana Fajardo, Micaela Laubiou, Fabiana Caracoche y Melisa Garabello ofrecieron su talento art\u00edstico. \u201cEstamos muy felices de c\u00f3mo se dieron estas noches de encuentro, cuidados y protocolizados, que permiten fomentar el arte, la cultura, el comercio y el trabajo mercedino\u201d sostuvo el jefe comunal. \u00a0<\/p>\n\n\n\n<div class=\"wp-block-image\"><figure class=\"aligncenter size-large\"><img loading=\"lazy\" decoding=\"async\" width=\"800\" height=\"533\" data-attachment-id=\"121741\" data-permalink=\"https:\/\/www.hoymercedes.com.ar\/principal\/2020\/12\/14\/regreso-el-camino-de-los-bodegones\/1m5a0661\/#main\" data-orig-file=\"https:\/\/www.hoymercedes.com.ar\/principal\/wp-content\/uploads\/2020\/12\/1M5A0661.jpg\" data-orig-size=\"800,533\" data-comments-opened=\"0\" data-image-meta=\"{&quot;aperture&quot;:&quot;0&quot;,&quot;credit&quot;:&quot;&quot;,&quot;camera&quot;:&quot;&quot;,&quot;caption&quot;:&quot;&quot;,&quot;created_timestamp&quot;:&quot;0&quot;,&quot;copyright&quot;:&quot;&quot;,&quot;focal_length&quot;:&quot;0&quot;,&quot;iso&quot;:&quot;0&quot;,&quot;shutter_speed&quot;:&quot;0&quot;,&quot;title&quot;:&quot;&quot;,&quot;orientation&quot;:&quot;0&quot;}\" data-image-title=\"1M5A0661\" data-image-description=\"\" data-image-caption=\"\" data-large-file=\"https:\/\/www.hoymercedes.com.ar\/principal\/wp-content\/uploads\/2020\/12\/1M5A0661.jpg\" src=\"https:\/\/www.hoymercedes.com.ar\/principal\/wp-content\/uploads\/2020\/12\/1M5A0661.jpg\" alt=\"\" class=\"wp-image-121741\" srcset=\"https:\/\/www.hoymercedes.com.ar\/principal\/wp-content\/uploads\/2020\/12\/1M5A0661.jpg 800w, https:\/\/www.hoymercedes.com.ar\/principal\/wp-content\/uploads\/2020\/12\/1M5A0661-630x420.jpg 630w, https:\/\/www.hoymercedes.com.ar\/principal\/wp-content\/uploads\/2020\/12\/1M5A0661-150x100.jpg 150w, https:\/\/www.hoymercedes.com.ar\/principal\/wp-content\/uploads\/2020\/12\/1M5A0661-700x465.jpg 700w\" sizes=\"auto, (max-width: 800px) 100vw, 800px\" \/><\/figure><\/div>\n\n\n\n<p>Nuevamente desde la Municipalidad de Mercedes se inici\u00f3 un proceso de trabajo fomentando y apuntalando actividades privadas, con el agregado de contar protocolizaciones necesarias por el marco epidemiol\u00f3gico que seguimos viviendo en la ciudad, el pa\u00eds y el mundo. &nbsp;<\/p>\n\n\n\n<p>El s\u00e1bado arranc\u00f3 con la calle 25 entre 28 y 30 repleta de mesas, con distanciamiento, compartiendo velada entre Harlem y Viaja Esquina. El domingo continu\u00f3 en Lo de Puri, Altamira, y Laurino, del radio c\u00e9ntrico, tambi\u00e9n con una importante participaci\u00f3n que deja en evidencia las ganas de encontrarse, y lo bueno que es para la resocializaci\u00f3n y la salud mental un poco de esparcimiento, ese que tanto nos ha caracterizado con el lema \u201cEn Mercedes siempre hay algo para disfrutar\u201d &nbsp;<\/p>\n\n\n\n<p>Para Boragno es una \u201ciniciativa muy importante. Vuelve a permitir, al aire libre y de manera cuidada, el encuentro de los vecinos y vecinas, promoviendo el turismo y el comercio, algo que ha potenciado la gesti\u00f3n del Dr. Ustarroz y que la pandemia nos afect\u00f3, pero poco a poco empezamos a reactivar los distintos sectores\u201d, sostuvo el funcionario. &nbsp;<\/p>\n\n\n\n<p>Luc\u00eda Capaccio por su parte agradeci\u00f3 a los a \u201cartistas, a cada trabajador y trabajadora, a cada uno que hizo posible este reinicio de actividades tan deseado y esperado\u201d. &nbsp;<\/p>\n\n\n\n<p>La semana pr\u00f3xima el \u201cCamino de los Bodegones\u201d contin\u00faa con el jueves 17 en la Pulper\u00eda de Cacho Dicataria, el viernes 18 en Bistr\u00f3, el s\u00e1bado 19 en Oveja Bar y Domingo 20 en Viejo Bodeg\u00f3n.<\/p>\n\n\n\n<div class=\"wp-block-image\"><figure class=\"aligncenter size-large\"><img loading=\"lazy\" decoding=\"async\" width=\"800\" height=\"533\" data-attachment-id=\"121742\" data-permalink=\"https:\/\/www.hoymercedes.com.ar\/principal\/2020\/12\/14\/regreso-el-camino-de-los-bodegones\/1m5a0653\/#main\" data-orig-file=\"https:\/\/www.hoymercedes.com.ar\/principal\/wp-content\/uploads\/2020\/12\/1M5A0653.jpg\" data-orig-size=\"800,533\" data-comments-opened=\"0\" data-image-meta=\"{&quot;aperture&quot;:&quot;0&quot;,&quot;credit&quot;:&quot;&quot;,&quot;camera&quot;:&quot;&quot;,&quot;caption&quot;:&quot;&quot;,&quot;created_timestamp&quot;:&quot;1607961626&quot;,&quot;copyright&quot;:&quot;&quot;,&quot;focal_length&quot;:&quot;0&quot;,&quot;iso&quot;:&quot;0&quot;,&quot;shutter_speed&quot;:&quot;0&quot;,&quot;title&quot;:&quot;&quot;,&quot;orientation&quot;:&quot;1&quot;}\" data-image-title=\"1M5A0653\" data-image-description=\"\" data-image-caption=\"\" data-large-file=\"https:\/\/www.hoymercedes.com.ar\/principal\/wp-content\/uploads\/2020\/12\/1M5A0653.jpg\" src=\"https:\/\/www.hoymercedes.com.ar\/principal\/wp-content\/uploads\/2020\/12\/1M5A0653.jpg\" alt=\"\" class=\"wp-image-121742\" srcset=\"https:\/\/www.hoymercedes.com.ar\/principal\/wp-content\/uploads\/2020\/12\/1M5A0653.jpg 800w, https:\/\/www.hoymercedes.com.ar\/principal\/wp-content\/uploads\/2020\/12\/1M5A0653-630x420.jpg 630w, https:\/\/www.hoymercedes.com.ar\/principal\/wp-content\/uploads\/2020\/12\/1M5A0653-150x100.jpg 150w, https:\/\/www.hoymercedes.com.ar\/principal\/wp-content\/uploads\/2020\/12\/1M5A0653-700x465.jpg 700w\" sizes=\"auto, (max-width: 800px) 100vw, 800px\" \/><\/figure><\/div>\n","protected":false},"excerpt":{"rendered":"<p>Informaci\u00f3n Municipal &#8211; Este fin de semana regres\u00f3 el tradicional ciclo \u201cCamino de los Bodegones\u201d. Fueron cuatro los espacios que &#8230; <a title=\"Regres\u00f3 el Camino de los Bodegones\" class=\"read-more\" href=\"https:\/\/www.hoymercedes.com.ar\/principal\/2020\/12\/14\/regreso-el-camino-de-los-bodegones\/\" aria-label=\"Leer m\u00e1s sobre Regres\u00f3 el Camino de los Bodegones\">Leer m\u00e1s<\/a><\/p>\n","protected":false},"author":1,"featured_media":121742,"comment_status":"closed","ping_status":"open","sticky":false,"template":"","format":"standard","meta":{"_monsterinsights_skip_tracking":false,"_monsterinsights_sitenote_active":false,"_monsterinsights_sitenote_note":"","_monsterinsights_sitenote_category":0,"jetpack_post_was_ever_published":false,"_jetpack_newsletter_access":"","_jetpack_dont_email_post_to_subs":false,"_jetpack_newsletter_tier_id":0,"_jetpack_memberships_contains_paywalled_content":false,"_jetpack_memberships_contains_paid_content":false,"footnotes":"","jetpack_publicize_message":"","jetpack_publicize_feature_enabled":true,"jetpack_social_post_already_shared":true,"jetpack_social_options":{"image_generator_settings":{"template":"highway","default_image_id":0,"font":"","enabled":false},"version":2},"_wpas_customize_per_network":false},"categories":[30],"tags":[6385,7805,244,1428],"class_list":["post-121740","post","type-post","status-publish","format-standard","has-post-thumbnail","hentry","category-municipio","tag-bodegones","tag-cultura","tag-municipio-2","tag-turismo","generate-columns","tablet-grid-50","mobile-grid-100","grid-parent","grid-50"],"jetpack_publicize_connections":[],"jetpack_featured_media_url":"https:\/\/www.hoymercedes.com.ar\/principal\/wp-content\/uploads\/2020\/12\/1M5A0653.jpg","wps_subtitle":"A partir del s\u00e1bado pasado","jetpack_sharing_enabled":true,"_links":{"self":[{"href":"https:\/\/www.hoymercedes.com.ar\/principal\/wp-json\/wp\/v2\/posts\/121740","targetHints":{"allow":["GET"]}}],"collection":[{"href":"https:\/\/www.hoymercedes.com.ar\/principal\/wp-json\/wp\/v2\/posts"}],"about":[{"href":"https:\/\/www.hoymercedes.com.ar\/principal\/wp-json\/wp\/v2\/types\/post"}],"author":[{"embeddable":true,"href":"https:\/\/www.hoymercedes.com.ar\/principal\/wp-json\/wp\/v2\/users\/1"}],"replies":[{"embeddable":true,"href":"https:\/\/www.hoymercedes.com.ar\/principal\/wp-json\/wp\/v2\/comments?post=121740"}],"version-history":[{"count":0,"href":"https:\/\/www.hoymercedes.com.ar\/principal\/wp-json\/wp\/v2\/posts\/121740\/revisions"}],"wp:featuredmedia":[{"embeddable":true,"href":"https:\/\/www.hoymercedes.com.ar\/principal\/wp-json\/wp\/v2\/media\/121742"}],"wp:attachment":[{"href":"https:\/\/www.hoymercedes.com.ar\/principal\/wp-json\/wp\/v2\/media?parent=121740"}],"wp:term":[{"taxonomy":"category","embeddable":true,"href":"https:\/\/www.hoymercedes.com.ar\/principal\/wp-json\/wp\/v2\/categories?post=121740"},{"taxonomy":"post_tag","embeddable":true,"href":"https:\/\/www.hoymercedes.com.ar\/principal\/wp-json\/wp\/v2\/tags?post=121740"}],"curies":[{"name":"wp","href":"https:\/\/api.w.org\/{rel}","templated":true}]}}