{"id":121767,"date":"2020-12-14T18:07:35","date_gmt":"2020-12-14T21:07:35","guid":{"rendered":"http:\/\/www.hoymercedes.com.ar\/principal\/?p=121767"},"modified":"2020-12-15T00:33:54","modified_gmt":"2020-12-15T03:33:54","slug":"se-llevo-a-cabo-un-nuevo-sorteo-del-programa-mi-terreno","status":"publish","type":"post","link":"https:\/\/www.hoymercedes.com.ar\/principal\/2020\/12\/14\/se-llevo-a-cabo-un-nuevo-sorteo-del-programa-mi-terreno\/","title":{"rendered":"Se llev\u00f3 a cabo un nuevo sorteo del programa \u00abMi Terreno\u00bb"},"content":{"rendered":"\n<figure class=\"wp-block-image size-large\"><img loading=\"lazy\" decoding=\"async\" width=\"1006\" height=\"566\" data-attachment-id=\"121768\" data-permalink=\"https:\/\/www.hoymercedes.com.ar\/principal\/2020\/12\/14\/se-llevo-a-cabo-un-nuevo-sorteo-del-programa-mi-terreno\/dsc02356\/#main\" data-orig-file=\"https:\/\/www.hoymercedes.com.ar\/principal\/wp-content\/uploads\/2020\/12\/DSC02356.jpg\" data-orig-size=\"1006,566\" data-comments-opened=\"0\" data-image-meta=\"{&quot;aperture&quot;:&quot;0&quot;,&quot;credit&quot;:&quot;&quot;,&quot;camera&quot;:&quot;&quot;,&quot;caption&quot;:&quot;&quot;,&quot;created_timestamp&quot;:&quot;0&quot;,&quot;copyright&quot;:&quot;&quot;,&quot;focal_length&quot;:&quot;0&quot;,&quot;iso&quot;:&quot;0&quot;,&quot;shutter_speed&quot;:&quot;0&quot;,&quot;title&quot;:&quot;&quot;,&quot;orientation&quot;:&quot;0&quot;}\" data-image-title=\"DSC02356\" data-image-description=\"\" data-image-caption=\"\" data-large-file=\"https:\/\/www.hoymercedes.com.ar\/principal\/wp-content\/uploads\/2020\/12\/DSC02356.jpg\" src=\"https:\/\/www.hoymercedes.com.ar\/principal\/wp-content\/uploads\/2020\/12\/DSC02356.jpg\" alt=\"\" class=\"wp-image-121768\" srcset=\"https:\/\/www.hoymercedes.com.ar\/principal\/wp-content\/uploads\/2020\/12\/DSC02356.jpg 1006w, https:\/\/www.hoymercedes.com.ar\/principal\/wp-content\/uploads\/2020\/12\/DSC02356-630x354.jpg 630w, https:\/\/www.hoymercedes.com.ar\/principal\/wp-content\/uploads\/2020\/12\/DSC02356-150x84.jpg 150w\" sizes=\"auto, (max-width: 1006px) 100vw, 1006px\" \/><\/figure>\n\n\n\n<p>En lo que fue el sexto sorteo del programa \u201cMi Terreno\u201d que lleva adelante el Municipio de Mercedes, 55 vecinos se vieron favorecidos por esta pol\u00edtica p\u00fablica que ofrece la oportunidad de adquirir un lote, paso fundamental para cumplir el sue\u00f1o de la casa propia. En esta oportunidad, del total de terrenos sorteados, 15 fueron para personas con discapacidad. El mismo se realiz\u00f3 en teatro Arygentino \u201cJulio C\u00e9sar Gioscio\u201d mediante escribano p\u00fablico y v\u00eda streaming.&nbsp; &nbsp;&nbsp;&nbsp;<\/p>\n\n\n\n<p>El intendente Juan Ignacio Ustarroz declar\u00f3 \u201cestamos muy contentos, en un a\u00f1o muy dif\u00edcil no se bajaron los brazos, se continu\u00f3 trabajando intensamente en uno de los ejes que es fundamental que tiene que ver con el acceso a la tierra y el desarrollo habitacional\u201d.<\/p>\n\n\n\n<p>En ese sentido, Ustarroz dijo \u201cse hizo un sorteo de manera totalmente transparente, ante escribano p\u00fablico y con un seguimiento v\u00eda streaming\u201d y ratific\u00f3 \u201cesta es una gran posibilidad y oportunidad para la gente, donde el Municipio lo que hace es entregarle un terreno -a trav\u00e9s de un sorteo- con muchas facilidades, con una tasa de inter\u00e9s del 2 % anual -subsidiada- algo que en el mercado hoy no existe. De esta manera, se le brinda esta oportunidad sobre la base de lo que hoy pueden pagar, es decir, nadie regala nada, sino es a trav\u00e9s del esfuerzo de todos\u201d.<\/p>\n\n\n\n<figure class=\"wp-block-embed\"><div class=\"wp-block-embed__wrapper\">\n<span class=\"embed-youtube\" style=\"text-align:center; display: block;\"><iframe loading=\"lazy\" class=\"youtube-player\" width=\"1200\" height=\"675\" src=\"https:\/\/www.youtube.com\/embed\/5_ooSbSrjCo?version=3&#038;rel=1&#038;showsearch=0&#038;showinfo=1&#038;iv_load_policy=1&#038;fs=1&#038;hl=es-ES&#038;autohide=2&#038;wmode=transparent\" allowfullscreen=\"true\" style=\"border:0;\" sandbox=\"allow-scripts allow-same-origin allow-popups allow-presentation allow-popups-to-escape-sandbox\"><\/iframe><\/span>\n<\/div><\/figure>\n\n\n\n<p>Por otro lado, el intendente Juan Ignacio Ustarroz recalc\u00f3 \u201cestamos terminando un a\u00f1o muy dif\u00edcil, con mucho trabajo, por eso quiero reivindicar y destacar a los trabajadores y trabajadoras municipales que han hecho un gran esfuerzo durante esta pandemia\u201d<\/p>\n\n\n\n<p>Valeria Ilarraz, directora de tierras manifest\u00f3 \u201cen primer lugar quiero agradecer al intendente municipal, el Dr. Ustarroz que nos da esta oportunidad de poder sortear 55 lotes, de los cuales 40 ser\u00e1n del listado general y 15 del cupo especial, todos con sus correspondientes suplentes\u201d.<\/p>\n\n\n\n<p>Adem\u00e1s, cont\u00f3 \u201chubo 4288 inscriptos -250 bajas que se dieron con sus correspondientes resoluciones- muchos vecinos han confiado en este programa y se han sumado\u201d y a\u00f1adi\u00f3 \u201cpor resoluci\u00f3n se estableci\u00f3 un cupo especial para personas con discapacidad, que corresponde la 5 por ciento total de los inscriptos\u201d.<\/p>\n\n\n\n<p>Y agradeci\u00f3 \u201cla presencia del escribano Juan Pablo Giannini, qui\u00e9n labra el acta con todo lo que sucede durante este sorteo, lo cual garantiza transparencia, como as\u00ed tambi\u00e9n la de la secretaria de gobierno, Mar\u00eda Clara Zunino, la directora de discapacidad, Tatiana L\u00f3pez y la del subsecretario de Vivienda y h\u00e1bitat, con quienes junto al intendente Ustarroz trabajamos para poder paliar el problema habitacional existente\u201d.<\/p>\n\n\n\n<p>Tambi\u00e9n estuvo presente la secretaria de gobierno, Mar\u00eda Clara Zunino, en lo que fue una jornada para alegr\u00eda de muchas familias mercedinas.<\/p>\n\n\n\n<p>Por su parte, la directora de discapacidad, Tatiana L\u00f3pez, expres\u00f3 \u201cquiero agradecer al intendente Ustarroz donde gracias a este programa los vecinos de Mercedes pueden acceder a un terreno\u201d y apunt\u00f3 \u201ccomo Municipio seguimos con estas pol\u00edticas p\u00fablicas inclusivas, donde existe una articulaci\u00f3n constante entre las diferentes \u00e1reas. Sigamos por este camino de inclusi\u00f3n por el que todos trabajamos\u201d.&nbsp; &nbsp;&nbsp;&nbsp;&nbsp;<\/p>\n\n\n\n<p>Javier Guevara, del Departamento de Tierras indic\u00f3 \u201cm\u00e1s all\u00e1 de lo conflictivo y lo problem\u00e1tico de este a\u00f1o, gracias a la decisi\u00f3n pol\u00edtica del intendente Ustarroz de trabajar fuertemente para solucionar el d\u00e9ficit habitacional, uno de los problemas de los mercedinos, hemos concretado el sexto sorteo\u201d y subray\u00f3 \u201ctenemos previsto para el pr\u00f3ximo a\u00f1o un amplio y ambicioso programa siempre buscando consolidar esta pol\u00edtica p\u00fablica de garantizarle el acceso al suelo a los mercedinos que tengan m\u00e1s de 5 a\u00f1os de residencia en la ciudad\u201d.\u00a0 \u00a0\u00a0\u00a0<\/p>\n\n\n\n<p class=\"has-text-align-center\"><strong>Listado completo: <a href=\"http:\/\/gobierno.mercedes.gob.ar\/wp-content\/uploads\/2020\/12\/Resultado-6to-Sorteo-Programa-Mi-Terreno.pdf\" target=\"_blank\" rel=\"noopener\">VER<\/a><\/strong><\/p>\n\n\n\n<p>Info: Municipio<\/p>\n","protected":false},"excerpt":{"rendered":"<p>En lo que fue el sexto sorteo del programa \u201cMi Terreno\u201d que lleva adelante el Municipio de Mercedes, 55 vecinos &#8230; <a title=\"Se llev\u00f3 a cabo un nuevo sorteo del programa \u00abMi Terreno\u00bb\" class=\"read-more\" href=\"https:\/\/www.hoymercedes.com.ar\/principal\/2020\/12\/14\/se-llevo-a-cabo-un-nuevo-sorteo-del-programa-mi-terreno\/\" aria-label=\"Leer m\u00e1s sobre Se llev\u00f3 a cabo un nuevo sorteo del programa \u00abMi Terreno\u00bb\">Leer m\u00e1s<\/a><\/p>\n","protected":false},"author":1,"featured_media":121768,"comment_status":"closed","ping_status":"open","sticky":false,"template":"","format":"standard","meta":{"_monsterinsights_skip_tracking":false,"_monsterinsights_sitenote_active":false,"_monsterinsights_sitenote_note":"","_monsterinsights_sitenote_category":0,"jetpack_post_was_ever_published":false,"_jetpack_newsletter_access":"","_jetpack_dont_email_post_to_subs":false,"_jetpack_newsletter_tier_id":0,"_jetpack_memberships_contains_paywalled_content":false,"_jetpack_memberships_contains_paid_content":false,"footnotes":"","jetpack_publicize_message":"","jetpack_publicize_feature_enabled":true,"jetpack_social_post_already_shared":true,"jetpack_social_options":{"image_generator_settings":{"template":"highway","default_image_id":0,"font":"","enabled":false},"version":2},"_wpas_customize_per_network":false},"categories":[30],"tags":[14241,244,2803],"class_list":["post-121767","post","type-post","status-publish","format-standard","has-post-thumbnail","hentry","category-municipio","tag-mi-terreno","tag-municipio-2","tag-tierras-mercedes","generate-columns","tablet-grid-50","mobile-grid-100","grid-parent","grid-50"],"jetpack_publicize_connections":[],"jetpack_featured_media_url":"https:\/\/www.hoymercedes.com.ar\/principal\/wp-content\/uploads\/2020\/12\/DSC02356.jpg","wps_subtitle":"Desde el \u00e1rea de Tierras","jetpack_sharing_enabled":true,"_links":{"self":[{"href":"https:\/\/www.hoymercedes.com.ar\/principal\/wp-json\/wp\/v2\/posts\/121767","targetHints":{"allow":["GET"]}}],"collection":[{"href":"https:\/\/www.hoymercedes.com.ar\/principal\/wp-json\/wp\/v2\/posts"}],"about":[{"href":"https:\/\/www.hoymercedes.com.ar\/principal\/wp-json\/wp\/v2\/types\/post"}],"author":[{"embeddable":true,"href":"https:\/\/www.hoymercedes.com.ar\/principal\/wp-json\/wp\/v2\/users\/1"}],"replies":[{"embeddable":true,"href":"https:\/\/www.hoymercedes.com.ar\/principal\/wp-json\/wp\/v2\/comments?post=121767"}],"version-history":[{"count":0,"href":"https:\/\/www.hoymercedes.com.ar\/principal\/wp-json\/wp\/v2\/posts\/121767\/revisions"}],"wp:featuredmedia":[{"embeddable":true,"href":"https:\/\/www.hoymercedes.com.ar\/principal\/wp-json\/wp\/v2\/media\/121768"}],"wp:attachment":[{"href":"https:\/\/www.hoymercedes.com.ar\/principal\/wp-json\/wp\/v2\/media?parent=121767"}],"wp:term":[{"taxonomy":"category","embeddable":true,"href":"https:\/\/www.hoymercedes.com.ar\/principal\/wp-json\/wp\/v2\/categories?post=121767"},{"taxonomy":"post_tag","embeddable":true,"href":"https:\/\/www.hoymercedes.com.ar\/principal\/wp-json\/wp\/v2\/tags?post=121767"}],"curies":[{"name":"wp","href":"https:\/\/api.w.org\/{rel}","templated":true}]}}