{"id":121847,"date":"2020-12-16T12:17:14","date_gmt":"2020-12-16T15:17:14","guid":{"rendered":"http:\/\/www.hoymercedes.com.ar\/principal\/?p=121847"},"modified":"2020-12-16T12:17:55","modified_gmt":"2020-12-16T15:17:55","slug":"ernesto-callegari-fue-asistente-en-union-vs-defensa-y-justicia","status":"publish","type":"post","link":"https:\/\/www.hoymercedes.com.ar\/principal\/2020\/12\/16\/ernesto-callegari-fue-asistente-en-union-vs-defensa-y-justicia\/","title":{"rendered":"Ernesto Callegari fue asistente en Uni\u00f3n Vs. Defensa y Justicia"},"content":{"rendered":"\n<p>El \u00e1rbitro mercedino Ernesto Callegari sigue creciendo en su carrera. Tras sus inicios en la Liga Mercedina, fue avanzando en las diferentes categor\u00edas del f\u00fatbol argentino y este domingo fue el asistente n\u00famero 2 del partido entre Uni\u00f3n de Santa Fe y Defensa y Justicia.<\/p>\n\n\n\n<div class=\"wp-block-image\"><figure class=\"aligncenter size-large\"><img loading=\"lazy\" decoding=\"async\" width=\"640\" height=\"425\" data-attachment-id=\"121850\" data-permalink=\"https:\/\/www.hoymercedes.com.ar\/principal\/2020\/12\/16\/ernesto-callegari-fue-asistente-en-union-vs-defensa-y-justicia\/ernesto-calegari-union-defensa\/#main\" data-orig-file=\"https:\/\/www.hoymercedes.com.ar\/principal\/wp-content\/uploads\/2020\/12\/Ernesto-Calegari-Union-Defensa.jpg\" data-orig-size=\"640,425\" data-comments-opened=\"0\" data-image-meta=\"{&quot;aperture&quot;:&quot;0&quot;,&quot;credit&quot;:&quot;&quot;,&quot;camera&quot;:&quot;&quot;,&quot;caption&quot;:&quot;&quot;,&quot;created_timestamp&quot;:&quot;0&quot;,&quot;copyright&quot;:&quot;&quot;,&quot;focal_length&quot;:&quot;0&quot;,&quot;iso&quot;:&quot;0&quot;,&quot;shutter_speed&quot;:&quot;0&quot;,&quot;title&quot;:&quot;&quot;,&quot;orientation&quot;:&quot;0&quot;}\" data-image-title=\"Ernesto-Calegari-Union-Defensa\" data-image-description=\"\" data-image-caption=\"\" data-large-file=\"https:\/\/www.hoymercedes.com.ar\/principal\/wp-content\/uploads\/2020\/12\/Ernesto-Calegari-Union-Defensa.jpg\" src=\"https:\/\/www.hoymercedes.com.ar\/principal\/wp-content\/uploads\/2020\/12\/Ernesto-Calegari-Union-Defensa.jpg\" alt=\"\" class=\"wp-image-121850\"\/><\/figure><\/div>\n\n\n\n<p>Callegari acompa\u00f1\u00f3 al juez principal Nazareno Arasa, al Asistente 1 Dami\u00e1n Espinoza y al Cuarto \u00c1rbitro, Silvio Trucco. Para el mercedino fue el debut en la m\u00e1xima categor\u00eda del f\u00fatbol argentino.<\/p>\n","protected":false},"excerpt":{"rendered":"<p>El \u00e1rbitro mercedino Ernesto Callegari sigue creciendo en su carrera. Tras sus inicios en la Liga Mercedina, fue avanzando en &#8230; <a title=\"Ernesto Callegari fue asistente en Uni\u00f3n Vs. Defensa y Justicia\" class=\"read-more\" href=\"https:\/\/www.hoymercedes.com.ar\/principal\/2020\/12\/16\/ernesto-callegari-fue-asistente-en-union-vs-defensa-y-justicia\/\" aria-label=\"Leer m\u00e1s sobre Ernesto Callegari fue asistente en Uni\u00f3n Vs. Defensa y Justicia\">Leer m\u00e1s<\/a><\/p>\n","protected":false},"author":1,"featured_media":121850,"comment_status":"closed","ping_status":"open","sticky":false,"template":"","format":"standard","meta":{"_monsterinsights_skip_tracking":false,"_monsterinsights_sitenote_active":false,"_monsterinsights_sitenote_note":"","_monsterinsights_sitenote_category":0,"jetpack_post_was_ever_published":false,"_jetpack_newsletter_access":"","_jetpack_dont_email_post_to_subs":false,"_jetpack_newsletter_tier_id":0,"_jetpack_memberships_contains_paywalled_content":false,"_jetpack_memberships_contains_paid_content":false,"footnotes":"","jetpack_publicize_message":"","jetpack_publicize_feature_enabled":true,"jetpack_social_post_already_shared":true,"jetpack_social_options":{"image_generator_settings":{"template":"highway","default_image_id":0,"font":"","enabled":false},"version":2},"_wpas_customize_per_network":false},"categories":[21],"tags":[17361,17363],"class_list":["post-121847","post","type-post","status-publish","format-standard","has-post-thumbnail","hentry","category-deportes","tag-ernesto-callegari","tag-liga-profesional-de-futbol","generate-columns","tablet-grid-50","mobile-grid-100","grid-parent","grid-50"],"jetpack_publicize_connections":[],"jetpack_featured_media_url":"https:\/\/www.hoymercedes.com.ar\/principal\/wp-content\/uploads\/2020\/12\/Ernesto-Calegari-Union-Defensa.jpg","wps_subtitle":"","jetpack_sharing_enabled":true,"_links":{"self":[{"href":"https:\/\/www.hoymercedes.com.ar\/principal\/wp-json\/wp\/v2\/posts\/121847","targetHints":{"allow":["GET"]}}],"collection":[{"href":"https:\/\/www.hoymercedes.com.ar\/principal\/wp-json\/wp\/v2\/posts"}],"about":[{"href":"https:\/\/www.hoymercedes.com.ar\/principal\/wp-json\/wp\/v2\/types\/post"}],"author":[{"embeddable":true,"href":"https:\/\/www.hoymercedes.com.ar\/principal\/wp-json\/wp\/v2\/users\/1"}],"replies":[{"embeddable":true,"href":"https:\/\/www.hoymercedes.com.ar\/principal\/wp-json\/wp\/v2\/comments?post=121847"}],"version-history":[{"count":0,"href":"https:\/\/www.hoymercedes.com.ar\/principal\/wp-json\/wp\/v2\/posts\/121847\/revisions"}],"wp:featuredmedia":[{"embeddable":true,"href":"https:\/\/www.hoymercedes.com.ar\/principal\/wp-json\/wp\/v2\/media\/121850"}],"wp:attachment":[{"href":"https:\/\/www.hoymercedes.com.ar\/principal\/wp-json\/wp\/v2\/media?parent=121847"}],"wp:term":[{"taxonomy":"category","embeddable":true,"href":"https:\/\/www.hoymercedes.com.ar\/principal\/wp-json\/wp\/v2\/categories?post=121847"},{"taxonomy":"post_tag","embeddable":true,"href":"https:\/\/www.hoymercedes.com.ar\/principal\/wp-json\/wp\/v2\/tags?post=121847"}],"curies":[{"name":"wp","href":"https:\/\/api.w.org\/{rel}","templated":true}]}}