{"id":12188,"date":"2012-04-13T13:49:31","date_gmt":"2012-04-13T13:49:31","guid":{"rendered":"http:\/\/www.hoymercedes.com.ar\/principal\/?p=12188"},"modified":"2012-04-13T13:49:31","modified_gmt":"2012-04-13T13:49:31","slug":"continuan-las-obras-y-el-reclamo-estudiantil-en-unlu","status":"publish","type":"post","link":"https:\/\/www.hoymercedes.com.ar\/principal\/2012\/04\/13\/continuan-las-obras-y-el-reclamo-estudiantil-en-unlu\/","title":{"rendered":"Contin\u00faan las obras y el reclamo estudiantil en UNLu"},"content":{"rendered":"<p>Tal como La Hora narraba la semana pasada los estudiantes de la Universidad Nacional de Luj\u00e1n entre los cuales hay mercedinos que llevan actividades educativas en dicha universidad reclaman a los cuerpos de gobierno, especialmente al rectorado, soluciones ante las obras que se vienen desarrollando que generan escases de aulas y condiciones de estudio desfavorables.<\/p>\n<p>La UNLu viene desarrollando una obra de envergadura dentro del pabell\u00f3n principal de la Sede Central ubicada en la vecina ciudad de Luj\u00e1n donde se llevan adelante clases, investigaci\u00f3n y extensi\u00f3n de casi todas las carreras ofertadas.<\/p>\n<p>Listas estudiantiles con representaci\u00f3n en el Consejo Superior, m\u00e1ximo \u00f3rgano de gobierno de la universidad, convocaron este jueves a que los educandos asistan a la sesi\u00f3n que estaba prevista con el objetivo de ejercer presi\u00f3n para que se den respuestas a los reclamos realizados.<\/p>\n<p>Vale recordar que las obras se llevan a cabo a partir de dos bocas de financiamiento: por el ingreso obtenido desde el gobierno nacional en car\u00e1cter de indemnizaci\u00f3n por el paso de la autov\u00eda Mercedes Luj\u00e1n y por la Ley de Reparaci\u00f3n Hist\u00f3rica conseguida en el a\u00f1o 2007 para solventar obras y reparaciones por el cierre de la universidad durante la \u00faltima dictadura militar.<\/p>\n<p>Los estudiantes tienen apoyo de diversos sectores e incluso un importante reflejo en la prensa de la vecina ciudad as\u00ed como de los \u00e1mbitos de influencia de la Casa de Altos Estudios.<\/p>\n<p>La convocatoria nace luego de reclamos efectuados desde el inicio de clases donde se encuentran con el inicio de obras, el desarme del pabell\u00f3n central, la p\u00e9rdida de aulas y las tareas en paralelo al dictado de clases con todo lo que ello trae aparejado en t\u00e9rminos sonoros y de limpieza.<\/p>\n<p>El llamado inclu\u00eda, textualmente, los siguientes puntos: Aumento inmediato del monto de becas; Soluciones ya! de todos los problemas planteados en el inicio de clases; Espacio F\u00edsico para todos los centros de estudiantes; Regulaci\u00f3n inmediata del aumento de las fotocopias en la sede central, no resuelta en el seno del consejo superior. Jueves 12\/03 a partir de las 13hs. Lugar: sal\u00f3n del consejo. Lista 115.<\/p>\n<p><strong>Mercedinos<\/strong><\/p>\n<p>No son pocos los mercedinos que asisten a la universidad. Algunos lo hacen para estudiar, otros para dar clases y hay quienes desarrollan actividades dentro de claustro no docente.<\/p>\n<p>Autov\u00eda<\/p>\n<p>Por el momento, las obras est\u00e1n frenadas tanto dentro del espacio universitario como en el tramo J\u00e1uregui \u2013 Luj\u00e1n. Por la universidad iba a pasar bajo el formato denominado \u201cmedia trinchera\u201d para evitar ruidos y contaminaci\u00f3n. Durante a\u00f1os estuvo frenado el avance dado que los estudiantes estaban en plan de lucha hasta que en 2007 se arrib\u00f3 a un acuerdo que incluyeron obras y bienes para la universidad por 16 millones de pesos. La autov\u00eda se puede actualmente utilizar entre Mercedes y J\u00e1uregui, pero una vez llegado al puente distribuidor de dicho pueblo se debe tomar la vieja ruta cinco con el cl\u00e1sico puente control como empalme hacia Acceso Oeste. La obra dentro de UNLu qued\u00f3, incluso, sin finalizar.<\/p>\n<p><strong>Obras del Gobierno<\/strong><\/p>\n<p>Actualmente el gobierno nacional viene desarrollando obras dentro del predio de la UNLu, concretamente, las mencionadas de aulas y ampliaci\u00f3n de laboratorio en la Sede Central. Tambi\u00e9n un edificio al lado de la actual biblioteca, pero, este se encuentra moment\u00e1neamente parado. Todos ellos bajo los carteles identificatorios al actual gobierno que es qui\u00e9n financia las mismas a partir de los planes efectuados y ejecutados por la conducci\u00f3n universitaria.<\/p>\n<p>&nbsp;<\/p>\n","protected":false},"excerpt":{"rendered":"<p>Tal como La Hora narraba la semana pasada los estudiantes de la Universidad Nacional de Luj\u00e1n entre los cuales hay &#8230; <a title=\"Contin\u00faan las obras y el reclamo estudiantil en UNLu\" class=\"read-more\" href=\"https:\/\/www.hoymercedes.com.ar\/principal\/2012\/04\/13\/continuan-las-obras-y-el-reclamo-estudiantil-en-unlu\/\" aria-label=\"Leer m\u00e1s sobre Contin\u00faan las obras y el reclamo estudiantil en UNLu\">Leer m\u00e1s<\/a><\/p>\n","protected":false},"author":1,"featured_media":0,"comment_status":"open","ping_status":"open","sticky":false,"template":"","format":"standard","meta":{"_monsterinsights_skip_tracking":false,"_monsterinsights_sitenote_active":false,"_monsterinsights_sitenote_note":"","_monsterinsights_sitenote_category":0,"jetpack_post_was_ever_published":false,"_jetpack_newsletter_access":"","_jetpack_dont_email_post_to_subs":false,"_jetpack_newsletter_tier_id":0,"_jetpack_memberships_contains_paywalled_content":false,"_jetpack_memberships_contains_paid_content":false,"footnotes":"","jetpack_publicize_message":"","jetpack_publicize_feature_enabled":true,"jetpack_social_post_already_shared":false,"jetpack_social_options":{"image_generator_settings":{"template":"highway","default_image_id":0,"font":"","enabled":false},"version":2},"_wpas_customize_per_network":false},"categories":[23],"tags":[829,1099,54],"class_list":["post-12188","post","type-post","status-publish","format-standard","hentry","category-educacion","tag-estudiantes","tag-reclamos","tag-unlu","generate-columns","tablet-grid-50","mobile-grid-100","grid-parent","grid-50"],"jetpack_publicize_connections":[],"jetpack_featured_media_url":"","wps_subtitle":"","jetpack_sharing_enabled":true,"_links":{"self":[{"href":"https:\/\/www.hoymercedes.com.ar\/principal\/wp-json\/wp\/v2\/posts\/12188","targetHints":{"allow":["GET"]}}],"collection":[{"href":"https:\/\/www.hoymercedes.com.ar\/principal\/wp-json\/wp\/v2\/posts"}],"about":[{"href":"https:\/\/www.hoymercedes.com.ar\/principal\/wp-json\/wp\/v2\/types\/post"}],"author":[{"embeddable":true,"href":"https:\/\/www.hoymercedes.com.ar\/principal\/wp-json\/wp\/v2\/users\/1"}],"replies":[{"embeddable":true,"href":"https:\/\/www.hoymercedes.com.ar\/principal\/wp-json\/wp\/v2\/comments?post=12188"}],"version-history":[{"count":0,"href":"https:\/\/www.hoymercedes.com.ar\/principal\/wp-json\/wp\/v2\/posts\/12188\/revisions"}],"wp:attachment":[{"href":"https:\/\/www.hoymercedes.com.ar\/principal\/wp-json\/wp\/v2\/media?parent=12188"}],"wp:term":[{"taxonomy":"category","embeddable":true,"href":"https:\/\/www.hoymercedes.com.ar\/principal\/wp-json\/wp\/v2\/categories?post=12188"},{"taxonomy":"post_tag","embeddable":true,"href":"https:\/\/www.hoymercedes.com.ar\/principal\/wp-json\/wp\/v2\/tags?post=12188"}],"curies":[{"name":"wp","href":"https:\/\/api.w.org\/{rel}","templated":true}]}}