{"id":121894,"date":"2020-12-17T07:42:00","date_gmt":"2020-12-17T10:42:00","guid":{"rendered":"http:\/\/www.hoymercedes.com.ar\/principal\/?p=121894"},"modified":"2020-12-17T20:03:36","modified_gmt":"2020-12-17T23:03:36","slug":"ultima-reunion-del-comite-de-crisis","status":"publish","type":"post","link":"https:\/\/www.hoymercedes.com.ar\/principal\/2020\/12\/17\/ultima-reunion-del-comite-de-crisis\/","title":{"rendered":"\u00daltima reuni\u00f3n del Comit\u00e9 de Crisis"},"content":{"rendered":"\n<p>Informe Municipal &#8211; El Comit\u00e9 de crisis de nuestra ciudad junto al intendente Juan Ignacio Ustarroz llevaron adelante la \u00faltima reuni\u00f3n de este 2020, donde lo que se destac\u00f3 fue la uni\u00f3n y el trabajo mancomunado que existi\u00f3 en la ciudad, como as\u00ed tambi\u00e9n, el especial cuidado que hay que tener en esta \u00faltima etapa de la pandemia. \u00a0<\/p>\n\n\n\n<div class=\"wp-block-image\"><figure class=\"aligncenter size-large\"><img loading=\"lazy\" decoding=\"async\" width=\"800\" height=\"373\" data-attachment-id=\"121910\" data-permalink=\"https:\/\/www.hoymercedes.com.ar\/principal\/2020\/12\/17\/ultima-reunion-del-comite-de-crisis\/17-comite-de-crisis\/#main\" data-orig-file=\"https:\/\/www.hoymercedes.com.ar\/principal\/wp-content\/uploads\/2020\/12\/17-Comite-de-Crisis.jpeg\" data-orig-size=\"800,373\" data-comments-opened=\"0\" data-image-meta=\"{&quot;aperture&quot;:&quot;0&quot;,&quot;credit&quot;:&quot;&quot;,&quot;camera&quot;:&quot;&quot;,&quot;caption&quot;:&quot;&quot;,&quot;created_timestamp&quot;:&quot;0&quot;,&quot;copyright&quot;:&quot;&quot;,&quot;focal_length&quot;:&quot;0&quot;,&quot;iso&quot;:&quot;0&quot;,&quot;shutter_speed&quot;:&quot;0&quot;,&quot;title&quot;:&quot;&quot;,&quot;orientation&quot;:&quot;0&quot;}\" data-image-title=\"17 Comit\u00e9 de Crisis\" data-image-description=\"\" data-image-caption=\"\" data-large-file=\"https:\/\/www.hoymercedes.com.ar\/principal\/wp-content\/uploads\/2020\/12\/17-Comite-de-Crisis.jpeg\" src=\"https:\/\/www.hoymercedes.com.ar\/principal\/wp-content\/uploads\/2020\/12\/17-Comite-de-Crisis.jpeg\" alt=\"\" class=\"wp-image-121910\"\/><\/figure><\/div>\n\n\n\n<p>En primer lugar, el intendente Ustarroz salud\u00f3 a cada uno de los integrantes del comit\u00e9 \u201cpor haber trabajado con sensatez, unidad, solidaridad y criterio\u201d. &nbsp;<\/p>\n\n\n\n<p>Asimismo, el Dr. Ustarroz destac\u00f3 \u201clo que viene es muy importante, en este a\u00f1o tan dif\u00edcil que nos toc\u00f3 atravesar a todos, ahora vienen las fiestas que es el momento, el espacio del encuentro y podemos celebrarlos junto a nuestros seres queridos, pero debemos hacerlo con mucha responsabilidad, compromiso y apelando siempre al cuidado personal y de nuestro pr\u00f3jimo\u201d. &nbsp;<\/p>\n\n\n\n<p><strong>Prevenci\u00f3n &nbsp;<\/strong><\/p>\n\n\n\n<p>En este sentido, el intendente Ustarroz manifest\u00f3 \u201ces posible que haya un rebrote de casos en alg\u00fan momento, y todo depender\u00e1 que el mismo sea mayor o menor, en funci\u00f3n de la conducta individual y social que cada uno de nosotros asumamos\u201d y apunt\u00f3 \u201cnos cost\u00f3 much\u00edsimo ir recuperando cada una de las actividades que fueron cerradas, por apelamos a la responsabilidad para no perder esas actividades que se fueron abriendo\u201d. &nbsp;<\/p>\n\n\n\n<p><strong>Compromiso &nbsp;<\/strong><\/p>\n\n\n\n<p>A su vez, el intendente Ustarroz subray\u00f3 \u201cpor eso es muy importante, m\u00e1s all\u00e1 del rol del Estado, el compromiso del ciudadano\u201d y a\u00f1adi\u00f3 \u201ces el deseo de este comit\u00e9 que la gente pueda encontrarse, celebrar las fiestas, pero con responsabilidad y solidaridad\u201d. &nbsp;<\/p>\n\n\n\n<p>\u201cTenemos una gran esperanza y optimismo puesta en la vacuna, pero no es una soluci\u00f3n ni m\u00e1gica, ni inmediata, lo m\u00e1s importante que a\u00fan seguimos teniendo es el compromiso y la responsabilidad ciudadana y de toda una comunidad que establece como prioridad la salud, ni perder nada de lo logrado hasta aqu\u00ed, plante\u00e1ndose como desaf\u00edo recuperar lo que falta, felices fiestas para todos los mercedinos y much\u00edsimas gracias por todo el acompa\u00f1amiento en durante este a\u00f1o tan dif\u00edcil\u201d declar\u00f3 el intendente Juan Ignacio Ustarroz. &nbsp;<\/p>\n\n\n\n<p><strong>Comit\u00e9 &nbsp;<\/strong><\/p>\n\n\n\n<p>El Secretario de Salud municipal, N\u00e9stor Pisapia se\u00f1al\u00f3 \u201cgran parte del resultado de lo que pas\u00f3 en la pandemia en estos 9 meses en nuestra ciudad, forma parte del funcionamiento de este comit\u00e9\u201d y agreg\u00f3 \u201cuna parte importante es la conciencia ciudadana, donde en estos momentos, donde vienen situaciones de grandes reuniones, fin de a\u00f1o, donde la gente se quiere reunir, done hay mucho movimiento, debemos tener conciencia, por eso es muy importante cuidarse los d\u00edas previos a las reuniones\u201d. &nbsp;<\/p>\n\n\n\n<p>\u201cLa pandemia no pas\u00f3, el virus seguir\u00e1 entre nosotros, por eso debemos tomar conciencia y cuidarnos entre todos, a nuestros adultos mayores, a las personas que tienen factores de riesgo, si nos cuidamos, cuidamos al pr\u00f3jimo\u201d remarc\u00f3 Pisapia. &nbsp;<\/p>\n\n\n\n<p><strong>Trabajo &nbsp;<\/strong><\/p>\n\n\n\n<p>Por su parte, el director del hospital Dubarry, Pablo Cassiani dijo \u201cla verdad que ha sido un trabajo enorme que ha desarrollado este conjunto de vecinos de nuestra ciudad, cada uno con representatividad particular. La verdad que el esfuerzo que hemos hecho durante el a\u00f1o se ha visto, administrando la pandemia en nuestra ciudad\u201d. &nbsp;<\/p>\n\n\n\n<p>Asimismo, Cassiani recalc\u00f3 \u201cel cuidado que demos tener antes de las fiestas, es muy importante lo que desarrollemos en nuestra vida particular, que tendr\u00e1 una repercusi\u00f3n en la posibilidad del contagio en s\u00ed, tanto en la noche buena como en el a\u00f1o nuevo\u201d. &nbsp;<\/p>\n\n\n\n<p><strong>Satisfacci\u00f3n &nbsp;<\/strong><\/p>\n\n\n\n<p>Jos\u00e9 Mar\u00eda \u201cSes\u00f3n\u201d Comesa\u00f1a, concejal de nuestra ciudad, indic\u00f3 \u201ceste comit\u00e9 la verdad que se ha manejado muy bien, ha sido de mucha utilidad para la poblaci\u00f3n\u201d y declar\u00f3 \u201ca no confiarnos, se vienen \u00e9pocas de reuniones familiares y el descuido en eso puede agravar la situaci\u00f3n\u201d. &nbsp;<\/p>\n\n\n\n<p>El doctor Ra\u00fal \u201cCacho\u201d Laporta, director de la Cl\u00ednica de la ciudad \u201cla pandemia no termin\u00f3, persiste, este no es un virus estacional, est\u00e1 presente, circulando. La ventaja del clima es que podemos ventilar y estar m\u00e1s tiempo al aire libre, con lo cual, si el clima nos acompa\u00f1a, pasar navidad y fin de a\u00f1o al aire libre ser\u00eda ideal. Hay que seguir cuid\u00e1ndonos\u201d. &nbsp;<\/p>\n","protected":false},"excerpt":{"rendered":"<p>Informe Municipal &#8211; El Comit\u00e9 de crisis de nuestra ciudad junto al intendente Juan Ignacio Ustarroz llevaron adelante la \u00faltima &#8230; <a title=\"\u00daltima reuni\u00f3n del Comit\u00e9 de Crisis\" class=\"read-more\" href=\"https:\/\/www.hoymercedes.com.ar\/principal\/2020\/12\/17\/ultima-reunion-del-comite-de-crisis\/\" aria-label=\"Leer m\u00e1s sobre \u00daltima reuni\u00f3n del Comit\u00e9 de Crisis\">Leer m\u00e1s<\/a><\/p>\n","protected":false},"author":1,"featured_media":121910,"comment_status":"closed","ping_status":"open","sticky":false,"template":"","format":"standard","meta":{"_monsterinsights_skip_tracking":false,"_monsterinsights_sitenote_active":false,"_monsterinsights_sitenote_note":"","_monsterinsights_sitenote_category":0,"jetpack_post_was_ever_published":false,"_jetpack_newsletter_access":"","_jetpack_dont_email_post_to_subs":false,"_jetpack_newsletter_tier_id":0,"_jetpack_memberships_contains_paywalled_content":false,"_jetpack_memberships_contains_paid_content":false,"footnotes":"","jetpack_publicize_message":"","jetpack_publicize_feature_enabled":true,"jetpack_social_post_already_shared":true,"jetpack_social_options":{"image_generator_settings":{"template":"highway","default_image_id":0,"font":"","enabled":false},"version":2},"_wpas_customize_per_network":false},"categories":[30],"tags":[],"class_list":["post-121894","post","type-post","status-publish","format-standard","has-post-thumbnail","hentry","category-municipio","generate-columns","tablet-grid-50","mobile-grid-100","grid-parent","grid-50"],"jetpack_publicize_connections":[],"jetpack_featured_media_url":"https:\/\/www.hoymercedes.com.ar\/principal\/wp-content\/uploads\/2020\/12\/17-Comite-de-Crisis.jpeg","wps_subtitle":"En vista al verano","jetpack_sharing_enabled":true,"_links":{"self":[{"href":"https:\/\/www.hoymercedes.com.ar\/principal\/wp-json\/wp\/v2\/posts\/121894","targetHints":{"allow":["GET"]}}],"collection":[{"href":"https:\/\/www.hoymercedes.com.ar\/principal\/wp-json\/wp\/v2\/posts"}],"about":[{"href":"https:\/\/www.hoymercedes.com.ar\/principal\/wp-json\/wp\/v2\/types\/post"}],"author":[{"embeddable":true,"href":"https:\/\/www.hoymercedes.com.ar\/principal\/wp-json\/wp\/v2\/users\/1"}],"replies":[{"embeddable":true,"href":"https:\/\/www.hoymercedes.com.ar\/principal\/wp-json\/wp\/v2\/comments?post=121894"}],"version-history":[{"count":0,"href":"https:\/\/www.hoymercedes.com.ar\/principal\/wp-json\/wp\/v2\/posts\/121894\/revisions"}],"wp:featuredmedia":[{"embeddable":true,"href":"https:\/\/www.hoymercedes.com.ar\/principal\/wp-json\/wp\/v2\/media\/121910"}],"wp:attachment":[{"href":"https:\/\/www.hoymercedes.com.ar\/principal\/wp-json\/wp\/v2\/media?parent=121894"}],"wp:term":[{"taxonomy":"category","embeddable":true,"href":"https:\/\/www.hoymercedes.com.ar\/principal\/wp-json\/wp\/v2\/categories?post=121894"},{"taxonomy":"post_tag","embeddable":true,"href":"https:\/\/www.hoymercedes.com.ar\/principal\/wp-json\/wp\/v2\/tags?post=121894"}],"curies":[{"name":"wp","href":"https:\/\/api.w.org\/{rel}","templated":true}]}}