{"id":121913,"date":"2020-12-17T17:18:54","date_gmt":"2020-12-17T20:18:54","guid":{"rendered":"http:\/\/www.hoymercedes.com.ar\/principal\/?p=121913"},"modified":"2020-12-17T20:03:02","modified_gmt":"2020-12-17T23:03:02","slug":"tras-gestiones-se-logra-importante-subsidio-para-colegio-san-luis-gonzaga","status":"publish","type":"post","link":"https:\/\/www.hoymercedes.com.ar\/principal\/2020\/12\/17\/tras-gestiones-se-logra-importante-subsidio-para-colegio-san-luis-gonzaga\/","title":{"rendered":"Tras gestiones se logra importante subsidio para Colegio San Lu\u00eds Gonzaga"},"content":{"rendered":"\n<figure class=\"wp-block-embed is-type-video is-provider-youtube wp-block-embed-youtube wp-embed-aspect-16-9 wp-has-aspect-ratio\"><div class=\"wp-block-embed__wrapper\">\n<span class=\"embed-youtube\" style=\"text-align:center; display: block;\"><iframe loading=\"lazy\" class=\"youtube-player\" width=\"1200\" height=\"675\" src=\"https:\/\/www.youtube.com\/embed\/flNEKRGXMg0?version=3&#038;rel=1&#038;showsearch=0&#038;showinfo=1&#038;iv_load_policy=1&#038;fs=1&#038;hl=es-ES&#038;autohide=2&#038;wmode=transparent\" allowfullscreen=\"true\" style=\"border:0;\" sandbox=\"allow-scripts allow-same-origin allow-popups allow-presentation allow-popups-to-escape-sandbox\"><\/iframe><\/span>\n<\/div><\/figure>\n\n\n\n<p>Su Propietaria, Silvia Cecco cont\u00f3 \u201ccuando me enter\u00e9 de esta subvenci\u00f3n me llor\u00e9 todo, la verdad que estoy muy feliz fue una alegr\u00eda inmensa\u201d. El intendente municipal Juan Ignacio Ustarroz, junto a los inspectores de DIEGEP (Direcci\u00f3n de Educaci\u00f3n de Gesti\u00f3n Privada) y las autoridades del colegio San Luis Gonzaga, firmaron la notificaci\u00f3n de la resoluci\u00f3n donde la Direcci\u00f3n General de Cultura y Educaci\u00f3n le otorga el subsidio del total de la planta org\u00e1nica funcional del jard\u00edn de infantes \u201cEspacios de Amor\u201d y la secundaria. Es decir, el Estado Provincial abonar\u00e1 los salarios de los trabajadores, de ambos ciclos.<\/p>\n\n\n\n<p>Es importante destacar que no es com\u00fan que se concedan este tipo de subsidios, por parte del Estado, a instituciones educativas privadas. La misma es el resultado de una intensa e incesante gesti\u00f3n, tanto del intendente Juan Ignacio Ustarroz, como de los directivos de la entidad. &nbsp;&nbsp;<\/p>\n\n\n\n<p>El intendente Juan Ignacio Ustarroz manifest\u00f3 \u201cla verdad que estamos todos muy felices y contentos, creo que ha sido un logro de una instituci\u00f3n muy reconocida y valorada de nuestra comunidad\u201d.<\/p>\n\n\n\n<p>\u201cEste ha sido el a\u00f1o m\u00e1s dif\u00edcil que nos ha tocado transitar a todos y la verdad que poder finalizar el mismo con un aporte realmente excepcional con un subsidio de un Estado Provincial que escucha, atiende el reclamo -tambi\u00e9n- del sector privado, creo que es muy importante\u201d opin\u00f3 el Dr. Ustarroz y agreg\u00f3 \u201cquiero agradecer a la Ministra de Educaci\u00f3n, Agustina Vila, al gobernador, Axel Kicillof con quien pudimos hablar de este tema, como de otros temas de educaci\u00f3n de la ciudad y a todo el sistema educativo que ha dado sobradas muestras de capacidad, gesti\u00f3n, trabajo y vocaci\u00f3n de servicio en estos tiempos dif\u00edciles\u201d.<\/p>\n\n\n\n<p>Asimismo, el intendente Ustarroz declar\u00f3 \u201ccreo que hay un gran trabajo de una gran cantidad de gente, donde entre todos hemos logrado esto que es realmente muy importante. Siempre que hay inversi\u00f3n en educaci\u00f3n, se hace en post del futuro y de una ciudad mejor\u201d y subray\u00f3 \u201clo que viene, creemos que es una sociedad m\u00e1s integrada, m\u00e1s unida, trabajando por lo importante, pensando en las pr\u00f3ximas generaciones\u201d. \u00a0\u00a0\u00a0<\/p>\n\n\n\n<figure class=\"wp-block-image size-large\"><img loading=\"lazy\" decoding=\"async\" width=\"1315\" height=\"626\" data-attachment-id=\"121915\" data-permalink=\"https:\/\/www.hoymercedes.com.ar\/principal\/2020\/12\/17\/tras-gestiones-se-logra-importante-subsidio-para-colegio-san-luis-gonzaga\/dsc02428\/#main\" data-orig-file=\"https:\/\/www.hoymercedes.com.ar\/principal\/wp-content\/uploads\/2020\/12\/DSC02428.jpg\" data-orig-size=\"1315,626\" data-comments-opened=\"0\" data-image-meta=\"{&quot;aperture&quot;:&quot;0&quot;,&quot;credit&quot;:&quot;&quot;,&quot;camera&quot;:&quot;&quot;,&quot;caption&quot;:&quot;&quot;,&quot;created_timestamp&quot;:&quot;0&quot;,&quot;copyright&quot;:&quot;&quot;,&quot;focal_length&quot;:&quot;0&quot;,&quot;iso&quot;:&quot;0&quot;,&quot;shutter_speed&quot;:&quot;0&quot;,&quot;title&quot;:&quot;&quot;,&quot;orientation&quot;:&quot;0&quot;}\" data-image-title=\"DSC02428\" data-image-description=\"\" data-image-caption=\"\" data-large-file=\"https:\/\/www.hoymercedes.com.ar\/principal\/wp-content\/uploads\/2020\/12\/DSC02428.jpg\" src=\"https:\/\/www.hoymercedes.com.ar\/principal\/wp-content\/uploads\/2020\/12\/DSC02428.jpg\" alt=\"\" class=\"wp-image-121915\"\/><\/figure>\n\n\n\n<p>Jos\u00e9 Pisano presidente del Consejo Escolar expres\u00f3 \u201cestamos contentos porque llegamos a finalizar una gesti\u00f3n que encabez\u00f3 el intendente Ustarroz a principios de este a\u00f1o que tiene que ver con la generaci\u00f3n del subsidio por parte del Gobierno Provincial a la Escuela San Luis en su secundaria y al Jard\u00edn \u201cEspacio de Amor\u201d, mismo que se hace en un marco de amplitud en la inversi\u00f3n en educaci\u00f3n que est\u00e1 haciendo el Gobierno Provincial\u201d.<\/p>\n\n\n\n<p>\u201cLa verdad que estamos muy contentos de poder acompa\u00f1ar a una escuela que tiene una tradici\u00f3n y que necesitaba un refuerzo del Estado para poder garantizar la continuidad del trabajo de sus docentes y la educaci\u00f3n de todos sus estudiantes\u201d destac\u00f3 Pisano.<\/p>\n\n\n\n<p>La Lic. Mar\u00eda Alejandra Guti\u00e9rrez Inspectora Jefa Regional DIEGEP \u201ces hist\u00f3rico, por lo general no se reciben este tipo de aportes, en el caso de San Luis Gonzaga lo estamos consiguiendo y se ha logrado este sue\u00f1o despu\u00e9s de muchos a\u00f1os\u201d.<\/p>\n\n\n\n<p>Su Propietaria, Silvia Cecco cont\u00f3 \u201ccuando me enter\u00e9 de esta subvenci\u00f3n me llor\u00e9 todo, la verdad que estoy muy feliz fue una alegr\u00eda inmensa\u201d y agradeci\u00f3 \u201cal intendente Ustarroz, a Jos\u00e9 Pisano, al ministro del interior \u201cWado\u201d De Pedro y a todos los que hicieron posible esta subvenci\u00f3n\u201d.<\/p>\n\n\n\n<p>Por su parte, el Director Nivel Secundario, el Prof. Silvio Erramuspe dijo \u201ces una alegr\u00eda enorme, esto nos permite proyectar el futuro, donde vamos a necesitar 12 docentes m\u00e1s, o sea que significa y crea m\u00e1s trabajo\u201d.<\/p>\n\n\n\n<p>Secretaria Jefatura Regional DIEGEP la Dra. M\u00f3nica Mart\u00ednez agradeci\u00f3 \u201cal Estado municipal por el acompa\u00f1amiento y la gesti\u00f3n, al Gobierno Provincial por esta subvenci\u00f3n, que muy bien se ha dicho es hist\u00f3rica, a los directivos del establecimiento, a la Sra. Directora de Educaci\u00f3n de Gesti\u00f3n Privada de La Plata, la Prof. Marcela Cabadas y a todos que de una manera u otra fueron parte de este gran trabajo\u201d.\u00a0<\/p>\n\n\n\n<p>Info: Coordinaci\u00f3n educativa. <\/p>\n","protected":false},"excerpt":{"rendered":"<p>Su Propietaria, Silvia Cecco cont\u00f3 \u201ccuando me enter\u00e9 de esta subvenci\u00f3n me llor\u00e9 todo, la verdad que estoy muy feliz &#8230; <a title=\"Tras gestiones se logra importante subsidio para Colegio San Lu\u00eds Gonzaga\" class=\"read-more\" href=\"https:\/\/www.hoymercedes.com.ar\/principal\/2020\/12\/17\/tras-gestiones-se-logra-importante-subsidio-para-colegio-san-luis-gonzaga\/\" aria-label=\"Leer m\u00e1s sobre Tras gestiones se logra importante subsidio para Colegio San Lu\u00eds Gonzaga\">Leer m\u00e1s<\/a><\/p>\n","protected":false},"author":1,"featured_media":121915,"comment_status":"closed","ping_status":"open","sticky":false,"template":"","format":"standard","meta":{"_monsterinsights_skip_tracking":false,"_monsterinsights_sitenote_active":false,"_monsterinsights_sitenote_note":"","_monsterinsights_sitenote_category":0,"jetpack_post_was_ever_published":false,"_jetpack_newsletter_access":"","_jetpack_dont_email_post_to_subs":false,"_jetpack_newsletter_tier_id":0,"_jetpack_memberships_contains_paywalled_content":false,"_jetpack_memberships_contains_paid_content":false,"footnotes":"","jetpack_publicize_message":"","jetpack_publicize_feature_enabled":true,"jetpack_social_post_already_shared":true,"jetpack_social_options":{"image_generator_settings":{"template":"highway","default_image_id":0,"font":"","enabled":false},"version":2},"_wpas_customize_per_network":false},"categories":[23],"tags":[16581,17369],"class_list":["post-121913","post","type-post","status-publish","format-standard","has-post-thumbnail","hentry","category-educacion","tag-kicillof","tag-san-luis-gonzaga","generate-columns","tablet-grid-50","mobile-grid-100","grid-parent","grid-50"],"jetpack_publicize_connections":[],"jetpack_featured_media_url":"https:\/\/www.hoymercedes.com.ar\/principal\/wp-content\/uploads\/2020\/12\/DSC02428.jpg","wps_subtitle":"Ayuda econ\u00f3mica","jetpack_sharing_enabled":true,"_links":{"self":[{"href":"https:\/\/www.hoymercedes.com.ar\/principal\/wp-json\/wp\/v2\/posts\/121913","targetHints":{"allow":["GET"]}}],"collection":[{"href":"https:\/\/www.hoymercedes.com.ar\/principal\/wp-json\/wp\/v2\/posts"}],"about":[{"href":"https:\/\/www.hoymercedes.com.ar\/principal\/wp-json\/wp\/v2\/types\/post"}],"author":[{"embeddable":true,"href":"https:\/\/www.hoymercedes.com.ar\/principal\/wp-json\/wp\/v2\/users\/1"}],"replies":[{"embeddable":true,"href":"https:\/\/www.hoymercedes.com.ar\/principal\/wp-json\/wp\/v2\/comments?post=121913"}],"version-history":[{"count":0,"href":"https:\/\/www.hoymercedes.com.ar\/principal\/wp-json\/wp\/v2\/posts\/121913\/revisions"}],"wp:featuredmedia":[{"embeddable":true,"href":"https:\/\/www.hoymercedes.com.ar\/principal\/wp-json\/wp\/v2\/media\/121915"}],"wp:attachment":[{"href":"https:\/\/www.hoymercedes.com.ar\/principal\/wp-json\/wp\/v2\/media?parent=121913"}],"wp:term":[{"taxonomy":"category","embeddable":true,"href":"https:\/\/www.hoymercedes.com.ar\/principal\/wp-json\/wp\/v2\/categories?post=121913"},{"taxonomy":"post_tag","embeddable":true,"href":"https:\/\/www.hoymercedes.com.ar\/principal\/wp-json\/wp\/v2\/tags?post=121913"}],"curies":[{"name":"wp","href":"https:\/\/api.w.org\/{rel}","templated":true}]}}