{"id":121967,"date":"2020-12-18T19:12:00","date_gmt":"2020-12-18T22:12:00","guid":{"rendered":"http:\/\/www.hoymercedes.com.ar\/principal\/?p=121967"},"modified":"2020-12-18T18:39:32","modified_gmt":"2020-12-18T21:39:32","slug":"detienen-en-mercedes-a-imputado-de-abuso-sexual","status":"publish","type":"post","link":"https:\/\/www.hoymercedes.com.ar\/principal\/2020\/12\/18\/detienen-en-mercedes-a-imputado-de-abuso-sexual\/","title":{"rendered":"Detienen en Mercedes a imputado de abuso sexual"},"content":{"rendered":"\n<p>El imputado, un sujeto&nbsp; de 65 a\u00f1os de edad, se aprovech\u00f3 de su condici\u00f3n de vecino y aparent\u00f3&nbsp; proveer consejos como \u00abcurandero\u00bb a la familia de la v\u00edctima, para cometer el il\u00edcito. La v\u00edctima es menor de edad de San Andr\u00e9s de Giles. <\/p>\n\n\n\n<hr class=\"wp-block-separator is-style-wide\"\/>\n\n\n\n<p>A fines del mes de octubre se realiz\u00f3 una denuncia en la comisar\u00eda de San Andr\u00e9s de Giles dando cuenta de que una menor de edad hab\u00eda sido abusada por un hombre mayor de edad en la mencionada localidad. La misma recay\u00f3 en la Unidad Funcional de Instrucci\u00f3n y Juicio N\u00ba 4.<\/p>\n\n\n\n<p>Luego de que se llevar\u00e1 a cabo la entrevista psicol\u00f3gica con la menor, a mediados del mes de noviembre, y se recabaran una serie de elementos, el fiscal solicit\u00f3 por ante el Juzgado de Garant\u00edas N\u00ba 2 una orden de detenci\u00f3n para el sujeto.<\/p>\n\n\n\n<p>Esta fue otorgada, y se logr\u00f3 efectivizar este mi\u00e9rcoles 16 del corriente en la ciudad de Mercedes, lugar donde se ten\u00eda conocimiento que se podr\u00eda encontrar desde hac\u00eda un tiempo.<\/p>\n\n\n\n<p>Se trata de un sujeto&nbsp; de 65 a\u00f1os de edad, quien se aprovech\u00f3 de su condici\u00f3n de vecino y aparent\u00f3&nbsp; proveer consejos como \u00abcurandero\u00bb a la familia de la v\u00edctima, para cometer el il\u00edcito.<\/p>\n\n\n\n<p>Por el delito de \u201cAbuso sexual agravado\u201d, compareci\u00f3 ante el agente fiscal a cargo el marco de la audiencia de declaraci\u00f3n en los t\u00e9rminos del art. 308 del C\u00f3digo Procesal Penal en la jornada de este jueves.<\/p>\n\n\n\n<p>Fuente: Ministerio P\u00fablico Fiscal &#8211; Depto Judicial Mercedes<\/p>\n","protected":false},"excerpt":{"rendered":"<p>El imputado, un sujeto&nbsp; de 65 a\u00f1os de edad, se aprovech\u00f3 de su condici\u00f3n de vecino y aparent\u00f3&nbsp; proveer consejos &#8230; <a title=\"Detienen en Mercedes a imputado de abuso sexual\" class=\"read-more\" href=\"https:\/\/www.hoymercedes.com.ar\/principal\/2020\/12\/18\/detienen-en-mercedes-a-imputado-de-abuso-sexual\/\" aria-label=\"Leer m\u00e1s sobre Detienen en Mercedes a imputado de abuso sexual\">Leer m\u00e1s<\/a><\/p>\n","protected":false},"author":1,"featured_media":121984,"comment_status":"closed","ping_status":"open","sticky":false,"template":"","format":"standard","meta":{"_monsterinsights_skip_tracking":false,"_monsterinsights_sitenote_active":false,"_monsterinsights_sitenote_note":"","_monsterinsights_sitenote_category":0,"jetpack_post_was_ever_published":false,"_jetpack_newsletter_access":"","_jetpack_dont_email_post_to_subs":false,"_jetpack_newsletter_tier_id":0,"_jetpack_memberships_contains_paywalled_content":false,"_jetpack_memberships_contains_paid_content":false,"footnotes":"","jetpack_publicize_message":"","jetpack_publicize_feature_enabled":true,"jetpack_social_post_already_shared":true,"jetpack_social_options":{"image_generator_settings":{"template":"highway","default_image_id":0,"font":"","enabled":false},"version":2},"_wpas_customize_per_network":false},"categories":[85],"tags":[6728,96,2123],"class_list":["post-121967","post","type-post","status-publish","format-standard","has-post-thumbnail","hentry","category-policial","tag-detenido","tag-policial-2","tag-san-andres-de-giles","generate-columns","tablet-grid-50","mobile-grid-100","grid-parent","grid-50"],"jetpack_publicize_connections":[],"jetpack_featured_media_url":"https:\/\/www.hoymercedes.com.ar\/principal\/wp-content\/uploads\/2020\/12\/19-Detenido-Giles.jpg","wps_subtitle":"El hecho ocurri\u00f3 en San Andr\u00e9s de Giles","jetpack_sharing_enabled":true,"_links":{"self":[{"href":"https:\/\/www.hoymercedes.com.ar\/principal\/wp-json\/wp\/v2\/posts\/121967","targetHints":{"allow":["GET"]}}],"collection":[{"href":"https:\/\/www.hoymercedes.com.ar\/principal\/wp-json\/wp\/v2\/posts"}],"about":[{"href":"https:\/\/www.hoymercedes.com.ar\/principal\/wp-json\/wp\/v2\/types\/post"}],"author":[{"embeddable":true,"href":"https:\/\/www.hoymercedes.com.ar\/principal\/wp-json\/wp\/v2\/users\/1"}],"replies":[{"embeddable":true,"href":"https:\/\/www.hoymercedes.com.ar\/principal\/wp-json\/wp\/v2\/comments?post=121967"}],"version-history":[{"count":0,"href":"https:\/\/www.hoymercedes.com.ar\/principal\/wp-json\/wp\/v2\/posts\/121967\/revisions"}],"wp:featuredmedia":[{"embeddable":true,"href":"https:\/\/www.hoymercedes.com.ar\/principal\/wp-json\/wp\/v2\/media\/121984"}],"wp:attachment":[{"href":"https:\/\/www.hoymercedes.com.ar\/principal\/wp-json\/wp\/v2\/media?parent=121967"}],"wp:term":[{"taxonomy":"category","embeddable":true,"href":"https:\/\/www.hoymercedes.com.ar\/principal\/wp-json\/wp\/v2\/categories?post=121967"},{"taxonomy":"post_tag","embeddable":true,"href":"https:\/\/www.hoymercedes.com.ar\/principal\/wp-json\/wp\/v2\/tags?post=121967"}],"curies":[{"name":"wp","href":"https:\/\/api.w.org\/{rel}","templated":true}]}}