{"id":121969,"date":"2020-12-18T09:15:00","date_gmt":"2020-12-18T12:15:00","guid":{"rendered":"http:\/\/www.hoymercedes.com.ar\/principal\/?p=121969"},"modified":"2020-12-18T17:23:32","modified_gmt":"2020-12-18T20:23:32","slug":"obra-publica-trabajos-en-la-61-de-10-a-16","status":"publish","type":"post","link":"https:\/\/www.hoymercedes.com.ar\/principal\/2020\/12\/18\/obra-publica-trabajos-en-la-61-de-10-a-16\/","title":{"rendered":"Obra p\u00fablica: trabajos en la 61 de 10 a 16"},"content":{"rendered":"\n<p>Informe Municipal &#8211; La Municipalidad de Mercedes sigue adelante con su plan de pavimentaci\u00f3n en los barrios de la ciudad y en estos d\u00edas se hacen notorios los trabajos que se concretan en las calles 16 y 61 y sus adyacencias. \u00a0<\/p>\n\n\n\n<p>En esta semana se est\u00e1 realizando levantamiento de suelo de desmonte en la calle 16 entre 59 y 61 y en calle 61 entre 16 y 10. Se lleva a cabo el mejoramiento de suelo de sub rasante con suelo cal y la colocaci\u00f3n de tosca para paquete estructural de suelo cal de 15 cent\u00edmetros y a\u00f1adiendo 15 cent\u00edmetros m\u00e1s de tosca para paquete estructural de suelo cemento. &nbsp;<\/p>\n\n\n\n<p>El jefe comunal, Juan I. Ustarroz, agradeci\u00f3 \u201cal gobierno nacional por el apoyo que nos da y al ministro Wado de Pedro, que impulsa contantemente acciones para el crecimiento y avance de nuestro pueblo, facilitando gestiones y la implementaci\u00f3n de programas\u201d destac\u00f3 el intendente y remarc\u00f3 que \u201csabemos que estas obras son muy importante para los barrios, los accesos m\u00e1s seguros y que falta siempre un poquito m\u00e1s en otros lugares, pero la planificaci\u00f3n y la organizaci\u00f3n nos permite cada d\u00eda llegar m\u00e1s y mejor a los distintos barrios\u201d, afirm\u00f3, entre otros conceptos. \u00a0<\/p>\n\n\n\n<p>\u201cAdem\u00e1s de ello estamos realizando una obra pluvial importante en la zona con la colocaci\u00f3n de un conducto pluvial en la calle 61 entre la calle 16 y calle 10 que tiene como finalidad el desagotar todas las aguas que vienen por la calle 61 bis, calle 61 y calle 10\u201d, explic\u00f3 en detalles el presidente del Concejo Deliberante Mat\u00edas Dematei, quien estuvo recorriendo la obra. &nbsp;<\/p>\n\n\n\n<p>Dematei tambi\u00e9n destac\u00f3 los beneficios que dejar\u00e1 esta obra en la transitabilidad de la zona. \u201cSe va a formar un circuito importante que va a beneficiar a los vecinos que se trasladen por la zona. Por la 16 vas a tener pavimento y doblar para la 10 va a generar descompresi\u00f3n sobre esta calle que est\u00e1 siempre muy transitada\u201d, cont\u00f3 el presidente del Concejo. &nbsp;<\/p>\n","protected":false},"excerpt":{"rendered":"<p>Informe Municipal &#8211; La Municipalidad de Mercedes sigue adelante con su plan de pavimentaci\u00f3n en los barrios de la ciudad &#8230; <a title=\"Obra p\u00fablica: trabajos en la 61 de 10 a 16\" class=\"read-more\" href=\"https:\/\/www.hoymercedes.com.ar\/principal\/2020\/12\/18\/obra-publica-trabajos-en-la-61-de-10-a-16\/\" aria-label=\"Leer m\u00e1s sobre Obra p\u00fablica: trabajos en la 61 de 10 a 16\">Leer m\u00e1s<\/a><\/p>\n","protected":false},"author":1,"featured_media":121970,"comment_status":"closed","ping_status":"open","sticky":false,"template":"","format":"standard","meta":{"_monsterinsights_skip_tracking":false,"_monsterinsights_sitenote_active":false,"_monsterinsights_sitenote_note":"","_monsterinsights_sitenote_category":0,"jetpack_post_was_ever_published":false,"_jetpack_newsletter_access":"","_jetpack_dont_email_post_to_subs":false,"_jetpack_newsletter_tier_id":0,"_jetpack_memberships_contains_paywalled_content":false,"_jetpack_memberships_contains_paid_content":false,"footnotes":"","jetpack_publicize_message":"","jetpack_publicize_feature_enabled":true,"jetpack_social_post_already_shared":true,"jetpack_social_options":{"image_generator_settings":{"template":"highway","default_image_id":0,"font":"","enabled":false},"version":2},"_wpas_customize_per_network":false},"categories":[30],"tags":[244,5947,8628],"class_list":["post-121969","post","type-post","status-publish","format-standard","has-post-thumbnail","hentry","category-municipio","tag-municipio-2","tag-obras-publicas","tag-servicios-publicos","generate-columns","tablet-grid-50","mobile-grid-100","grid-parent","grid-50"],"jetpack_publicize_connections":[],"jetpack_featured_media_url":"https:\/\/www.hoymercedes.com.ar\/principal\/wp-content\/uploads\/2020\/12\/muni-calle-61.jpg","wps_subtitle":"Informaci\u00f3n Municipal","jetpack_sharing_enabled":true,"_links":{"self":[{"href":"https:\/\/www.hoymercedes.com.ar\/principal\/wp-json\/wp\/v2\/posts\/121969","targetHints":{"allow":["GET"]}}],"collection":[{"href":"https:\/\/www.hoymercedes.com.ar\/principal\/wp-json\/wp\/v2\/posts"}],"about":[{"href":"https:\/\/www.hoymercedes.com.ar\/principal\/wp-json\/wp\/v2\/types\/post"}],"author":[{"embeddable":true,"href":"https:\/\/www.hoymercedes.com.ar\/principal\/wp-json\/wp\/v2\/users\/1"}],"replies":[{"embeddable":true,"href":"https:\/\/www.hoymercedes.com.ar\/principal\/wp-json\/wp\/v2\/comments?post=121969"}],"version-history":[{"count":0,"href":"https:\/\/www.hoymercedes.com.ar\/principal\/wp-json\/wp\/v2\/posts\/121969\/revisions"}],"wp:featuredmedia":[{"embeddable":true,"href":"https:\/\/www.hoymercedes.com.ar\/principal\/wp-json\/wp\/v2\/media\/121970"}],"wp:attachment":[{"href":"https:\/\/www.hoymercedes.com.ar\/principal\/wp-json\/wp\/v2\/media?parent=121969"}],"wp:term":[{"taxonomy":"category","embeddable":true,"href":"https:\/\/www.hoymercedes.com.ar\/principal\/wp-json\/wp\/v2\/categories?post=121969"},{"taxonomy":"post_tag","embeddable":true,"href":"https:\/\/www.hoymercedes.com.ar\/principal\/wp-json\/wp\/v2\/tags?post=121969"}],"curies":[{"name":"wp","href":"https:\/\/api.w.org\/{rel}","templated":true}]}}