{"id":122004,"date":"2020-12-18T20:33:42","date_gmt":"2020-12-18T23:33:42","guid":{"rendered":"http:\/\/www.hoymercedes.com.ar\/principal\/?p=122004"},"modified":"2020-12-19T11:56:43","modified_gmt":"2020-12-19T14:56:43","slug":"thelma-battista-gano-el-premio-mujer-empresaria-bonaerense-2020","status":"publish","type":"post","link":"https:\/\/www.hoymercedes.com.ar\/principal\/2020\/12\/18\/thelma-battista-gano-el-premio-mujer-empresaria-bonaerense-2020\/","title":{"rendered":"Thelma Battista gan\u00f3 el Premio Mujer Empresaria Bonaerense 2020"},"content":{"rendered":"\n<p>Thelma Battista, titular de Mimo &amp; Co Mercedes gan\u00f3 el premio a la Mujer Empresaria Bonaerense 2020 en la categor\u00eda Empresa Resiliente. Thelma sigui\u00f3 los pasos de su madre que hace 75 a\u00f1os abri\u00f3 un negocio de venta de ropa de beb\u00e9s y ni\u00f1os. El nombre del comercio era \u00abThelma\u00bb, un negocio hist\u00f3rico en la calle 25. Con el tiempo, Thelma adquiri\u00f3 la franquicia de Mimo&amp;Co e instal\u00f3 la marca en Mercedes instalando su comercio en la Galer\u00eda Metro. <\/p>\n\n\n\n<p>Durante el a\u00f1o 2020, pandemia de por medio, y cierre de los comercio no escenciales, Thelma con su familia y empleadas debi\u00f3 adaptarse a los nuevos modelos de negocios virtuales. Durante la transmisi\u00f3n  del evento, Thelma sintetiz\u00f3 sus 83 a\u00f1os de vida y sus a\u00f1os de vida comercial al heredar el empuje y emprendimietno de su madre. <\/p>\n\n\n\n<p>El premio lo recibi\u00f3 de manera virtual durante la transmisi\u00f3n v\u00eda streaming en los canales de FEBA . Se anticip\u00f3 que la distinci\u00f3n la entregar\u00e1n de manera personal en una visita de las autoridades de la Federaci\u00f3n a la C\u00e1mara Econ\u00f3mica Mercedina, instituci\u00f3n que acompa\u00f1\u00f3 la postulaci\u00f3n de su socia Thelma Battista. <\/p>\n\n\n\n<div class=\"wp-block-jetpack-slideshow aligncenter\" data-effect=\"slide\"><div class=\"wp-block-jetpack-slideshow_container swiper-container\"><ul class=\"wp-block-jetpack-slideshow_swiper-wrapper swiper-wrapper\"><li class=\"wp-block-jetpack-slideshow_slide swiper-slide\"><figure><img loading=\"lazy\" decoding=\"async\" width=\"800\" height=\"450\" alt=\"\" class=\"wp-block-jetpack-slideshow_image wp-image-122007\" data-id=\"122007\" src=\"https:\/\/www.hoymercedes.com.ar\/principal\/wp-content\/uploads\/2020\/12\/18-thelma-1.png\"\/><\/figure><\/li><li class=\"wp-block-jetpack-slideshow_slide swiper-slide\"><figure><img loading=\"lazy\" decoding=\"async\" width=\"800\" height=\"533\" alt=\"\" class=\"wp-block-jetpack-slideshow_image wp-image-122008\" data-id=\"122008\" src=\"https:\/\/www.hoymercedes.com.ar\/principal\/wp-content\/uploads\/2020\/12\/18-thelma-2.png\"\/><\/figure><\/li><li class=\"wp-block-jetpack-slideshow_slide swiper-slide\"><figure><img loading=\"lazy\" decoding=\"async\" width=\"800\" height=\"533\" alt=\"\" class=\"wp-block-jetpack-slideshow_image wp-image-122009\" data-id=\"122009\" src=\"https:\/\/www.hoymercedes.com.ar\/principal\/wp-content\/uploads\/2020\/12\/18-thelma-3.png\"\/><\/figure><\/li><li class=\"wp-block-jetpack-slideshow_slide swiper-slide\"><figure><img loading=\"lazy\" decoding=\"async\" width=\"800\" height=\"533\" alt=\"\" class=\"wp-block-jetpack-slideshow_image wp-image-122012\" data-id=\"122012\" src=\"https:\/\/www.hoymercedes.com.ar\/principal\/wp-content\/uploads\/2020\/12\/18-thelma-4.png\"\/><\/figure><\/li><li class=\"wp-block-jetpack-slideshow_slide swiper-slide\"><figure><img loading=\"lazy\" decoding=\"async\" width=\"800\" height=\"533\" alt=\"\" class=\"wp-block-jetpack-slideshow_image wp-image-122006\" data-id=\"122006\" src=\"https:\/\/www.hoymercedes.com.ar\/principal\/wp-content\/uploads\/2020\/12\/18-thelma-0.png\"\/><\/figure><\/li><\/ul><a class=\"wp-block-jetpack-slideshow_button-prev swiper-button-prev swiper-button-white\" role=\"button\"><\/a><a class=\"wp-block-jetpack-slideshow_button-next swiper-button-next swiper-button-white\" role=\"button\"><\/a><a aria-label=\"Pause Slideshow\" class=\"wp-block-jetpack-slideshow_button-pause\" role=\"button\"><\/a><div class=\"wp-block-jetpack-slideshow_pagination swiper-pagination swiper-pagination-white\"><\/div><\/div><\/div>\n","protected":false},"excerpt":{"rendered":"<p>Thelma Battista, titular de Mimo &amp; Co Mercedes gan\u00f3 el premio a la Mujer Empresaria Bonaerense 2020 en la categor\u00eda &#8230; <a title=\"Thelma Battista gan\u00f3 el Premio Mujer Empresaria Bonaerense 2020\" class=\"read-more\" href=\"https:\/\/www.hoymercedes.com.ar\/principal\/2020\/12\/18\/thelma-battista-gano-el-premio-mujer-empresaria-bonaerense-2020\/\" aria-label=\"Leer m\u00e1s sobre Thelma Battista gan\u00f3 el Premio Mujer Empresaria Bonaerense 2020\">Leer m\u00e1s<\/a><\/p>\n","protected":false},"author":1,"featured_media":122006,"comment_status":"closed","ping_status":"open","sticky":false,"template":"","format":"standard","meta":{"_monsterinsights_skip_tracking":false,"_monsterinsights_sitenote_active":false,"_monsterinsights_sitenote_note":"","_monsterinsights_sitenote_category":0,"jetpack_post_was_ever_published":false,"_jetpack_newsletter_access":"","_jetpack_dont_email_post_to_subs":false,"_jetpack_newsletter_tier_id":0,"_jetpack_memberships_contains_paywalled_content":false,"_jetpack_memberships_contains_paid_content":false,"footnotes":"","jetpack_publicize_message":"","jetpack_publicize_feature_enabled":true,"jetpack_social_post_already_shared":true,"jetpack_social_options":{"image_generator_settings":{"template":"highway","default_image_id":0,"font":"","enabled":false},"version":2},"_wpas_customize_per_network":false},"categories":[17091],"tags":[267,682,17371,17370],"class_list":["post-122004","post","type-post","status-publish","format-standard","has-post-thumbnail","hentry","category-tie-business","tag-camara-economica-mercedina","tag-cem","tag-mujeres-empresarias-bonaerenses","tag-premios-mefeba","generate-columns","tablet-grid-50","mobile-grid-100","grid-parent","grid-50"],"jetpack_publicize_connections":[],"jetpack_featured_media_url":"https:\/\/www.hoymercedes.com.ar\/principal\/wp-content\/uploads\/2020\/12\/18-thelma-0.png","wps_subtitle":"\u00cdcono del comercio local","jetpack_sharing_enabled":true,"_links":{"self":[{"href":"https:\/\/www.hoymercedes.com.ar\/principal\/wp-json\/wp\/v2\/posts\/122004","targetHints":{"allow":["GET"]}}],"collection":[{"href":"https:\/\/www.hoymercedes.com.ar\/principal\/wp-json\/wp\/v2\/posts"}],"about":[{"href":"https:\/\/www.hoymercedes.com.ar\/principal\/wp-json\/wp\/v2\/types\/post"}],"author":[{"embeddable":true,"href":"https:\/\/www.hoymercedes.com.ar\/principal\/wp-json\/wp\/v2\/users\/1"}],"replies":[{"embeddable":true,"href":"https:\/\/www.hoymercedes.com.ar\/principal\/wp-json\/wp\/v2\/comments?post=122004"}],"version-history":[{"count":0,"href":"https:\/\/www.hoymercedes.com.ar\/principal\/wp-json\/wp\/v2\/posts\/122004\/revisions"}],"wp:featuredmedia":[{"embeddable":true,"href":"https:\/\/www.hoymercedes.com.ar\/principal\/wp-json\/wp\/v2\/media\/122006"}],"wp:attachment":[{"href":"https:\/\/www.hoymercedes.com.ar\/principal\/wp-json\/wp\/v2\/media?parent=122004"}],"wp:term":[{"taxonomy":"category","embeddable":true,"href":"https:\/\/www.hoymercedes.com.ar\/principal\/wp-json\/wp\/v2\/categories?post=122004"},{"taxonomy":"post_tag","embeddable":true,"href":"https:\/\/www.hoymercedes.com.ar\/principal\/wp-json\/wp\/v2\/tags?post=122004"}],"curies":[{"name":"wp","href":"https:\/\/api.w.org\/{rel}","templated":true}]}}