{"id":122060,"date":"2020-12-21T17:04:36","date_gmt":"2020-12-21T20:04:36","guid":{"rendered":"http:\/\/www.hoymercedes.com.ar\/principal\/?p=122060"},"modified":"2020-12-21T20:25:06","modified_gmt":"2020-12-21T23:25:06","slug":"verano-atr-entre-provicina-y-municipio","status":"publish","type":"post","link":"https:\/\/www.hoymercedes.com.ar\/principal\/2020\/12\/21\/verano-atr-entre-provicina-y-municipio\/","title":{"rendered":"Verano ATR entre provincia y municipio"},"content":{"rendered":"\n<p>La Direcci\u00f3n General de Escuela de la provincia de Buenos Aires, har\u00e1 desde el 4 de enero, actividades de recreaci\u00f3n, cuidado del cuerpo y desarrollo de aprendizajes relacionados con los contenidos priorizados para cada a\u00f1o escolar en m\u00e1s de 2.000 clubes y predios deportivos. Desde el Municipio lo llevar\u00e1n adelante en centros comunitarios\u00f1 El t\u00edtulo del programa es Verano ATR. La inscripci\u00f3n es hasta el mi\u00e9rcoles 23 de diciembre. <\/p>\n\n\n\n<div class=\"wp-block-image\"><figure class=\"aligncenter size-large\"><img loading=\"lazy\" decoding=\"async\" width=\"800\" height=\"449\" data-attachment-id=\"122186\" data-permalink=\"https:\/\/www.hoymercedes.com.ar\/principal\/2020\/12\/21\/verano-atr-entre-provicina-y-municipio\/21-verano-atr\/#main\" data-orig-file=\"https:\/\/www.hoymercedes.com.ar\/principal\/wp-content\/uploads\/2020\/12\/21-verano-atr.jpeg\" data-orig-size=\"800,449\" data-comments-opened=\"0\" data-image-meta=\"{&quot;aperture&quot;:&quot;0&quot;,&quot;credit&quot;:&quot;&quot;,&quot;camera&quot;:&quot;&quot;,&quot;caption&quot;:&quot;&quot;,&quot;created_timestamp&quot;:&quot;0&quot;,&quot;copyright&quot;:&quot;&quot;,&quot;focal_length&quot;:&quot;0&quot;,&quot;iso&quot;:&quot;0&quot;,&quot;shutter_speed&quot;:&quot;0&quot;,&quot;title&quot;:&quot;&quot;,&quot;orientation&quot;:&quot;0&quot;}\" data-image-title=\"21 verano atr\" data-image-description=\"\" data-image-caption=\"\" data-large-file=\"https:\/\/www.hoymercedes.com.ar\/principal\/wp-content\/uploads\/2020\/12\/21-verano-atr.jpeg\" src=\"https:\/\/www.hoymercedes.com.ar\/principal\/wp-content\/uploads\/2020\/12\/21-verano-atr.jpeg\" alt=\"\" class=\"wp-image-122186\"\/><\/figure><\/div>\n\n\n\n<p>Entre el 4 y el 29 de enero, el \u00e1rea de educaci\u00f3n llev\u00e1ra a cabo en toda la Provincia<em>\u00a0\u201c<\/em>Verano ATR<em>\u201d<\/em>, para \u201cense\u00f1ar recreando\u201d a partir de actividades que promuevan aprendizajes, el cuidado del cuerpo y la recreaci\u00f3n. Planteado como una continuidad del Programa de Acompa\u00f1amiento a las Trayectorias y la Revinculaci\u00f3n entre estudiantes y escuelas,\u00a0<em>Verano ATR<\/em>\u00a0tiene como destinatarios a m\u00e1s de 300.000 ni\u00f1as, ni\u00f1os y j\u00f3venes de los 135 distritos bonaerenses. Tendr\u00e1 lugar en predios cerrados al aire libre (como clubes, centros deportivos y de recreaci\u00f3n), con protocolos de cuidado y distanciamiento.<\/p>\n\n\n\n<p>El programa se desarrollar\u00e1 en m\u00e1s de 2.000 sedes distribuidas en todo el territorio de la Provincia, gracias a un trabajo conjunto entre el Estado provincial y los municipios. Adem\u00e1s de las din\u00e1micas deportivas y recreativas, llevaremos a cabo actividades de arte, ciencia y otras tem\u00e1ticas enmarcadas en los contenidos priorizados para cada a\u00f1o escolar, seg\u00fan los siguientes ejes tem\u00e1ticos: Lengua y literatura, Ciencias, Matem\u00e1tica y rob\u00f3tica, Cuidado del cuerpo y salud, Deportes y actividades recreativas, Tecnolog\u00eda y Arte.<\/p>\n\n\n\n<p>Por su parte, el Municipio de Mercedes est\u00e1 inscribiendo desde el viernes 18 hasta el mi\u00e9rcoles 23 de diciembre en los Centros Comunitarios de la ciudad. Y a partir del lunes podr\u00e1n hacerlo, adem\u00e1s, en el ex instituto Unzu\u00e9 y La Trocha.<\/p>\n\n\n\n<p>La coordinadora del ProEBA, Florencia Comalini, se\u00f1al\u00f3 \u201cel objetivo principal es ense\u00f1ar recreando a partir de actividades que promuevan el aprendizaje, el cuidado del cuerpo y la recreaci\u00f3n\u201d y apunt\u00f3 \u201clas sedes funcionar\u00e1n en predios cerrados, al aire libre y ser\u00e1n; el parque Municipal (de 09:00 a 12:00); el predio del ex Mart\u00edn Rodr\u00edguez (de 09:00 a 12:00); el ex Instituto Unzu\u00e9 (09:00 a 12:00); Gowland y Aeroclub (09:00 a 12:00 y de 15:00 a 18:00)\u201d.<\/p>\n\n\n\n<p>Las actividades ser\u00e1n de lunes a viernes durante tres horas diarias. En las sedes se organizar\u00e1n grupos de hasta 15 integrantes que estar\u00e1n a cargo de docentes y acompa\u00f1antes pedag\u00f3gicos del programa ATR. Los predios que posean piletas o natatorios, contar\u00e1n tambi\u00e9n con guardavidas. Cada grupo dispondr\u00e1 de un espacio de 120 metros cuadrados para asegurar el distanciamiento.<\/p>\n","protected":false},"excerpt":{"rendered":"<p>La Direcci\u00f3n General de Escuela de la provincia de Buenos Aires, har\u00e1 desde el 4 de enero, actividades de recreaci\u00f3n, &#8230; <a title=\"Verano ATR entre provincia y municipio\" class=\"read-more\" href=\"https:\/\/www.hoymercedes.com.ar\/principal\/2020\/12\/21\/verano-atr-entre-provicina-y-municipio\/\" aria-label=\"Leer m\u00e1s sobre Verano ATR entre provincia y municipio\">Leer m\u00e1s<\/a><\/p>\n","protected":false},"author":1,"featured_media":122186,"comment_status":"closed","ping_status":"open","sticky":false,"template":"","format":"standard","meta":{"_monsterinsights_skip_tracking":false,"_monsterinsights_sitenote_active":false,"_monsterinsights_sitenote_note":"","_monsterinsights_sitenote_category":0,"jetpack_post_was_ever_published":false,"_jetpack_newsletter_access":"","_jetpack_dont_email_post_to_subs":false,"_jetpack_newsletter_tier_id":0,"_jetpack_memberships_contains_paywalled_content":false,"_jetpack_memberships_contains_paid_content":false,"footnotes":"","jetpack_publicize_message":"","jetpack_publicize_feature_enabled":true,"jetpack_social_post_already_shared":true,"jetpack_social_options":{"image_generator_settings":{"template":"highway","default_image_id":0,"font":"","enabled":false},"version":2},"_wpas_customize_per_network":false},"categories":[8881],"tags":[47,244,1803,10456],"class_list":["post-122060","post","type-post","status-publish","format-standard","has-post-thumbnail","hentry","category-provincia","tag-educacion-2","tag-municipio-2","tag-provincia","tag-verano","generate-columns","tablet-grid-50","mobile-grid-100","grid-parent","grid-50"],"jetpack_publicize_connections":[],"jetpack_featured_media_url":"https:\/\/www.hoymercedes.com.ar\/principal\/wp-content\/uploads\/2020\/12\/21-verano-atr.jpeg","wps_subtitle":"Eduaci\u00f3n de verano","jetpack_sharing_enabled":true,"_links":{"self":[{"href":"https:\/\/www.hoymercedes.com.ar\/principal\/wp-json\/wp\/v2\/posts\/122060","targetHints":{"allow":["GET"]}}],"collection":[{"href":"https:\/\/www.hoymercedes.com.ar\/principal\/wp-json\/wp\/v2\/posts"}],"about":[{"href":"https:\/\/www.hoymercedes.com.ar\/principal\/wp-json\/wp\/v2\/types\/post"}],"author":[{"embeddable":true,"href":"https:\/\/www.hoymercedes.com.ar\/principal\/wp-json\/wp\/v2\/users\/1"}],"replies":[{"embeddable":true,"href":"https:\/\/www.hoymercedes.com.ar\/principal\/wp-json\/wp\/v2\/comments?post=122060"}],"version-history":[{"count":0,"href":"https:\/\/www.hoymercedes.com.ar\/principal\/wp-json\/wp\/v2\/posts\/122060\/revisions"}],"wp:featuredmedia":[{"embeddable":true,"href":"https:\/\/www.hoymercedes.com.ar\/principal\/wp-json\/wp\/v2\/media\/122186"}],"wp:attachment":[{"href":"https:\/\/www.hoymercedes.com.ar\/principal\/wp-json\/wp\/v2\/media?parent=122060"}],"wp:term":[{"taxonomy":"category","embeddable":true,"href":"https:\/\/www.hoymercedes.com.ar\/principal\/wp-json\/wp\/v2\/categories?post=122060"},{"taxonomy":"post_tag","embeddable":true,"href":"https:\/\/www.hoymercedes.com.ar\/principal\/wp-json\/wp\/v2\/tags?post=122060"}],"curies":[{"name":"wp","href":"https:\/\/api.w.org\/{rel}","templated":true}]}}