{"id":122106,"date":"2020-12-20T15:58:52","date_gmt":"2020-12-20T18:58:52","guid":{"rendered":"http:\/\/www.hoymercedes.com.ar\/principal\/?p=122106"},"modified":"2020-12-20T20:11:57","modified_gmt":"2020-12-20T23:11:57","slug":"murio-joven-tras-varios-dias-de-estar-grave-luego-de-un-siniestro-vial","status":"publish","type":"post","link":"https:\/\/www.hoymercedes.com.ar\/principal\/2020\/12\/20\/murio-joven-tras-varios-dias-de-estar-grave-luego-de-un-siniestro-vial\/","title":{"rendered":"Muri\u00f3 joven d\u00edas despu\u00e9s de un siniestro vial en estado cr\u00edtico"},"content":{"rendered":"\n<p>Se trata de Blas Nahuel Musso de 24 a\u00f1os, que el 8 de diciembre sufri\u00f3 un siniestro vial al perder el control de la moto en la que circulaba. El hecho ocurri\u00f3 sobre el camino que conecta las rutas Nacional 5 y Provincial 41. <\/p>\n\n\n\n<p>De acuerdo a los primeros datos recogidos tras el siniestro vial, Musso conduc\u00eda una moto marca Gilera, de 100 cc de cilindrada, acompa\u00f1ado por un adolescente de 14 a\u00f1os de edad, tambi\u00e9n domiciliado en Mercedes. Tras dejar la ruta 5 y tomar el camino que conecta con la Ruta Provincial 41, se produjo el despiste de la moto, dejando a los dos ocupantes del rodado en el suelo.<\/p>\n\n\n\n<p>Alertadas las autoridades policiales y sanitarias, se traslad\u00f3 a ambos vecinos al Hospital Dubarry, donde se constat\u00f3 que Musso presentaba heridas de consideraci\u00f3n, debiendo ser intervenido quir\u00fargicamente y mostrando estado delicado. En tanto, el adolescente de 14 a\u00f1os present\u00f3 heridas leves. <\/p>\n\n\n\n<p>En el hecho tom\u00f3 intervenci\u00f3n la Unidad de Instrucci\u00f3n Fiscal 2, del Departamento Judicial Mercedes, a cargo del Dr. Sebasti\u00e1n Villalba. El hecho estaba caratulado como \u201clesiones culposas\u201d \u00a0y ahora debi\u00f3 recaratularla como homicidio culposo.<\/p>\n\n\n\n<p>Imagen: ilustrativa<\/p>\n","protected":false},"excerpt":{"rendered":"<p>Se trata de Blas Nahuel Musso de 24 a\u00f1os, que el 8 de diciembre sufri\u00f3 un siniestro vial al perder &#8230; <a title=\"Muri\u00f3 joven d\u00edas despu\u00e9s de un siniestro vial en estado cr\u00edtico\" class=\"read-more\" href=\"https:\/\/www.hoymercedes.com.ar\/principal\/2020\/12\/20\/murio-joven-tras-varios-dias-de-estar-grave-luego-de-un-siniestro-vial\/\" aria-label=\"Leer m\u00e1s sobre Muri\u00f3 joven d\u00edas despu\u00e9s de un siniestro vial en estado cr\u00edtico\">Leer m\u00e1s<\/a><\/p>\n","protected":false},"author":1,"featured_media":122122,"comment_status":"closed","ping_status":"open","sticky":false,"template":"","format":"standard","meta":{"_monsterinsights_skip_tracking":false,"_monsterinsights_sitenote_active":false,"_monsterinsights_sitenote_note":"","_monsterinsights_sitenote_category":0,"jetpack_post_was_ever_published":false,"_jetpack_newsletter_access":"","_jetpack_dont_email_post_to_subs":false,"_jetpack_newsletter_tier_id":0,"_jetpack_memberships_contains_paywalled_content":false,"_jetpack_memberships_contains_paid_content":false,"footnotes":"","jetpack_publicize_message":"","jetpack_publicize_feature_enabled":true,"jetpack_social_post_already_shared":true,"jetpack_social_options":{"image_generator_settings":{"template":"highway","default_image_id":0,"font":"","enabled":false},"version":2},"_wpas_customize_per_network":false},"categories":[85],"tags":[8777,96,10395],"class_list":["post-122106","post","type-post","status-publish","format-standard","has-post-thumbnail","hentry","category-policial","tag-fallecimiento","tag-policial-2","tag-siniestro-vial","generate-columns","tablet-grid-50","mobile-grid-100","grid-parent","grid-50"],"jetpack_publicize_connections":[],"jetpack_featured_media_url":"https:\/\/www.hoymercedes.com.ar\/principal\/wp-content\/uploads\/2020\/12\/20-ruta.jpg","wps_subtitle":"D\u00edez d\u00edas internado","jetpack_sharing_enabled":true,"_links":{"self":[{"href":"https:\/\/www.hoymercedes.com.ar\/principal\/wp-json\/wp\/v2\/posts\/122106","targetHints":{"allow":["GET"]}}],"collection":[{"href":"https:\/\/www.hoymercedes.com.ar\/principal\/wp-json\/wp\/v2\/posts"}],"about":[{"href":"https:\/\/www.hoymercedes.com.ar\/principal\/wp-json\/wp\/v2\/types\/post"}],"author":[{"embeddable":true,"href":"https:\/\/www.hoymercedes.com.ar\/principal\/wp-json\/wp\/v2\/users\/1"}],"replies":[{"embeddable":true,"href":"https:\/\/www.hoymercedes.com.ar\/principal\/wp-json\/wp\/v2\/comments?post=122106"}],"version-history":[{"count":0,"href":"https:\/\/www.hoymercedes.com.ar\/principal\/wp-json\/wp\/v2\/posts\/122106\/revisions"}],"wp:featuredmedia":[{"embeddable":true,"href":"https:\/\/www.hoymercedes.com.ar\/principal\/wp-json\/wp\/v2\/media\/122122"}],"wp:attachment":[{"href":"https:\/\/www.hoymercedes.com.ar\/principal\/wp-json\/wp\/v2\/media?parent=122106"}],"wp:term":[{"taxonomy":"category","embeddable":true,"href":"https:\/\/www.hoymercedes.com.ar\/principal\/wp-json\/wp\/v2\/categories?post=122106"},{"taxonomy":"post_tag","embeddable":true,"href":"https:\/\/www.hoymercedes.com.ar\/principal\/wp-json\/wp\/v2\/tags?post=122106"}],"curies":[{"name":"wp","href":"https:\/\/api.w.org\/{rel}","templated":true}]}}