{"id":122110,"date":"2020-12-20T08:59:00","date_gmt":"2020-12-20T11:59:00","guid":{"rendered":"http:\/\/www.hoymercedes.com.ar\/principal\/?p=122110"},"modified":"2020-12-20T20:13:24","modified_gmt":"2020-12-20T23:13:24","slug":"vivero-biotecnologico-recibe-donacion-de-parte-de-grupo-espindola","status":"publish","type":"post","link":"https:\/\/www.hoymercedes.com.ar\/principal\/2020\/12\/20\/vivero-biotecnologico-recibe-donacion-de-parte-de-grupo-espindola\/","title":{"rendered":"Vivero Biotecnol\u00f3gico recibe donaci\u00f3n de parte de Grupo Esp\u00edndola"},"content":{"rendered":"\n<p>El Vivero Biotecnol\u00f3gico recibi\u00f3 una donaci\u00f3n de parte del Grupo Esp\u00edndola. En esta ocasi\u00f3n se trat\u00f3 de un centenar de plantas nativas para continuar embelleciendo y forestando la ciudad. En la recepci\u00f3n del donativo estuvieron presente la el sub secretario Luis Ponce, la secretaria Clara Zunino, la responsable del Grupo, Evangelina Esp\u00edndola, el director de espacios verdes Dar\u00edo Taramasco y la concejala Mariana San Mart\u00edn. \u00a0<\/p>\n\n\n\n<div class=\"wp-block-image\"><figure class=\"aligncenter size-large\"><img loading=\"lazy\" decoding=\"async\" width=\"800\" height=\"533\" data-attachment-id=\"122111\" data-permalink=\"https:\/\/www.hoymercedes.com.ar\/principal\/2020\/12\/20\/vivero-biotecnologico-recibe-donacion-de-parte-de-grupo-espindola\/20-vivero-muni-1\/#main\" data-orig-file=\"https:\/\/www.hoymercedes.com.ar\/principal\/wp-content\/uploads\/2020\/12\/20-vivero-muni-1.jpeg\" data-orig-size=\"800,533\" data-comments-opened=\"0\" data-image-meta=\"{&quot;aperture&quot;:&quot;0&quot;,&quot;credit&quot;:&quot;&quot;,&quot;camera&quot;:&quot;&quot;,&quot;caption&quot;:&quot;&quot;,&quot;created_timestamp&quot;:&quot;0&quot;,&quot;copyright&quot;:&quot;&quot;,&quot;focal_length&quot;:&quot;0&quot;,&quot;iso&quot;:&quot;0&quot;,&quot;shutter_speed&quot;:&quot;0&quot;,&quot;title&quot;:&quot;&quot;,&quot;orientation&quot;:&quot;0&quot;}\" data-image-title=\"20 vivero muni 1\" data-image-description=\"\" data-image-caption=\"\" data-large-file=\"https:\/\/www.hoymercedes.com.ar\/principal\/wp-content\/uploads\/2020\/12\/20-vivero-muni-1.jpeg\" src=\"https:\/\/www.hoymercedes.com.ar\/principal\/wp-content\/uploads\/2020\/12\/20-vivero-muni-1.jpeg\" alt=\"\" class=\"wp-image-122111\"\/><\/figure><\/div>\n\n\n\n<p>\u201cEstamos muy agradecidos por este aporte que hace la empresa Merplac del Grupo Esp\u00edndola\u201d afirm\u00f3 Ponce y coment\u00f3 que \u201cpara nosotros es muy importante, porque nos permite seguir construyendo una ciudad ambientalmente sustentable, con bosques como los de los mil d\u00edas, con reforestaci\u00f3n y embellecimiento natural\u201d destac\u00f3 el funcionario y remarc\u00f3 \u201cnuestro vivero biotecnol\u00f3gico crece y estos acompa\u00f1amientos lo hacen avanzar cada d\u00eda m\u00e1s. Estamos muy agradecidos\u201d afirm\u00f3. &nbsp;<\/p>\n\n\n\n<p>El encuentro fue durante la ma\u00f1ana del viernes, en el predio del Vivero, sobre ruta n\u00ba41. All\u00ed Evangelina Esp\u00edndola destac\u00f3 que \u201cestamos agradecidos por poder trabajar en conjunto en beneficio de nuestra ciudad y continuar avanzando en los modelos de cuidado ambiental sustentable\u201d sostuvo la profesional y remarc\u00f3 que \u201cdesde nuestro grupo empresarial entendemos que el encuentro entre lo p\u00fablico y lo privado permite construir una sociedad mejor y es sumamente importante en materia ambiental, porque unimos fuerzas, criterios, creatividades, cuidando el planeta y reafirmando nuestro compromiso desde la responsabilidad social empresaria\u201d destac\u00f3. &nbsp;<\/p>\n\n\n\n<p>Vale recordar que tiempo atr\u00e1s el Grupo tambi\u00e9n efectu\u00f3 una valiosa donaci\u00f3n al hospital Dubarry, como as\u00ed tambi\u00e9n lo ha hecho acompa\u00f1ando a instituciones educativas en Jujuy, donde hay otro de los emprendimientos del Grupo Esp\u00edndola. &nbsp;<\/p>\n\n\n\n<p>Por su parte, la donaci\u00f3n, cont\u00f3 Ponce, ser\u00e1 no bien est\u00e9n dadas las condiciones utilizadas para el espacio p\u00fablico o eventualmente para alguna representaci\u00f3n institucional, pero \u201csin duda le daremos un gran uso, desde nuestro proyecto institucional con un vivero hermoso lleno de vida\u201d destac\u00f3 el funcionario.<\/p>\n\n\n\n<p>Informaci\u00f3n Municipal<\/p>\n","protected":false},"excerpt":{"rendered":"<p>El Vivero Biotecnol\u00f3gico recibi\u00f3 una donaci\u00f3n de parte del Grupo Esp\u00edndola. En esta ocasi\u00f3n se trat\u00f3 de un centenar de &#8230; <a title=\"Vivero Biotecnol\u00f3gico recibe donaci\u00f3n de parte de Grupo Esp\u00edndola\" class=\"read-more\" href=\"https:\/\/www.hoymercedes.com.ar\/principal\/2020\/12\/20\/vivero-biotecnologico-recibe-donacion-de-parte-de-grupo-espindola\/\" aria-label=\"Leer m\u00e1s sobre Vivero Biotecnol\u00f3gico recibe donaci\u00f3n de parte de Grupo Esp\u00edndola\">Leer m\u00e1s<\/a><\/p>\n","protected":false},"author":1,"featured_media":122111,"comment_status":"closed","ping_status":"open","sticky":false,"template":"","format":"standard","meta":{"_monsterinsights_skip_tracking":false,"_monsterinsights_sitenote_active":false,"_monsterinsights_sitenote_note":"","_monsterinsights_sitenote_category":0,"jetpack_post_was_ever_published":false,"_jetpack_newsletter_access":"","_jetpack_dont_email_post_to_subs":false,"_jetpack_newsletter_tier_id":0,"_jetpack_memberships_contains_paywalled_content":false,"_jetpack_memberships_contains_paid_content":false,"footnotes":"","jetpack_publicize_message":"","jetpack_publicize_feature_enabled":true,"jetpack_social_post_already_shared":true,"jetpack_social_options":{"image_generator_settings":{"template":"highway","default_image_id":0,"font":"","enabled":false},"version":2},"_wpas_customize_per_network":false},"categories":[30],"tags":[244,9159,17377],"class_list":["post-122110","post","type-post","status-publish","format-standard","has-post-thumbnail","hentry","category-municipio","tag-municipio-2","tag-rse","tag-vivero-tecnologico","generate-columns","tablet-grid-50","mobile-grid-100","grid-parent","grid-50"],"jetpack_publicize_connections":[],"jetpack_featured_media_url":"https:\/\/www.hoymercedes.com.ar\/principal\/wp-content\/uploads\/2020\/12\/20-vivero-muni-1.jpeg","wps_subtitle":"Colaboraci\u00f3n empresarial","jetpack_sharing_enabled":true,"_links":{"self":[{"href":"https:\/\/www.hoymercedes.com.ar\/principal\/wp-json\/wp\/v2\/posts\/122110","targetHints":{"allow":["GET"]}}],"collection":[{"href":"https:\/\/www.hoymercedes.com.ar\/principal\/wp-json\/wp\/v2\/posts"}],"about":[{"href":"https:\/\/www.hoymercedes.com.ar\/principal\/wp-json\/wp\/v2\/types\/post"}],"author":[{"embeddable":true,"href":"https:\/\/www.hoymercedes.com.ar\/principal\/wp-json\/wp\/v2\/users\/1"}],"replies":[{"embeddable":true,"href":"https:\/\/www.hoymercedes.com.ar\/principal\/wp-json\/wp\/v2\/comments?post=122110"}],"version-history":[{"count":0,"href":"https:\/\/www.hoymercedes.com.ar\/principal\/wp-json\/wp\/v2\/posts\/122110\/revisions"}],"wp:featuredmedia":[{"embeddable":true,"href":"https:\/\/www.hoymercedes.com.ar\/principal\/wp-json\/wp\/v2\/media\/122111"}],"wp:attachment":[{"href":"https:\/\/www.hoymercedes.com.ar\/principal\/wp-json\/wp\/v2\/media?parent=122110"}],"wp:term":[{"taxonomy":"category","embeddable":true,"href":"https:\/\/www.hoymercedes.com.ar\/principal\/wp-json\/wp\/v2\/categories?post=122110"},{"taxonomy":"post_tag","embeddable":true,"href":"https:\/\/www.hoymercedes.com.ar\/principal\/wp-json\/wp\/v2\/tags?post=122110"}],"curies":[{"name":"wp","href":"https:\/\/api.w.org\/{rel}","templated":true}]}}