{"id":122126,"date":"2020-12-20T17:00:00","date_gmt":"2020-12-20T20:00:00","guid":{"rendered":"http:\/\/www.hoymercedes.com.ar\/principal\/?p=122126"},"modified":"2020-12-21T00:13:56","modified_gmt":"2020-12-21T03:13:56","slug":"san-andres-de-giles-sube-los-casos-activos-y-retroseden-en-los-permisos-de-actividades","status":"publish","type":"post","link":"https:\/\/www.hoymercedes.com.ar\/principal\/2020\/12\/20\/san-andres-de-giles-sube-los-casos-activos-y-retroseden-en-los-permisos-de-actividades\/","title":{"rendered":"San Andr\u00e9s de Giles sube los casos activos y retroceden en los permisos de actividades"},"content":{"rendered":"\n<p>En la ma\u00f1ana del domigo, las autoridades de San Andr\u00e9s de Giles brindaorn una conferencia de prensa con el fin de anunciar su preocupaci\u00f3n antes la confirmaci\u00f3n de nuevos positivos de covid-19 en la localidad. El Intendente Carlos Puglelli y el Secretario de Salud Fernando Romero anunciaron las nuevas medidas tras el aumento sostenido de casos en los \u00faltimos d\u00edas.\u00a0\u201cEstamos preocupados, hay un brote que no podemos parar\u201d\u00a0afirm\u00f3 Puglelli<\/p>\n\n\n\n<p>Por eso, a partir del lunes<strong>\u00a0se suspenden los talleres culturales, los gimnasios solo funcionar\u00e1n al aire libre, los bares y locales gastron\u00f3micos podr\u00e1n abrir hasta las 00 horas sin mesas adentro.<\/strong>\u00a0<strong>Tambi\u00e9n se suspenden las actividades deportivas de hasta 10 personas, los eventos culturales, recreativos y religiosos, incluyendo la suspensi\u00f3n de clubes y piletas.<\/strong><\/p>\n\n\n\n<p>Carlos Puglelli asegur\u00f3 que \u201c\u00e9stas fiestas no van a ser felices\u201d porque hay&nbsp;\u201cnueve vecinos que no van a estar en ninguna mesa, m\u00e1s de 10 lo van a pasar internados y algunos en terapia intensiva, casi 600 aislados en sus dormitorios\u201d.&nbsp;Sostuvo que para el 31 pueden ser muchos m\u00e1s pero que a\u00fan estamos a tiempo de revertirlo: \u201cLes pido que se cuiden y eviten todo tipo de reuniones innecesarias\u201d.<\/p>\n\n\n\n<p><strong>Puglelli apunt\u00f3 directamente contra los vecinos que no son responsables en los cuidados.&nbsp;\u201c<\/strong>Pagamos todos las consecuencias de los incumplidores seriales, la salud de nuestro pueblo est\u00e1 en riesgo y depende mucho de ustedes, por favor cuid\u00e9monos entre todos, no son tantas cosas las que le estamos pidiendo\u201d.<\/p>\n\n\n\n<p>Adem\u00e1s el intendente anunci\u00f3 m\u00e1s controles.&nbsp;\u201cVamos a ser implacables con los comercios que no cumplan los protocolos. La polic\u00eda y personal de inspecci\u00f3n estar\u00e1n recorriendo cada comercio y establecimiento habilitado\u201d.<\/p>\n\n\n\n<p><strong>Las autoridades sostuvieron que los mayores agentes trasmisores del virus son los j\u00f3venes entre 15 y 40 a\u00f1os. \u201c<\/strong>Muchos son asintom\u00e1ticos y tienen una capacidad de trasmisi\u00f3n terrible. Empezamos a ver como afectan a grupos de riesgo y por eso el aumento de la cantidad de internados. En los pr\u00f3ximos d\u00edas vamos a tener mas gente internada y lamentablemente mas gente en terapia y vamos a tener mucha m\u00e1s si no cambiamos el comportamiento en este momento\u201d<\/p>\n\n\n\n<p>Puglelli se refiri\u00f3 directamente a los j\u00f3venes:&nbsp;\u201cEstoy dispuesto a hablar directamente con ustedes, tener reuniones, con centros de estudiantes, para que podamos hablar mano a mano, cara a cara. El comportamiento de ustedes es fundamental porque es el vector mayor de contagio\u201d.<\/p>\n\n\n\n<p>Por su parte Romero indic\u00f3 que&nbsp;<strong>de los \u00faltimos 120 casos, m\u00e1s del 80% se trata de vecinos entre 16 y 40 a\u00f1os y que el mayor pico es entre los 16 y 26 a\u00f1os.<\/strong>&nbsp;\u201cSin los cuidados necesarios est\u00e1n provocando un problema grande en la salud p\u00fablica\u201d.<\/p>\n\n\n\n<p>El Secretario de Salud explic\u00f3 que los casos van a seguir aumentando si no se cumplen los protocolos.&nbsp;\u201cHace una semana atr\u00e1s ten\u00edamos 1 solo internado, hoy 8 internados y 1 en terapia intensiva todos relacionados a conductas irresponsables de esa franja de edad\u201d.<\/p>\n\n\n\n<p>Romero inform\u00f3 que se trata de un paciente de 70 a\u00f1os que est\u00e1 con ox\u00edgeno y monitoreo permanente. Adem\u00e1s adelant\u00f3 que&nbsp;\u201cla mayor\u00eda de los que llegan a respirador tienen un mal pron\u00f3stico, vamos a hacer todo lo que podamos para no contar con otro deceso, este caso puntual se debe a reuniones de j\u00f3venes que despu\u00e9s estuvieron con adultos mayores\u201d.<\/p>\n\n\n\n<p>Respecto al aumento de hisopados, aclar\u00f3 que\u00a0\u201choy en d\u00eda hay una gran circulaci\u00f3n y se hacen m\u00e1s test por mayor cantidad de contagios, mas contactos estrechos y una b\u00fasqueda activa para eliminar todos los eslabones de contagios\u201d.<\/p>\n\n\n\n<p>Fuente: InfoCiudad de San Andr\u00e9s de Giles. <\/p>\n","protected":false},"excerpt":{"rendered":"<p>En la ma\u00f1ana del domigo, las autoridades de San Andr\u00e9s de Giles brindaorn una conferencia de prensa con el fin &#8230; <a title=\"San Andr\u00e9s de Giles sube los casos activos y retroceden en los permisos de actividades\" class=\"read-more\" href=\"https:\/\/www.hoymercedes.com.ar\/principal\/2020\/12\/20\/san-andres-de-giles-sube-los-casos-activos-y-retroseden-en-los-permisos-de-actividades\/\" aria-label=\"Leer m\u00e1s sobre San Andr\u00e9s de Giles sube los casos activos y retroceden en los permisos de actividades\">Leer m\u00e1s<\/a><\/p>\n","protected":false},"author":1,"featured_media":122127,"comment_status":"closed","ping_status":"open","sticky":false,"template":"","format":"standard","meta":{"_monsterinsights_skip_tracking":false,"_monsterinsights_sitenote_active":false,"_monsterinsights_sitenote_note":"","_monsterinsights_sitenote_category":0,"jetpack_post_was_ever_published":false,"_jetpack_newsletter_access":"","_jetpack_dont_email_post_to_subs":false,"_jetpack_newsletter_tier_id":0,"_jetpack_memberships_contains_paywalled_content":false,"_jetpack_memberships_contains_paid_content":false,"footnotes":"","jetpack_publicize_message":"","jetpack_publicize_feature_enabled":true,"jetpack_social_post_already_shared":true,"jetpack_social_options":{"image_generator_settings":{"template":"highway","default_image_id":0,"font":"","enabled":false},"version":2},"_wpas_customize_per_network":false},"categories":[5501],"tags":[16175,16313,9322,134,2123],"class_list":["post-122126","post","type-post","status-publish","format-standard","has-post-thumbnail","hentry","category-region","tag-coronavirus","tag-covid-19","tag-region","tag-salud","tag-san-andres-de-giles","generate-columns","tablet-grid-50","mobile-grid-100","grid-parent","grid-50"],"jetpack_publicize_connections":[],"jetpack_featured_media_url":"https:\/\/www.hoymercedes.com.ar\/principal\/wp-content\/uploads\/2020\/12\/WhatsApp-Image-2020-12-20-at-11.48.06-AM-696x516-1.jpeg","wps_subtitle":"Coronavirus en la regi\u00f3n","jetpack_sharing_enabled":true,"_links":{"self":[{"href":"https:\/\/www.hoymercedes.com.ar\/principal\/wp-json\/wp\/v2\/posts\/122126","targetHints":{"allow":["GET"]}}],"collection":[{"href":"https:\/\/www.hoymercedes.com.ar\/principal\/wp-json\/wp\/v2\/posts"}],"about":[{"href":"https:\/\/www.hoymercedes.com.ar\/principal\/wp-json\/wp\/v2\/types\/post"}],"author":[{"embeddable":true,"href":"https:\/\/www.hoymercedes.com.ar\/principal\/wp-json\/wp\/v2\/users\/1"}],"replies":[{"embeddable":true,"href":"https:\/\/www.hoymercedes.com.ar\/principal\/wp-json\/wp\/v2\/comments?post=122126"}],"version-history":[{"count":0,"href":"https:\/\/www.hoymercedes.com.ar\/principal\/wp-json\/wp\/v2\/posts\/122126\/revisions"}],"wp:featuredmedia":[{"embeddable":true,"href":"https:\/\/www.hoymercedes.com.ar\/principal\/wp-json\/wp\/v2\/media\/122127"}],"wp:attachment":[{"href":"https:\/\/www.hoymercedes.com.ar\/principal\/wp-json\/wp\/v2\/media?parent=122126"}],"wp:term":[{"taxonomy":"category","embeddable":true,"href":"https:\/\/www.hoymercedes.com.ar\/principal\/wp-json\/wp\/v2\/categories?post=122126"},{"taxonomy":"post_tag","embeddable":true,"href":"https:\/\/www.hoymercedes.com.ar\/principal\/wp-json\/wp\/v2\/tags?post=122126"}],"curies":[{"name":"wp","href":"https:\/\/api.w.org\/{rel}","templated":true}]}}