{"id":122135,"date":"2020-12-20T20:30:17","date_gmt":"2020-12-20T23:30:17","guid":{"rendered":"http:\/\/www.hoymercedes.com.ar\/principal\/?p=122135"},"modified":"2020-12-20T22:37:12","modified_gmt":"2020-12-21T01:37:12","slug":"declaran-de-interes-patrimonial-y-cultural-la-obra-de-octimio-landi","status":"publish","type":"post","link":"https:\/\/www.hoymercedes.com.ar\/principal\/2020\/12\/20\/declaran-de-interes-patrimonial-y-cultural-la-obra-de-octimio-landi\/","title":{"rendered":"Declaran de inter\u00e9s patrimonial y cultural la obra de Octimio Landi"},"content":{"rendered":"\n<p>Informaci\u00f3n Municipal &#8211; Tras un pedido de la Direcci\u00f3n de Cultura se logr\u00f3 declarar de inter\u00e9s patrimonial la obra del destacado artista mercedino Octimio Landi. El proceso permite preservar y cuidar como patrimonio para las pr\u00f3ximas generaciones del excelso artista. \u201cEstamos muy felices, sin duda es un aporte gran acontecimiento que nos beneficia como comunidad, en el presente y el futuro\u201d sostuvo Luc\u00eda Capaccio. \u00a0<\/p>\n\n\n\n<div class=\"wp-block-image\"><figure class=\"aligncenter size-large\"><img loading=\"lazy\" decoding=\"async\" width=\"800\" height=\"600\" data-attachment-id=\"122137\" data-permalink=\"https:\/\/www.hoymercedes.com.ar\/principal\/2020\/12\/20\/declaran-de-interes-patrimonial-y-cultural-la-obra-de-octimio-landi\/20-mural-landi\/#main\" data-orig-file=\"https:\/\/www.hoymercedes.com.ar\/principal\/wp-content\/uploads\/2020\/12\/20-mural-landi.jpg\" data-orig-size=\"800,600\" data-comments-opened=\"0\" data-image-meta=\"{&quot;aperture&quot;:&quot;0&quot;,&quot;credit&quot;:&quot;&quot;,&quot;camera&quot;:&quot;&quot;,&quot;caption&quot;:&quot;&quot;,&quot;created_timestamp&quot;:&quot;0&quot;,&quot;copyright&quot;:&quot;&quot;,&quot;focal_length&quot;:&quot;0&quot;,&quot;iso&quot;:&quot;0&quot;,&quot;shutter_speed&quot;:&quot;0&quot;,&quot;title&quot;:&quot;&quot;,&quot;orientation&quot;:&quot;0&quot;}\" data-image-title=\"20 mural landi\" data-image-description=\"\" data-image-caption=\"\" data-large-file=\"https:\/\/www.hoymercedes.com.ar\/principal\/wp-content\/uploads\/2020\/12\/20-mural-landi.jpg\" src=\"https:\/\/www.hoymercedes.com.ar\/principal\/wp-content\/uploads\/2020\/12\/20-mural-landi.jpg\" alt=\"\" class=\"wp-image-122137\"\/><\/figure><\/div>\n\n\n\n<p>En el centenario del natalicio del artista mercedino Octimo \u201cChich\u00ed\u201d Landi desde la Direcci\u00f3n de Cultura y con participaci\u00f3n de la Comisi\u00f3n Municipal del Patrimonio Cultural y Natural, CuNa, se logr\u00f3 a trav\u00e9s del Concejo Deliberante se sancion\u00f3 la Ordenanza 8455\/2020 sancionada por unanimidad en la sesi\u00f3n extraordinaria del pasado 3 de diciembre que declara de inter\u00e9s patrimonial los bienes muebles correspondientes a la obra art\u00edstica del reconocido vecino. &nbsp;<\/p>\n\n\n\n<p>El expediente con el pedido fue presentado por la Comisi\u00f3n Municipal del Patrimonio Cultural y Natural, CuNa. La gesti\u00f3n hab\u00eda comenzado a principios de este a\u00f1o, pero por razones de pandemia se vio postergada. &nbsp;<\/p>\n\n\n\n<p>\u201cQueremos tambi\u00e9n agradecer enormemente a Mariana San Mart\u00edn, que siempre comprendi\u00f3 la val\u00eda de la obra, del cuidado patrimonial, entendiendo lo importante que es para la historia y cultura de Mercedes su protecci\u00f3n, para el presente, para el futuro\u201d, afirm\u00f3 Luc\u00eda Capacci. &nbsp;<\/p>\n\n\n\n<p>Sobre la importancia para nuestra ciudad de patrimoniar la obra art\u00edstica de Octimio Landi se expresa el Arq Miguel Brady presidente de CuNa. \u201cEl patrimonio cultural mueble, dado su propio peso y constituci\u00f3n. El lugar habitual de este patrimonio es el espacio dentro del cual cumpli\u00f3 o cumple funciones para las cuales fue creado o las que el devenir hist\u00f3rico le impuso. Hoy estamos protegiendo los bienes muebles que est\u00e1n en la vivienda\u201d &nbsp;<\/p>\n\n\n\n<p>Su vasta obra no termina en la pintura o la escultura, hay grabados, cer\u00e1micas, pinturas sobre dibujos infantiles, m\u00e1scaras y peque\u00f1as esculturas hechas con desechos industriales, bronce y cobre y partes de motores, miniesculturas con piezas de grifer\u00eda, azulejos esmaltados, tallas en madera, en cemento. As\u00ed pudo observarse en las visitas realizadas por la Directora de Cultura \u201cla funci\u00f3n principal del patrimonio cultural mueble es ser un punto de referencia en la construcci\u00f3n de lazos sociales, de v\u00ednculos de cohesi\u00f3n, de identidad y de memoria. Nuestra comunidad conoce los murales, los jarrones, las esculturas que se encuentran en la v\u00eda p\u00fablica, estas pueden ser observadas cotidianamente. La puesta en valor que hacemos hoy es para llevar a la comunidad aquello que no se conoce de este gran artista y que se encuentra hoy en su casa\u201d &nbsp;<\/p>\n\n\n\n<p>Octimio Landi naci\u00f3 en Mercedes el 3 de setiembre de 1920.Su esp\u00edritu creativo nunca lo abandon\u00f3: Landi proyectaba y viv\u00eda arte. Fue uno de los fundadores del Museo de Ciencias Naturales Carlos Ameghino. Falleci\u00f3 el 1\u00b0 de noviembre de 2005. Hoy su legado cultural est\u00e1 protegido. \u00a0<\/p>\n\n\n\n<div class=\"wp-block-image\"><figure class=\"aligncenter size-large\"><img loading=\"lazy\" decoding=\"async\" width=\"800\" height=\"658\" data-attachment-id=\"122136\" data-permalink=\"https:\/\/www.hoymercedes.com.ar\/principal\/2020\/12\/20\/declaran-de-interes-patrimonial-y-cultural-la-obra-de-octimio-landi\/20-quita-landi\/#main\" data-orig-file=\"https:\/\/www.hoymercedes.com.ar\/principal\/wp-content\/uploads\/2020\/12\/20-quita-landi.jpg\" data-orig-size=\"800,658\" data-comments-opened=\"0\" data-image-meta=\"{&quot;aperture&quot;:&quot;0&quot;,&quot;credit&quot;:&quot;&quot;,&quot;camera&quot;:&quot;&quot;,&quot;caption&quot;:&quot;&quot;,&quot;created_timestamp&quot;:&quot;0&quot;,&quot;copyright&quot;:&quot;&quot;,&quot;focal_length&quot;:&quot;0&quot;,&quot;iso&quot;:&quot;0&quot;,&quot;shutter_speed&quot;:&quot;0&quot;,&quot;title&quot;:&quot;&quot;,&quot;orientation&quot;:&quot;0&quot;}\" data-image-title=\"20 quita landi\" data-image-description=\"\" data-image-caption=\"\" data-large-file=\"https:\/\/www.hoymercedes.com.ar\/principal\/wp-content\/uploads\/2020\/12\/20-quita-landi.jpg\" src=\"https:\/\/www.hoymercedes.com.ar\/principal\/wp-content\/uploads\/2020\/12\/20-quita-landi.jpg\" alt=\"\" class=\"wp-image-122136\"\/><figcaption>Quita Landi, mujer de Octimio, hace unos a\u00f1os solicit\u00f3 que su casa sea un museo con la muestra permanente del escultor<\/figcaption><\/figure><\/div>\n","protected":false},"excerpt":{"rendered":"<p>Informaci\u00f3n Municipal &#8211; Tras un pedido de la Direcci\u00f3n de Cultura se logr\u00f3 declarar de inter\u00e9s patrimonial la obra del &#8230; <a title=\"Declaran de inter\u00e9s patrimonial y cultural la obra de Octimio Landi\" class=\"read-more\" href=\"https:\/\/www.hoymercedes.com.ar\/principal\/2020\/12\/20\/declaran-de-interes-patrimonial-y-cultural-la-obra-de-octimio-landi\/\" aria-label=\"Leer m\u00e1s sobre Declaran de inter\u00e9s patrimonial y cultural la obra de Octimio Landi\">Leer m\u00e1s<\/a><\/p>\n","protected":false},"author":1,"featured_media":122138,"comment_status":"closed","ping_status":"open","sticky":false,"template":"","format":"standard","meta":{"_monsterinsights_skip_tracking":false,"_monsterinsights_sitenote_active":false,"_monsterinsights_sitenote_note":"","_monsterinsights_sitenote_category":0,"jetpack_post_was_ever_published":false,"_jetpack_newsletter_access":"","_jetpack_dont_email_post_to_subs":false,"_jetpack_newsletter_tier_id":0,"_jetpack_memberships_contains_paywalled_content":false,"_jetpack_memberships_contains_paid_content":false,"footnotes":"","jetpack_publicize_message":"","jetpack_publicize_feature_enabled":true,"jetpack_social_post_already_shared":true,"jetpack_social_options":{"image_generator_settings":{"template":"highway","default_image_id":0,"font":"","enabled":false},"version":2},"_wpas_customize_per_network":false},"categories":[30],"tags":[7805,244,9177],"class_list":["post-122135","post","type-post","status-publish","format-standard","has-post-thumbnail","hentry","category-municipio","tag-cultura","tag-municipio-2","tag-patrimonio","generate-columns","tablet-grid-50","mobile-grid-100","grid-parent","grid-50"],"jetpack_publicize_connections":[],"jetpack_featured_media_url":"https:\/\/www.hoymercedes.com.ar\/principal\/wp-content\/uploads\/2020\/12\/20-Octimio-Landi.jpg","wps_subtitle":"Patrimonio cultural","jetpack_sharing_enabled":true,"_links":{"self":[{"href":"https:\/\/www.hoymercedes.com.ar\/principal\/wp-json\/wp\/v2\/posts\/122135","targetHints":{"allow":["GET"]}}],"collection":[{"href":"https:\/\/www.hoymercedes.com.ar\/principal\/wp-json\/wp\/v2\/posts"}],"about":[{"href":"https:\/\/www.hoymercedes.com.ar\/principal\/wp-json\/wp\/v2\/types\/post"}],"author":[{"embeddable":true,"href":"https:\/\/www.hoymercedes.com.ar\/principal\/wp-json\/wp\/v2\/users\/1"}],"replies":[{"embeddable":true,"href":"https:\/\/www.hoymercedes.com.ar\/principal\/wp-json\/wp\/v2\/comments?post=122135"}],"version-history":[{"count":0,"href":"https:\/\/www.hoymercedes.com.ar\/principal\/wp-json\/wp\/v2\/posts\/122135\/revisions"}],"wp:featuredmedia":[{"embeddable":true,"href":"https:\/\/www.hoymercedes.com.ar\/principal\/wp-json\/wp\/v2\/media\/122138"}],"wp:attachment":[{"href":"https:\/\/www.hoymercedes.com.ar\/principal\/wp-json\/wp\/v2\/media?parent=122135"}],"wp:term":[{"taxonomy":"category","embeddable":true,"href":"https:\/\/www.hoymercedes.com.ar\/principal\/wp-json\/wp\/v2\/categories?post=122135"},{"taxonomy":"post_tag","embeddable":true,"href":"https:\/\/www.hoymercedes.com.ar\/principal\/wp-json\/wp\/v2\/tags?post=122135"}],"curies":[{"name":"wp","href":"https:\/\/api.w.org\/{rel}","templated":true}]}}