{"id":122155,"date":"2020-12-21T12:01:00","date_gmt":"2020-12-21T15:01:00","guid":{"rendered":"http:\/\/www.hoymercedes.com.ar\/principal\/?p=122155"},"modified":"2020-12-21T14:16:24","modified_gmt":"2020-12-21T17:16:24","slug":"hombre-fallece-arriba-del-tren-san-martin","status":"publish","type":"post","link":"https:\/\/www.hoymercedes.com.ar\/principal\/2020\/12\/21\/hombre-fallece-arriba-del-tren-san-martin\/","title":{"rendered":"Hombre fallece arriba del tren San Mart\u00edn"},"content":{"rendered":"\n<p>Estacionado en las v\u00edas de la estaci\u00f3n de Mercedes, el tren que une Jun\u00edn con Retiro debi\u00f3 frenan su marcha al constar que una persona fallecida viajaba en uno de sus vagones. De acuerdo a la informaci\u00f3n que se constat\u00f3 en el lugar el guarda que lo hall\u00f3 debi\u00f3 declarar en la comisar\u00eda de la ciudad. <\/p>\n\n\n\n<p>Se supo que pasada las 5 de la ma\u00f1ana, la polic\u00eda federal arriba de la formaci\u00f3n realiz\u00f3 los controles y encontr\u00f3 a un hombre de aproximadamente 50 a\u00f1os sin vida sentado en uno de los asientos. <\/p>\n\n\n\n<p>El SAME Mercedes se hizo presente, constat\u00f3 el fallecimiento. Trascendi\u00f3 que el se\u00f1or que subi\u00f3 en Castilla, se descompuso pasada la estaci\u00f3n de San Jacinto. No presentaba signos de violencia. <\/p>\n\n\n\n<p>Interviene la UFI 4 en las averiguaci\u00f3n de causales de muerte. <\/p>\n","protected":false},"excerpt":{"rendered":"<p>Estacionado en las v\u00edas de la estaci\u00f3n de Mercedes, el tren que une Jun\u00edn con Retiro debi\u00f3 frenan su marcha &#8230; <a title=\"Hombre fallece arriba del tren San Mart\u00edn\" class=\"read-more\" href=\"https:\/\/www.hoymercedes.com.ar\/principal\/2020\/12\/21\/hombre-fallece-arriba-del-tren-san-martin\/\" aria-label=\"Leer m\u00e1s sobre Hombre fallece arriba del tren San Mart\u00edn\">Leer m\u00e1s<\/a><\/p>\n","protected":false},"author":1,"featured_media":122159,"comment_status":"closed","ping_status":"open","sticky":false,"template":"","format":"standard","meta":{"_monsterinsights_skip_tracking":false,"_monsterinsights_sitenote_active":false,"_monsterinsights_sitenote_note":"","_monsterinsights_sitenote_category":0,"jetpack_post_was_ever_published":false,"_jetpack_newsletter_access":"","_jetpack_dont_email_post_to_subs":false,"_jetpack_newsletter_tier_id":0,"_jetpack_memberships_contains_paywalled_content":false,"_jetpack_memberships_contains_paid_content":false,"footnotes":"","jetpack_publicize_message":"","jetpack_publicize_feature_enabled":true,"jetpack_social_post_already_shared":true,"jetpack_social_options":{"image_generator_settings":{"template":"highway","default_image_id":0,"font":"","enabled":false},"version":2},"_wpas_customize_per_network":false},"categories":[85],"tags":[10486,96],"class_list":["post-122155","post","type-post","status-publish","format-standard","has-post-thumbnail","hentry","category-policial","tag-investigacion","tag-policial-2","generate-columns","tablet-grid-50","mobile-grid-100","grid-parent","grid-50"],"jetpack_publicize_connections":[],"jetpack_featured_media_url":"https:\/\/www.hoymercedes.com.ar\/principal\/wp-content\/uploads\/2020\/12\/21-tres-san-martin.jpg","wps_subtitle":"Subi\u00f3 en Castilla y se descompuso","jetpack_sharing_enabled":true,"_links":{"self":[{"href":"https:\/\/www.hoymercedes.com.ar\/principal\/wp-json\/wp\/v2\/posts\/122155","targetHints":{"allow":["GET"]}}],"collection":[{"href":"https:\/\/www.hoymercedes.com.ar\/principal\/wp-json\/wp\/v2\/posts"}],"about":[{"href":"https:\/\/www.hoymercedes.com.ar\/principal\/wp-json\/wp\/v2\/types\/post"}],"author":[{"embeddable":true,"href":"https:\/\/www.hoymercedes.com.ar\/principal\/wp-json\/wp\/v2\/users\/1"}],"replies":[{"embeddable":true,"href":"https:\/\/www.hoymercedes.com.ar\/principal\/wp-json\/wp\/v2\/comments?post=122155"}],"version-history":[{"count":0,"href":"https:\/\/www.hoymercedes.com.ar\/principal\/wp-json\/wp\/v2\/posts\/122155\/revisions"}],"wp:featuredmedia":[{"embeddable":true,"href":"https:\/\/www.hoymercedes.com.ar\/principal\/wp-json\/wp\/v2\/media\/122159"}],"wp:attachment":[{"href":"https:\/\/www.hoymercedes.com.ar\/principal\/wp-json\/wp\/v2\/media?parent=122155"}],"wp:term":[{"taxonomy":"category","embeddable":true,"href":"https:\/\/www.hoymercedes.com.ar\/principal\/wp-json\/wp\/v2\/categories?post=122155"},{"taxonomy":"post_tag","embeddable":true,"href":"https:\/\/www.hoymercedes.com.ar\/principal\/wp-json\/wp\/v2\/tags?post=122155"}],"curies":[{"name":"wp","href":"https:\/\/api.w.org\/{rel}","templated":true}]}}