{"id":122177,"date":"2020-12-21T15:36:00","date_gmt":"2020-12-21T18:36:00","guid":{"rendered":"http:\/\/www.hoymercedes.com.ar\/principal\/?p=122177"},"modified":"2020-12-21T15:45:38","modified_gmt":"2020-12-21T18:45:38","slug":"realizan-la-reconstruccion-del-femicidio-de-luz-belen","status":"publish","type":"post","link":"https:\/\/www.hoymercedes.com.ar\/principal\/2020\/12\/21\/realizan-la-reconstruccion-del-femicidio-de-luz-belen\/","title":{"rendered":"Realizan la reconstrucci\u00f3n del femicidio de Luz Bel\u00e9n"},"content":{"rendered":"\n<p><em>Desde media ma\u00f1ana y hasta la primeras horas de la tarde de este lunes , en la avenida Doctor Mu\u00f1iz entre Francia y 9 de Julio de la localidad de Luj\u00e1n, la Fiscal\u00eda y personal de la Polic\u00eda Cient\u00edfica reconstruy\u00f3 el asesinato de la menor de 16 a\u00f1os. Su novio, de 22 a\u00f1os y imputado por el crimen, se encontraba en el lugar junto a su defensor.<\/em><\/p>\n\n\n\n<div class=\"wp-block-image\"><figure class=\"aligncenter size-large\"><img loading=\"lazy\" decoding=\"async\" width=\"696\" height=\"442\" data-attachment-id=\"122180\" data-permalink=\"https:\/\/www.hoymercedes.com.ar\/principal\/2020\/12\/21\/realizan-la-reconstruccion-del-femicidio-de-luz-belen\/21-femicidio-reconstruccion-dr-muniz-1-696x442\/#main\" data-orig-file=\"https:\/\/www.hoymercedes.com.ar\/principal\/wp-content\/uploads\/2020\/12\/21-Femicidio-Reconstruccion-Dr.-Muniz-1-696x442-1.jpeg\" data-orig-size=\"696,442\" data-comments-opened=\"0\" data-image-meta=\"{&quot;aperture&quot;:&quot;0&quot;,&quot;credit&quot;:&quot;&quot;,&quot;camera&quot;:&quot;&quot;,&quot;caption&quot;:&quot;&quot;,&quot;created_timestamp&quot;:&quot;0&quot;,&quot;copyright&quot;:&quot;&quot;,&quot;focal_length&quot;:&quot;0&quot;,&quot;iso&quot;:&quot;0&quot;,&quot;shutter_speed&quot;:&quot;0&quot;,&quot;title&quot;:&quot;&quot;,&quot;orientation&quot;:&quot;0&quot;}\" data-image-title=\"21 Femicidio-Reconstrucci\u00f3n-Dr.-Mu\u00f1iz-1-696&amp;#215;442\" data-image-description=\"\" data-image-caption=\"\" data-large-file=\"https:\/\/www.hoymercedes.com.ar\/principal\/wp-content\/uploads\/2020\/12\/21-Femicidio-Reconstruccion-Dr.-Muniz-1-696x442-1.jpeg\" src=\"https:\/\/www.hoymercedes.com.ar\/principal\/wp-content\/uploads\/2020\/12\/21-Femicidio-Reconstruccion-Dr.-Muniz-1-696x442-1.jpeg\" alt=\"\" class=\"wp-image-122180\"\/><\/figure><\/div>\n\n\n\n<p>Desde las 10.30 de la ma\u00f1ana hasta las 15 horas del lunes, la UFI N\u00b0 10, a cargo de la doctora Mar\u00eda Laura Cordiviola, realiza la reconstrucci\u00f3n del femicidio Luz Bel\u00e9n Marino, la joven de 16 a\u00f1os que falleci\u00f3 el 6 de diciembre en su casa de Doctor Mu\u00f1iz al 100.<\/p>\n\n\n\n<p>En este sentido, la Fiscal estuvo acompa\u00f1ada por el secretario y personal de la Polic\u00eda Cient\u00edfica. Adem\u00e1s, efectivos del Comando de Patrulla Luj\u00e1n, GAD Mercedes y la Polic\u00eda Local fueron convocados al lugar y avenida Doctor Mu\u00f1iz entre Francia y 9 de Julio se encuentra cortada<\/p>\n\n\n\n<p>En la puerta de la vivienda tambi\u00e9n se hallan familiares de la joven v\u00edctima. En tanto, cerca del mediod\u00eda fue trasladado al lugar Cristian Zanetti, el joven de 22 a\u00f1os que era el novio de Luz Bel\u00e9n y es el\u00a0<a href=\"https:\/\/www.hoymercedes.com.ar\/principal\/2020\/12\/12\/quedo-detenido-el-imputado-de-femicidio-agravado-a-una-menor\/\" data-type=\"post\" data-id=\"121612\">\u00fanico detenido<\/a>. El imputado estuvo junto a su abogado.<\/p>\n\n\n\n<div class=\"wp-block-image\"><figure class=\"aligncenter size-large\"><img loading=\"lazy\" decoding=\"async\" width=\"716\" height=\"460\" data-attachment-id=\"122178\" data-permalink=\"https:\/\/www.hoymercedes.com.ar\/principal\/2020\/12\/21\/realizan-la-reconstruccion-del-femicidio-de-luz-belen\/21-femicidio-reconstruccion-dr-muniz-2\/#main\" data-orig-file=\"https:\/\/www.hoymercedes.com.ar\/principal\/wp-content\/uploads\/2020\/12\/21-Femicidio-Reconstruccion-Dr.-Muniz-2.jpeg\" data-orig-size=\"716,460\" data-comments-opened=\"0\" data-image-meta=\"{&quot;aperture&quot;:&quot;0&quot;,&quot;credit&quot;:&quot;&quot;,&quot;camera&quot;:&quot;&quot;,&quot;caption&quot;:&quot;&quot;,&quot;created_timestamp&quot;:&quot;0&quot;,&quot;copyright&quot;:&quot;&quot;,&quot;focal_length&quot;:&quot;0&quot;,&quot;iso&quot;:&quot;0&quot;,&quot;shutter_speed&quot;:&quot;0&quot;,&quot;title&quot;:&quot;&quot;,&quot;orientation&quot;:&quot;0&quot;}\" data-image-title=\"21 Femicidio-Reconstrucci\u00f3n-Dr.-Mu\u00f1iz-2\" data-image-description=\"\" data-image-caption=\"\" data-large-file=\"https:\/\/www.hoymercedes.com.ar\/principal\/wp-content\/uploads\/2020\/12\/21-Femicidio-Reconstruccion-Dr.-Muniz-2.jpeg\" src=\"https:\/\/www.hoymercedes.com.ar\/principal\/wp-content\/uploads\/2020\/12\/21-Femicidio-Reconstruccion-Dr.-Muniz-2.jpeg\" alt=\"\" class=\"wp-image-122178\"\/><\/figure><\/div>\n\n\n\n<p><strong>Los hechos<\/strong><\/p>\n\n\n\n<p>El 8 de diciembre se conocieron los primeros detalles de la investigaci\u00f3n que se inici\u00f3 el domingo 6, cuando la Polic\u00eda fue alertada que una joven de 16 a\u00f1os \u201chabr\u00eda intentado ahorcarse en el garaje de su domicilio\u201d.<\/p>\n\n\n\n<p>Sin embargo, la autopsia realizada en Chivilcoy \u201cdetermin\u00f3 que las causas de la muerte de la menor fueron por estrangulamiento y\/o asfixia mec\u00e1nica\u201c, inform\u00f3 la Polic\u00eda. Y agreg\u00f3 que ante esto, fue aprehendido un joven identificado como \u201cCristian, de 22 a\u00f1os, novio de la v\u00edctima y adem\u00e1s la \u00faltima persona que la vio con vida\u201d.<\/p>\n\n\n\n<p>En el marco de este hecho -en un principio caratulado \u201caveriguaci\u00f3n causales de muerte\u201d y luego recaratulado como \u201cfemicidio agravado\u201d-, el 9 de diciembre por la ma\u00f1ana la Polic\u00eda Cient\u00edfica realiz\u00f3 pericias en la vivienda donde falleci\u00f3 la menor.<\/p>\n\n\n\n<p>Mientras que un d\u00eda despu\u00e9s el imputado por el femicidio de la menor de 16 a\u00f1os declar\u00f3 y sostuvo su versi\u00f3n respecto de lo sucedido, que se trat\u00f3 de un suicidio. Pero para la Fiscal\u00eda tuvo algunas inconsistencias y termin\u00f3 pidiendo la conversi\u00f3n de la \u201caprehensi\u00f3n\u201d en \u201cdetenci\u00f3n\u201d. Y as\u00ed lo resolvi\u00f3 el 11 de este mes el Juzgado de Garant\u00edas N\u00b0 3 de Mercedes.<\/p>\n\n\n\n<p>Al respecto, desde el Ministerio P\u00fablico Fiscal agregaron ese d\u00eda que de la pericia de autopsia realizada en Chivilcoy \u201ctambi\u00e9n surgi\u00f3 que la v\u00edctima adem\u00e1s de presentar los evidentes signos del estrangulamiento, para el cual se habr\u00eda utilizado en principio alg\u00fan elemento tipo cable o soga finos, presentaba una lesi\u00f3n contusa compatible con un golpe de pu\u00f1o en su rostro\u201d, detallaron.<\/p>\n\n\n\n<p>Y destacaron que \u201csi bien el informe preliminar de autopsia arroj\u00f3 que se trat\u00f3 de hecho con etiolog\u00eda homicida\u201d, qued\u00f3 \u201cad refer\u00e9ndum de estudios complementarios\u201d.<\/p>\n\n\n\n<div class=\"wp-block-image\"><figure class=\"aligncenter size-large\"><img loading=\"lazy\" decoding=\"async\" width=\"705\" height=\"460\" data-attachment-id=\"122179\" data-permalink=\"https:\/\/www.hoymercedes.com.ar\/principal\/2020\/12\/21\/realizan-la-reconstruccion-del-femicidio-de-luz-belen\/21-femicidio-reconstruccion-dr-muniz\/#main\" data-orig-file=\"https:\/\/www.hoymercedes.com.ar\/principal\/wp-content\/uploads\/2020\/12\/21-Femicidio-Reconstruccion-Dr.-Muniz.jpeg\" data-orig-size=\"705,460\" data-comments-opened=\"0\" data-image-meta=\"{&quot;aperture&quot;:&quot;0&quot;,&quot;credit&quot;:&quot;&quot;,&quot;camera&quot;:&quot;&quot;,&quot;caption&quot;:&quot;&quot;,&quot;created_timestamp&quot;:&quot;0&quot;,&quot;copyright&quot;:&quot;&quot;,&quot;focal_length&quot;:&quot;0&quot;,&quot;iso&quot;:&quot;0&quot;,&quot;shutter_speed&quot;:&quot;0&quot;,&quot;title&quot;:&quot;&quot;,&quot;orientation&quot;:&quot;0&quot;}\" data-image-title=\"21 Femicidio-Reconstrucci\u00f3n-Dr.-Mu\u00f1iz\" data-image-description=\"\" data-image-caption=\"\" data-large-file=\"https:\/\/www.hoymercedes.com.ar\/principal\/wp-content\/uploads\/2020\/12\/21-Femicidio-Reconstruccion-Dr.-Muniz.jpeg\" src=\"https:\/\/www.hoymercedes.com.ar\/principal\/wp-content\/uploads\/2020\/12\/21-Femicidio-Reconstruccion-Dr.-Muniz.jpeg\" alt=\"\" class=\"wp-image-122179\"\/><\/figure><\/div>\n\n\n\n<p>Asimismo, desde la Justicia explicaron que la Fiscal\u00eda, en esta instancia, trabaja sobre la hip\u00f3tesis de que aquel 6 de diciembre \u201cel ahora imputado dio muerte mediante asfixia por estrangulamiento mec\u00e1nico a quien era su pareja, cuando ambos se encontraban en el domicilio de la v\u00edctima\u201d.<\/p>\n\n\n\n<p>Tras ello, la Fiscal dispuso un allanamiento, en el marco de las facultades que le son propias, para recabar diversos elementos de inter\u00e9s para la investigaci\u00f3n en una vivienda del barrio Padre Varela, lugar donde resid\u00eda el imputado. \u201cTambi\u00e9n se recabaron una serie de testimonios y se llevaron a cabo pericias varias en la vivienda donde ocurrieron los hechos, as\u00ed como se solicitaron pericias complementarias\u201d, indicaron.<\/p>\n\n\n\n<p>Finalmente, luego de que el aprehendido compareciera en el marco de la audiencia de declaraci\u00f3n en los t\u00e9rminos del Art\u00edculo 308 del C\u00f3digo Procesal Penal por el delito de \u201cfemicidio agravado de una persona con quien se mantiene relaci\u00f3n de pareja\u201d, desde el Ministerio P\u00fablico Fiscal \u201cse solicit\u00f3 por ante el Juzgado de Garant\u00edas N\u00ba 3, a cargo del doctor Marcelo Romero, la conversi\u00f3n de la aprehensi\u00f3n del imputado en detenci\u00f3n\u201d. La cual fue concedida.<\/p>\n\n\n\n<p>Fuente: Luj\u00e1n Hoy<\/p>\n","protected":false},"excerpt":{"rendered":"<p>Desde media ma\u00f1ana y hasta la primeras horas de la tarde de este lunes , en la avenida Doctor Mu\u00f1iz &#8230; <a title=\"Realizan la reconstrucci\u00f3n del femicidio de Luz Bel\u00e9n\" class=\"read-more\" href=\"https:\/\/www.hoymercedes.com.ar\/principal\/2020\/12\/21\/realizan-la-reconstruccion-del-femicidio-de-luz-belen\/\" aria-label=\"Leer m\u00e1s sobre Realizan la reconstrucci\u00f3n del femicidio de Luz Bel\u00e9n\">Leer m\u00e1s<\/a><\/p>\n","protected":false},"author":1,"featured_media":122179,"comment_status":"closed","ping_status":"open","sticky":false,"template":"","format":"standard","meta":{"_monsterinsights_skip_tracking":false,"_monsterinsights_sitenote_active":false,"_monsterinsights_sitenote_note":"","_monsterinsights_sitenote_category":0,"jetpack_post_was_ever_published":false,"_jetpack_newsletter_access":"","_jetpack_dont_email_post_to_subs":false,"_jetpack_newsletter_tier_id":0,"_jetpack_memberships_contains_paywalled_content":false,"_jetpack_memberships_contains_paid_content":false,"footnotes":"","jetpack_publicize_message":"","jetpack_publicize_feature_enabled":true,"jetpack_social_post_already_shared":true,"jetpack_social_options":{"image_generator_settings":{"template":"highway","default_image_id":0,"font":"","enabled":false},"version":2},"_wpas_customize_per_network":false},"categories":[85],"tags":[10581,96,17379],"class_list":["post-122177","post","type-post","status-publish","format-standard","has-post-thumbnail","hentry","category-policial","tag-fiscalia","tag-policial-2","tag-reconstruccion-de-fiscalia","generate-columns","tablet-grid-50","mobile-grid-100","grid-parent","grid-50"],"jetpack_publicize_connections":[],"jetpack_featured_media_url":"https:\/\/www.hoymercedes.com.ar\/principal\/wp-content\/uploads\/2020\/12\/21-Femicidio-Reconstruccion-Dr.-Muniz.jpeg","wps_subtitle":"En Luj\u00e1n","jetpack_sharing_enabled":true,"_links":{"self":[{"href":"https:\/\/www.hoymercedes.com.ar\/principal\/wp-json\/wp\/v2\/posts\/122177","targetHints":{"allow":["GET"]}}],"collection":[{"href":"https:\/\/www.hoymercedes.com.ar\/principal\/wp-json\/wp\/v2\/posts"}],"about":[{"href":"https:\/\/www.hoymercedes.com.ar\/principal\/wp-json\/wp\/v2\/types\/post"}],"author":[{"embeddable":true,"href":"https:\/\/www.hoymercedes.com.ar\/principal\/wp-json\/wp\/v2\/users\/1"}],"replies":[{"embeddable":true,"href":"https:\/\/www.hoymercedes.com.ar\/principal\/wp-json\/wp\/v2\/comments?post=122177"}],"version-history":[{"count":0,"href":"https:\/\/www.hoymercedes.com.ar\/principal\/wp-json\/wp\/v2\/posts\/122177\/revisions"}],"wp:featuredmedia":[{"embeddable":true,"href":"https:\/\/www.hoymercedes.com.ar\/principal\/wp-json\/wp\/v2\/media\/122179"}],"wp:attachment":[{"href":"https:\/\/www.hoymercedes.com.ar\/principal\/wp-json\/wp\/v2\/media?parent=122177"}],"wp:term":[{"taxonomy":"category","embeddable":true,"href":"https:\/\/www.hoymercedes.com.ar\/principal\/wp-json\/wp\/v2\/categories?post=122177"},{"taxonomy":"post_tag","embeddable":true,"href":"https:\/\/www.hoymercedes.com.ar\/principal\/wp-json\/wp\/v2\/tags?post=122177"}],"curies":[{"name":"wp","href":"https:\/\/api.w.org\/{rel}","templated":true}]}}