{"id":122196,"date":"2020-12-21T23:29:00","date_gmt":"2020-12-22T02:29:00","guid":{"rendered":"http:\/\/www.hoymercedes.com.ar\/principal\/?p=122196"},"modified":"2020-12-22T00:49:56","modified_gmt":"2020-12-22T03:49:56","slug":"convocatoria-a-licitacion-publica-para-pavimentar","status":"publish","type":"post","link":"https:\/\/www.hoymercedes.com.ar\/principal\/2020\/12\/21\/convocatoria-a-licitacion-publica-para-pavimentar\/","title":{"rendered":"Convocatoria a licitaci\u00f3n p\u00fablica para pavimentar"},"content":{"rendered":"\n<p>Desde el Municipio de Mercedes llevan adelante el llamado a licitaci\u00f3n p\u00fabica para dos obras. La primera es para el pavimetno en Barrio Seminario y de calle 55, desde 16 hasta 26, con un presupuesto oficial de casi 42 millones de pesos, cuya apertura de sobres ser\u00e1 el 26 de enero de 2021. En tanto, el segundo llamado es para la pavimentaci\u00f3n del Acceso a Agote\/Gowland. Etapa 1: Calle 34 de Avenida 40 a RP N\u00b0 41 por un presupuesto de casi 118 millones de pesos. La apertura de las propuestas se realizar\u00e1 el 19 de enero de 2021. <\/p>\n\n\n\n<div class=\"wp-block-image\"><figure class=\"aligncenter size-large\"><img loading=\"lazy\" decoding=\"async\" width=\"633\" height=\"567\" data-attachment-id=\"122197\" data-permalink=\"https:\/\/www.hoymercedes.com.ar\/principal\/2020\/12\/21\/convocatoria-a-licitacion-publica-para-pavimentar\/whatsapp-image-2020-12-21-at-11-38-13\/#main\" data-orig-file=\"https:\/\/www.hoymercedes.com.ar\/principal\/wp-content\/uploads\/2020\/12\/WhatsApp-Image-2020-12-21-at-11.38.13.jpeg\" data-orig-size=\"633,567\" data-comments-opened=\"0\" data-image-meta=\"{&quot;aperture&quot;:&quot;0&quot;,&quot;credit&quot;:&quot;&quot;,&quot;camera&quot;:&quot;&quot;,&quot;caption&quot;:&quot;&quot;,&quot;created_timestamp&quot;:&quot;0&quot;,&quot;copyright&quot;:&quot;&quot;,&quot;focal_length&quot;:&quot;0&quot;,&quot;iso&quot;:&quot;0&quot;,&quot;shutter_speed&quot;:&quot;0&quot;,&quot;title&quot;:&quot;&quot;,&quot;orientation&quot;:&quot;0&quot;}\" data-image-title=\"WhatsApp Image 2020-12-21 at 11.38.13\" data-image-description=\"\" data-image-caption=\"\" data-large-file=\"https:\/\/www.hoymercedes.com.ar\/principal\/wp-content\/uploads\/2020\/12\/WhatsApp-Image-2020-12-21-at-11.38.13.jpeg\" src=\"https:\/\/www.hoymercedes.com.ar\/principal\/wp-content\/uploads\/2020\/12\/WhatsApp-Image-2020-12-21-at-11.38.13.jpeg\" alt=\"\" class=\"wp-image-122197\"\/><\/figure><\/div>\n\n\n\n<div class=\"wp-block-image\"><figure class=\"aligncenter size-large\"><img loading=\"lazy\" decoding=\"async\" width=\"633\" height=\"554\" data-attachment-id=\"122198\" data-permalink=\"https:\/\/www.hoymercedes.com.ar\/principal\/2020\/12\/21\/convocatoria-a-licitacion-publica-para-pavimentar\/whatsapp-image-2020-12-21-at-11-38-14\/#main\" data-orig-file=\"https:\/\/www.hoymercedes.com.ar\/principal\/wp-content\/uploads\/2020\/12\/WhatsApp-Image-2020-12-21-at-11.38.14.jpeg\" data-orig-size=\"633,554\" data-comments-opened=\"0\" data-image-meta=\"{&quot;aperture&quot;:&quot;0&quot;,&quot;credit&quot;:&quot;&quot;,&quot;camera&quot;:&quot;&quot;,&quot;caption&quot;:&quot;&quot;,&quot;created_timestamp&quot;:&quot;0&quot;,&quot;copyright&quot;:&quot;&quot;,&quot;focal_length&quot;:&quot;0&quot;,&quot;iso&quot;:&quot;0&quot;,&quot;shutter_speed&quot;:&quot;0&quot;,&quot;title&quot;:&quot;&quot;,&quot;orientation&quot;:&quot;0&quot;}\" data-image-title=\"WhatsApp Image 2020-12-21 at 11.38.14\" data-image-description=\"\" data-image-caption=\"\" data-large-file=\"https:\/\/www.hoymercedes.com.ar\/principal\/wp-content\/uploads\/2020\/12\/WhatsApp-Image-2020-12-21-at-11.38.14.jpeg\" src=\"https:\/\/www.hoymercedes.com.ar\/principal\/wp-content\/uploads\/2020\/12\/WhatsApp-Image-2020-12-21-at-11.38.14.jpeg\" alt=\"\" class=\"wp-image-122198\"\/><\/figure><\/div>\n","protected":false},"excerpt":{"rendered":"<p>Desde el Municipio de Mercedes llevan adelante el llamado a licitaci\u00f3n p\u00fabica para dos obras. La primera es para el &#8230; <a title=\"Convocatoria a licitaci\u00f3n p\u00fablica para pavimentar\" class=\"read-more\" href=\"https:\/\/www.hoymercedes.com.ar\/principal\/2020\/12\/21\/convocatoria-a-licitacion-publica-para-pavimentar\/\" aria-label=\"Leer m\u00e1s sobre Convocatoria a licitaci\u00f3n p\u00fablica para pavimentar\">Leer m\u00e1s<\/a><\/p>\n","protected":false},"author":1,"featured_media":98543,"comment_status":"closed","ping_status":"open","sticky":false,"template":"","format":"standard","meta":{"_monsterinsights_skip_tracking":false,"_monsterinsights_sitenote_active":false,"_monsterinsights_sitenote_note":"","_monsterinsights_sitenote_category":0,"jetpack_post_was_ever_published":false,"_jetpack_newsletter_access":"","_jetpack_dont_email_post_to_subs":false,"_jetpack_newsletter_tier_id":0,"_jetpack_memberships_contains_paywalled_content":false,"_jetpack_memberships_contains_paid_content":false,"footnotes":"","jetpack_publicize_message":"","jetpack_publicize_feature_enabled":true,"jetpack_social_post_already_shared":false,"jetpack_social_options":{"image_generator_settings":{"template":"highway","default_image_id":0,"font":"","enabled":false},"version":2},"_wpas_customize_per_network":false},"categories":[30],"tags":[17382,244,5947,369],"class_list":["post-122196","post","type-post","status-publish","format-standard","has-post-thumbnail","hentry","category-municipio","tag-licitacion-publica","tag-municipio-2","tag-obras-publicas","tag-pavimentacion","generate-columns","tablet-grid-50","mobile-grid-100","grid-parent","grid-50"],"jetpack_publicize_connections":[],"jetpack_featured_media_url":"https:\/\/www.hoymercedes.com.ar\/principal\/wp-content\/uploads\/2019\/08\/pavimento26.2.jpeg","wps_subtitle":"La apertura de sobres ser\u00e1 en enero","jetpack_sharing_enabled":true,"_links":{"self":[{"href":"https:\/\/www.hoymercedes.com.ar\/principal\/wp-json\/wp\/v2\/posts\/122196","targetHints":{"allow":["GET"]}}],"collection":[{"href":"https:\/\/www.hoymercedes.com.ar\/principal\/wp-json\/wp\/v2\/posts"}],"about":[{"href":"https:\/\/www.hoymercedes.com.ar\/principal\/wp-json\/wp\/v2\/types\/post"}],"author":[{"embeddable":true,"href":"https:\/\/www.hoymercedes.com.ar\/principal\/wp-json\/wp\/v2\/users\/1"}],"replies":[{"embeddable":true,"href":"https:\/\/www.hoymercedes.com.ar\/principal\/wp-json\/wp\/v2\/comments?post=122196"}],"version-history":[{"count":0,"href":"https:\/\/www.hoymercedes.com.ar\/principal\/wp-json\/wp\/v2\/posts\/122196\/revisions"}],"wp:featuredmedia":[{"embeddable":true,"href":"https:\/\/www.hoymercedes.com.ar\/principal\/wp-json\/wp\/v2\/media\/98543"}],"wp:attachment":[{"href":"https:\/\/www.hoymercedes.com.ar\/principal\/wp-json\/wp\/v2\/media?parent=122196"}],"wp:term":[{"taxonomy":"category","embeddable":true,"href":"https:\/\/www.hoymercedes.com.ar\/principal\/wp-json\/wp\/v2\/categories?post=122196"},{"taxonomy":"post_tag","embeddable":true,"href":"https:\/\/www.hoymercedes.com.ar\/principal\/wp-json\/wp\/v2\/tags?post=122196"}],"curies":[{"name":"wp","href":"https:\/\/api.w.org\/{rel}","templated":true}]}}