{"id":122201,"date":"2020-12-22T06:45:00","date_gmt":"2020-12-22T09:45:00","guid":{"rendered":"http:\/\/www.hoymercedes.com.ar\/principal\/?p=122201"},"modified":"2020-12-22T14:47:24","modified_gmt":"2020-12-22T17:47:24","slug":"bono-de-fin-de-ano-para-los-trabajadores-rurales","status":"publish","type":"post","link":"https:\/\/www.hoymercedes.com.ar\/principal\/2020\/12\/22\/bono-de-fin-de-ano-para-los-trabajadores-rurales\/","title":{"rendered":"Bono de fin de a\u00f1o para los trabajadores rurales"},"content":{"rendered":"\n<p>Comunicaci\u00f3n de UATRE &#8211; La patronal se plant\u00f3 en \u201cNO\u201d, el Estado hizo una propuesta alternativa y la UATRE acept\u00f3, con reparos, y ya planea seguir con sus reclamos.<\/p>\n\n\n\n<p>Ante la cerrada negativa de los representantes empresarios de pagar el bono de 15 mil pesos solicitado, la Uni\u00f3n Argentina de Trabajadores Rurales y Estibadores (UATRE) resolvi\u00f3 aceptar la propuesta del Estado Nacional de un bono de 10 mil pesos a pagar en tres cuotas mensuales. <\/p>\n\n\n\n<p>La Comisi\u00f3n Nacional de Trabajo Agrario (CNTA), en el \u00e1mbito del Ministerio de Trabajo, Empleo y Seguridad Social de la Naci\u00f3n, es el \u00f3rgano tripartito en el que discuten y se aprueban las condiciones salariales y trabajo para el sector rural. Hoy se desarroll\u00f3 la tercera reuni\u00f3n para discutir la solicitud de la UATRE. La parte empresaria, representada en la oportunidad por CRA y CONINAGRO, mantuvo una cerrada oposici\u00f3n a la misma.<\/p>\n\n\n\n<p>Ante esa realidad, los representantes del Estado Nacional (ministerios de Trabajo y Econom\u00eda) propusieron la alternativa de un Bono de 10 mil pesos a pagar en tres cuotas mensuales. La posici\u00f3n empresaria se mantuvo negativa, ante lo cual los representantes de los trabajadores, previa consulta con el Secretariado Nacional de la UATRE, decidieron acompa\u00f1ar la propuesta del gobierno, por lo que la votaci\u00f3n se impuso 4 a 2 y el bono alternativo se termin\u00f3 aprobando.<\/p>\n\n\n\n<p>La CNTA resolvi\u00f3 entonces que lo cobrar\u00e1n los trabajadores y trabajadoras de las actividades av\u00edcola, porcina, conductor tractorista, maquinista de cosechadoras y agr\u00edcolas que se desempe\u00f1en exclusivamente en las tareas de recolecci\u00f3n y cosecha de granos y oleaginosas, aplicaci\u00f3n de productos fitosanitarios, y personal permanente de prestaci\u00f3n continua comprendido en<br>el R\u00e9gimen de Trabajo Agrario.<\/p>\n\n\n\n<p>La UATRE contin\u00faa en \u201cestado de alerta y movilizaci\u00f3n\u201d porque el bono aprobado est\u00e1 muy lejos de constituir el reconocimiento a la labor que tuvieron los trabajadores rurales en todos estos meses de pandemia. Si esta es la actitud del sector empresario, las decisiones gremiales ser\u00e1n a\u00fan m\u00e1s graves. Es una verg\u00fcenza escuchar argumentos que solo se sustentan en una ideolog\u00eda elitista que considera a los trabajadores como personas de segunda categor\u00eda. Lamentamos la grosera insensibilidad en los grandes empresarios del campo argentino. <\/p>\n\n\n\n<p>Sin embargo, no tengan dudas de que UATRE continuar\u00e1 reclamando por trabajo rural seguro, registrado y bien remunerado para todos los compa\u00f1eros y compa\u00f1eras del pa\u00eds. <\/p>\n\n\n\n<p><\/p>\n","protected":false},"excerpt":{"rendered":"<p>Comunicaci\u00f3n de UATRE &#8211; La patronal se plant\u00f3 en \u201cNO\u201d, el Estado hizo una propuesta alternativa y la UATRE acept\u00f3, &#8230; <a title=\"Bono de fin de a\u00f1o para los trabajadores rurales\" class=\"read-more\" href=\"https:\/\/www.hoymercedes.com.ar\/principal\/2020\/12\/22\/bono-de-fin-de-ano-para-los-trabajadores-rurales\/\" aria-label=\"Leer m\u00e1s sobre Bono de fin de a\u00f1o para los trabajadores rurales\">Leer m\u00e1s<\/a><\/p>\n","protected":false},"author":1,"featured_media":121930,"comment_status":"closed","ping_status":"open","sticky":false,"template":"","format":"standard","meta":{"_monsterinsights_skip_tracking":false,"_monsterinsights_sitenote_active":false,"_monsterinsights_sitenote_note":"","_monsterinsights_sitenote_category":0,"jetpack_post_was_ever_published":false,"_jetpack_newsletter_access":"","_jetpack_dont_email_post_to_subs":false,"_jetpack_newsletter_tier_id":0,"_jetpack_memberships_contains_paywalled_content":false,"_jetpack_memberships_contains_paid_content":false,"footnotes":"","jetpack_publicize_message":"","jetpack_publicize_feature_enabled":true,"jetpack_social_post_already_shared":true,"jetpack_social_options":{"image_generator_settings":{"template":"highway","default_image_id":0,"font":"","enabled":false},"version":2},"_wpas_customize_per_network":false},"categories":[10563],"tags":[13903,442],"class_list":["post-122201","post","type-post","status-publish","format-standard","has-post-thumbnail","hentry","category-gremios-sindicatos","tag-bono-fin-de-ano","tag-uatre","generate-columns","tablet-grid-50","mobile-grid-100","grid-parent","grid-50"],"jetpack_publicize_connections":[],"jetpack_featured_media_url":"https:\/\/www.hoymercedes.com.ar\/principal\/wp-content\/uploads\/2020\/12\/uatre-logo.jpg","wps_subtitle":"Reclamo desde UATRE","jetpack_sharing_enabled":true,"_links":{"self":[{"href":"https:\/\/www.hoymercedes.com.ar\/principal\/wp-json\/wp\/v2\/posts\/122201","targetHints":{"allow":["GET"]}}],"collection":[{"href":"https:\/\/www.hoymercedes.com.ar\/principal\/wp-json\/wp\/v2\/posts"}],"about":[{"href":"https:\/\/www.hoymercedes.com.ar\/principal\/wp-json\/wp\/v2\/types\/post"}],"author":[{"embeddable":true,"href":"https:\/\/www.hoymercedes.com.ar\/principal\/wp-json\/wp\/v2\/users\/1"}],"replies":[{"embeddable":true,"href":"https:\/\/www.hoymercedes.com.ar\/principal\/wp-json\/wp\/v2\/comments?post=122201"}],"version-history":[{"count":0,"href":"https:\/\/www.hoymercedes.com.ar\/principal\/wp-json\/wp\/v2\/posts\/122201\/revisions"}],"wp:featuredmedia":[{"embeddable":true,"href":"https:\/\/www.hoymercedes.com.ar\/principal\/wp-json\/wp\/v2\/media\/121930"}],"wp:attachment":[{"href":"https:\/\/www.hoymercedes.com.ar\/principal\/wp-json\/wp\/v2\/media?parent=122201"}],"wp:term":[{"taxonomy":"category","embeddable":true,"href":"https:\/\/www.hoymercedes.com.ar\/principal\/wp-json\/wp\/v2\/categories?post=122201"},{"taxonomy":"post_tag","embeddable":true,"href":"https:\/\/www.hoymercedes.com.ar\/principal\/wp-json\/wp\/v2\/tags?post=122201"}],"curies":[{"name":"wp","href":"https:\/\/api.w.org\/{rel}","templated":true}]}}