{"id":122256,"date":"2020-12-22T16:30:00","date_gmt":"2020-12-22T19:30:00","guid":{"rendered":"http:\/\/www.hoymercedes.com.ar\/principal\/?p=122256"},"modified":"2020-12-22T16:41:38","modified_gmt":"2020-12-22T19:41:38","slug":"escuelas-publicas-de-mercedes-reciben-computadoras-donadas-por-santander-rio","status":"publish","type":"post","link":"https:\/\/www.hoymercedes.com.ar\/principal\/2020\/12\/22\/escuelas-publicas-de-mercedes-reciben-computadoras-donadas-por-santander-rio\/","title":{"rendered":"Escuelas p\u00fablicas de Mercedes reciben computadoras donadas por Santander R\u00edo"},"content":{"rendered":"\n<p>Luego de un a\u00f1o en donde la educaci\u00f3n virtual fue central para llevar el ciclo educativo, el profesor de Inform\u00e1tica y NTICXs, Dar\u00edo Gonz\u00e1lez, realiz\u00f3 las gestiones necesarias para que las escuelas p\u00fablicas de Mercedes en la que \u00e9l dicta dichas materias, reciban computadoras donadas por la empresa Santander R\u00edo. La misma empresa don\u00f3 m\u00e1s computadoras para los Centros de Referencia del Ministerio de Desarrollo Social de Naci\u00f3n de Mercedes y Suipacha a partir de las gestiones de Lucas Gonz\u00e1lez.<\/p>\n\n\n\n<div class=\"wp-block-jetpack-slideshow aligncenter\" data-effect=\"slide\"><div class=\"wp-block-jetpack-slideshow_container swiper-container\"><ul class=\"wp-block-jetpack-slideshow_swiper-wrapper swiper-wrapper\"><li class=\"wp-block-jetpack-slideshow_slide swiper-slide\"><figure><img loading=\"lazy\" decoding=\"async\" width=\"800\" height=\"534\" alt=\"\" class=\"wp-block-jetpack-slideshow_image wp-image-122257\" data-id=\"122257\" src=\"https:\/\/www.hoymercedes.com.ar\/principal\/wp-content\/uploads\/2020\/12\/22-PC-Dario-CENS.jpeg\"\/><figcaption class=\"wp-block-jetpack-slideshow_caption gallery-caption\">El Director del CENS 451 Marcelo Ponti y el Jefe de Inspectores Cristian Ponce reciben las PC de mano del Profesor Dar\u00edo Gonz\u00e1lez<\/figcaption><\/figure><\/li><li class=\"wp-block-jetpack-slideshow_slide swiper-slide\"><figure><img loading=\"lazy\" decoding=\"async\" width=\"800\" height=\"534\" alt=\"\" class=\"wp-block-jetpack-slideshow_image wp-image-122258\" data-id=\"122258\" src=\"https:\/\/www.hoymercedes.com.ar\/principal\/wp-content\/uploads\/2020\/12\/22-PC-Dario-EET.jpeg\"\/><figcaption class=\"wp-block-jetpack-slideshow_caption gallery-caption\">La EET N\u00b0 1 (industrial) recibi\u00f3 PC para sus aulas de inform\u00e1tica<\/figcaption><\/figure><\/li><li class=\"wp-block-jetpack-slideshow_slide swiper-slide\"><figure><img loading=\"lazy\" decoding=\"async\" width=\"622\" height=\"726\" alt=\"\" class=\"wp-block-jetpack-slideshow_image wp-image-122260\" data-id=\"122260\" src=\"https:\/\/www.hoymercedes.com.ar\/principal\/wp-content\/uploads\/2020\/12\/22-PC-Dario-Nacional-1.jpeg\"\/><figcaption class=\"wp-block-jetpack-slideshow_caption gallery-caption\">Treinta y cinco computadoras fueron entregadas a 4 escuelas<\/figcaption><\/figure><\/li><li class=\"wp-block-jetpack-slideshow_slide swiper-slide\"><figure><img loading=\"lazy\" decoding=\"async\" width=\"620\" height=\"691\" alt=\"\" class=\"wp-block-jetpack-slideshow_image wp-image-122261\" data-id=\"122261\" src=\"https:\/\/www.hoymercedes.com.ar\/principal\/wp-content\/uploads\/2020\/12\/22-PC-Dario-Nacional.jpeg\"\/><figcaption class=\"wp-block-jetpack-slideshow_caption gallery-caption\">El Colegio Nacional (EES N\u00b0 3) sumar\u00e1 computadora en sus aulas<\/figcaption><\/figure><\/li><li class=\"wp-block-jetpack-slideshow_slide swiper-slide\"><figure><img loading=\"lazy\" decoding=\"async\" width=\"800\" height=\"534\" alt=\"\" class=\"wp-block-jetpack-slideshow_image wp-image-122262\" data-id=\"122262\" src=\"https:\/\/www.hoymercedes.com.ar\/principal\/wp-content\/uploads\/2020\/12\/22-PC-Dario.jpeg\"\/><figcaption class=\"wp-block-jetpack-slideshow_caption gallery-caption\">Otras 15 computadoras se entregaron en los CDR de Mercedes y Suipacha para Talleres a la comunidad<\/figcaption><\/figure><\/li><\/ul><a class=\"wp-block-jetpack-slideshow_button-prev swiper-button-prev swiper-button-white\" role=\"button\"><\/a><a class=\"wp-block-jetpack-slideshow_button-next swiper-button-next swiper-button-white\" role=\"button\"><\/a><a aria-label=\"Pause Slideshow\" class=\"wp-block-jetpack-slideshow_button-pause\" role=\"button\"><\/a><div class=\"wp-block-jetpack-slideshow_pagination swiper-pagination swiper-pagination-white\"><\/div><\/div><\/div>\n\n\n\n<p>Hace algunos meses, ante la necesidad y falta de nuevas tecnolog\u00edas en instituciones educativas, Dar\u00edo y Lucas Gonz\u00e1lez se pusieron en contacto con Fernando Massello Picolo y Mart\u00edn Rogelja de Santander R\u00edo para gestionar la donaci\u00f3n de 50 computadoras de \u00faltima generaci\u00f3n, sum\u00e1ndoles los monitores, teclados y mouse.<\/p>\n\n\n\n<p>D\u00edas atr\u00e1s, las computadoras fueron entregadas a Dar\u00edo y Lucas. Entre el lunes y martes, 35 de esas computadoras se distribuyeron entre las instituciones educativas que necesitaban mayor equipamiento y m\u00e1s modernas. Las escuelas que recibieron las PC de escritorio fueron: Secundaria N\u00b0 3 (ex Colegio Nacional), la Escuela de Educaci\u00f3n T\u00e9cnica N\u00b0 1, la Secundaria N\u00b0 11 de Altamira y el CENS N\u00b0 451. En esta instituci\u00f3n, las computadoras fueron recibidas por su director Marcelo Ponti y el Jefe de Inspectores Cristian Ponce.<\/p>\n\n\n\n<p>En tanto, las computadoras para las delegaciones del Ministerio de Desarrollo Social de la Naci\u00f3n, seis fueron entregadas en Suipacha para que la Secretar\u00eda de Desarrollo Social del Municipio lleve adelante talleres de computaci\u00f3n para ni\u00f1os y adultos mayores. Otras nueve computadoras fueron entregadas al CDR de Mercedes con el fin de armar una sala de computaci\u00f3n y dar talleres a grupos vulnerables de la comunidad.<\/p>\n","protected":false},"excerpt":{"rendered":"<p>Luego de un a\u00f1o en donde la educaci\u00f3n virtual fue central para llevar el ciclo educativo, el profesor de Inform\u00e1tica &#8230; <a title=\"Escuelas p\u00fablicas de Mercedes reciben computadoras donadas por Santander R\u00edo\" class=\"read-more\" href=\"https:\/\/www.hoymercedes.com.ar\/principal\/2020\/12\/22\/escuelas-publicas-de-mercedes-reciben-computadoras-donadas-por-santander-rio\/\" aria-label=\"Leer m\u00e1s sobre Escuelas p\u00fablicas de Mercedes reciben computadoras donadas por Santander R\u00edo\">Leer m\u00e1s<\/a><\/p>\n","protected":false},"author":1,"featured_media":122262,"comment_status":"closed","ping_status":"open","sticky":false,"template":"","format":"standard","meta":{"_monsterinsights_skip_tracking":false,"_monsterinsights_sitenote_active":false,"_monsterinsights_sitenote_note":"","_monsterinsights_sitenote_category":0,"jetpack_post_was_ever_published":false,"_jetpack_newsletter_access":"","_jetpack_dont_email_post_to_subs":false,"_jetpack_newsletter_tier_id":0,"_jetpack_memberships_contains_paywalled_content":false,"_jetpack_memberships_contains_paid_content":false,"footnotes":"","jetpack_publicize_message":"","jetpack_publicize_feature_enabled":true,"jetpack_social_post_already_shared":false,"jetpack_social_options":{"image_generator_settings":{"template":"highway","default_image_id":0,"font":"","enabled":false},"version":2},"_wpas_customize_per_network":false},"categories":[23],"tags":[11440,9783,47,989,17386,17387],"class_list":["post-122256","post","type-post","status-publish","format-standard","has-post-thumbnail","hentry","category-educacion","tag-computacion","tag-donacion","tag-educacion-2","tag-escuelas","tag-pc","tag-santander-rio","generate-columns","tablet-grid-50","mobile-grid-100","grid-parent","grid-50"],"jetpack_publicize_connections":[],"jetpack_featured_media_url":"https:\/\/www.hoymercedes.com.ar\/principal\/wp-content\/uploads\/2020\/12\/22-PC-Dario.jpeg","wps_subtitle":"Para el dictado de Inform\u00e1tica y NTICXs","jetpack_sharing_enabled":true,"_links":{"self":[{"href":"https:\/\/www.hoymercedes.com.ar\/principal\/wp-json\/wp\/v2\/posts\/122256","targetHints":{"allow":["GET"]}}],"collection":[{"href":"https:\/\/www.hoymercedes.com.ar\/principal\/wp-json\/wp\/v2\/posts"}],"about":[{"href":"https:\/\/www.hoymercedes.com.ar\/principal\/wp-json\/wp\/v2\/types\/post"}],"author":[{"embeddable":true,"href":"https:\/\/www.hoymercedes.com.ar\/principal\/wp-json\/wp\/v2\/users\/1"}],"replies":[{"embeddable":true,"href":"https:\/\/www.hoymercedes.com.ar\/principal\/wp-json\/wp\/v2\/comments?post=122256"}],"version-history":[{"count":0,"href":"https:\/\/www.hoymercedes.com.ar\/principal\/wp-json\/wp\/v2\/posts\/122256\/revisions"}],"wp:featuredmedia":[{"embeddable":true,"href":"https:\/\/www.hoymercedes.com.ar\/principal\/wp-json\/wp\/v2\/media\/122262"}],"wp:attachment":[{"href":"https:\/\/www.hoymercedes.com.ar\/principal\/wp-json\/wp\/v2\/media?parent=122256"}],"wp:term":[{"taxonomy":"category","embeddable":true,"href":"https:\/\/www.hoymercedes.com.ar\/principal\/wp-json\/wp\/v2\/categories?post=122256"},{"taxonomy":"post_tag","embeddable":true,"href":"https:\/\/www.hoymercedes.com.ar\/principal\/wp-json\/wp\/v2\/tags?post=122256"}],"curies":[{"name":"wp","href":"https:\/\/api.w.org\/{rel}","templated":true}]}}