{"id":122282,"date":"2020-12-22T22:15:02","date_gmt":"2020-12-23T01:15:02","guid":{"rendered":"http:\/\/www.hoymercedes.com.ar\/principal\/?p=122282"},"modified":"2020-12-22T22:50:11","modified_gmt":"2020-12-23T01:50:11","slug":"coronavirs-un-fallecido-y-y-14-nuevos-casos-en-mercedes","status":"publish","type":"post","link":"https:\/\/www.hoymercedes.com.ar\/principal\/2020\/12\/22\/coronavirs-un-fallecido-y-y-14-nuevos-casos-en-mercedes\/","title":{"rendered":"Coronavirs: Un fallecido y y 14 nuevos casos en Mercedes"},"content":{"rendered":"\n<p>El informe sanitario enviado por las autoridades sanitarias de Mercedes confirma el fallecimiento de un paciente de 79 a\u00f1os portador del virus SARS-Cov2, llegando a 38 las personas confirmadas que fallecieron con el virus desde marzo a la fecha. Adem\u00e1s sumaron 14 nuevos positivos entre los 78 test realizados. Asimismo, con 5 pacientes dados de alta, los casos activos son 54. <\/p>\n\n\n\n<div class=\"wp-block-image\"><figure class=\"aligncenter size-large\"><img loading=\"lazy\" decoding=\"async\" width=\"800\" height=\"800\" data-attachment-id=\"122283\" data-permalink=\"https:\/\/www.hoymercedes.com.ar\/principal\/2020\/12\/22\/coronavirs-un-fallecido-y-y-14-nuevos-casos-en-mercedes\/whatsapp-image-2020-12-22-at-21-35-51\/#main\" data-orig-file=\"https:\/\/www.hoymercedes.com.ar\/principal\/wp-content\/uploads\/2020\/12\/WhatsApp-Image-2020-12-22-at-21.35.51.jpeg\" data-orig-size=\"800,800\" data-comments-opened=\"0\" data-image-meta=\"{&quot;aperture&quot;:&quot;0&quot;,&quot;credit&quot;:&quot;&quot;,&quot;camera&quot;:&quot;&quot;,&quot;caption&quot;:&quot;&quot;,&quot;created_timestamp&quot;:&quot;0&quot;,&quot;copyright&quot;:&quot;&quot;,&quot;focal_length&quot;:&quot;0&quot;,&quot;iso&quot;:&quot;0&quot;,&quot;shutter_speed&quot;:&quot;0&quot;,&quot;title&quot;:&quot;&quot;,&quot;orientation&quot;:&quot;0&quot;}\" data-image-title=\"WhatsApp Image 2020-12-22 at 21.35.51\" data-image-description=\"\" data-image-caption=\"\" data-large-file=\"https:\/\/www.hoymercedes.com.ar\/principal\/wp-content\/uploads\/2020\/12\/WhatsApp-Image-2020-12-22-at-21.35.51.jpeg\" src=\"https:\/\/www.hoymercedes.com.ar\/principal\/wp-content\/uploads\/2020\/12\/WhatsApp-Image-2020-12-22-at-21.35.51.jpeg\" alt=\"\" class=\"wp-image-122283\"\/><\/figure><\/div>\n\n\n\n<p>Informe nacional: Fueron confirmados 8.141 nuevos casos de COVID-19. Con estos registros, suman 1.555.279 positivos en el pa\u00eds, de los cuales 1.379.726 son pacientes recuperados y 133.299 son casos confirmados activos.<\/p>\n\n\n\n<p>En las \u00faltimas 24 horas, se notificaron 257 nuevas muertes, son 143 hombres y 112 mujeres. Al momento la cantidad de personas fallecidas es 42.254. Dos personas, residentes en la provincia de Buenos Aires fueron registradas sin datos de sexo.<\/p>\n\n\n\n<p>Detalle por provincia (N\u00ba de confirmados | N\u00ba de acumulados): Buenos Aires 3.019 | 657.205; Ciudad de Buenos Aires 712 | 167.288; Catamarca 37 | 2.399; Chaco 191 | 23.212; Chubut 409 | 28.905; Corrientes 143 | 10.854; C\u00f3rdoba 494 | 123.310; Entre R\u00edos 140 | 27.143; Formosa 7 | 210; Jujuy 3 | 18.485; La Pampa 247 | 8.679; La Rioja 9 | 9.023; Mendoza 138 | 59.189; Misiones 24 | 888; Neuqu\u00e9n 327 | 38.643; R\u00edo Negro 396 | 36.293; Salta 45 | 22.016; San Juan 153 | 10.665; San Luis 13 | 15.941; Santa Cruz 312 | 21.155; Santa Fe 1.180 | 168.672; Santiago del Estero -46 | 16.830; Tierra del Fuego 51 | 18.254 y Tucum\u00e1n 134 | 70.017<\/p>\n\n\n\n<p>En las \u00faltimas 24 hs fueron realizados 37.688 testeos y desde el inicio del brote se realizaron 4.558.637 pruebas diagn\u00f3sticas para esta enfermedad, lo que equivale a 100.461 muestras por mill\u00f3n de habitantes.<\/p>\n","protected":false},"excerpt":{"rendered":"<p>El informe sanitario enviado por las autoridades sanitarias de Mercedes confirma el fallecimiento de un paciente de 79 a\u00f1os portador &#8230; <a title=\"Coronavirs: Un fallecido y y 14 nuevos casos en Mercedes\" class=\"read-more\" href=\"https:\/\/www.hoymercedes.com.ar\/principal\/2020\/12\/22\/coronavirs-un-fallecido-y-y-14-nuevos-casos-en-mercedes\/\" aria-label=\"Leer m\u00e1s sobre Coronavirs: Un fallecido y y 14 nuevos casos en Mercedes\">Leer m\u00e1s<\/a><\/p>\n","protected":false},"author":1,"featured_media":122283,"comment_status":"closed","ping_status":"open","sticky":false,"template":"","format":"standard","meta":{"_monsterinsights_skip_tracking":false,"_monsterinsights_sitenote_active":false,"_monsterinsights_sitenote_note":"","_monsterinsights_sitenote_category":0,"jetpack_post_was_ever_published":false,"_jetpack_newsletter_access":"","_jetpack_dont_email_post_to_subs":false,"_jetpack_newsletter_tier_id":0,"_jetpack_memberships_contains_paywalled_content":false,"_jetpack_memberships_contains_paid_content":false,"footnotes":"","jetpack_publicize_message":"","jetpack_publicize_feature_enabled":true,"jetpack_social_post_already_shared":true,"jetpack_social_options":{"image_generator_settings":{"template":"highway","default_image_id":0,"font":"","enabled":false},"version":2},"_wpas_customize_per_network":false},"categories":[9791],"tags":[16428,16175,16313,11433],"class_list":["post-122282","post","type-post","status-publish","format-standard","has-post-thumbnail","hentry","category-salud","tag-casos-positivos","tag-coronavirus","tag-covid-19","tag-fallecido","generate-columns","tablet-grid-50","mobile-grid-100","grid-parent","grid-50"],"jetpack_publicize_connections":[],"jetpack_featured_media_url":"https:\/\/www.hoymercedes.com.ar\/principal\/wp-content\/uploads\/2020\/12\/WhatsApp-Image-2020-12-22-at-21.35.51.jpeg","wps_subtitle":"Cierre del d\u00eda","jetpack_sharing_enabled":true,"_links":{"self":[{"href":"https:\/\/www.hoymercedes.com.ar\/principal\/wp-json\/wp\/v2\/posts\/122282","targetHints":{"allow":["GET"]}}],"collection":[{"href":"https:\/\/www.hoymercedes.com.ar\/principal\/wp-json\/wp\/v2\/posts"}],"about":[{"href":"https:\/\/www.hoymercedes.com.ar\/principal\/wp-json\/wp\/v2\/types\/post"}],"author":[{"embeddable":true,"href":"https:\/\/www.hoymercedes.com.ar\/principal\/wp-json\/wp\/v2\/users\/1"}],"replies":[{"embeddable":true,"href":"https:\/\/www.hoymercedes.com.ar\/principal\/wp-json\/wp\/v2\/comments?post=122282"}],"version-history":[{"count":0,"href":"https:\/\/www.hoymercedes.com.ar\/principal\/wp-json\/wp\/v2\/posts\/122282\/revisions"}],"wp:featuredmedia":[{"embeddable":true,"href":"https:\/\/www.hoymercedes.com.ar\/principal\/wp-json\/wp\/v2\/media\/122283"}],"wp:attachment":[{"href":"https:\/\/www.hoymercedes.com.ar\/principal\/wp-json\/wp\/v2\/media?parent=122282"}],"wp:term":[{"taxonomy":"category","embeddable":true,"href":"https:\/\/www.hoymercedes.com.ar\/principal\/wp-json\/wp\/v2\/categories?post=122282"},{"taxonomy":"post_tag","embeddable":true,"href":"https:\/\/www.hoymercedes.com.ar\/principal\/wp-json\/wp\/v2\/tags?post=122282"}],"curies":[{"name":"wp","href":"https:\/\/api.w.org\/{rel}","templated":true}]}}