{"id":122293,"date":"2020-12-23T00:38:00","date_gmt":"2020-12-23T03:38:00","guid":{"rendered":"http:\/\/www.hoymercedes.com.ar\/principal\/?p=122293"},"modified":"2020-12-23T13:00:48","modified_gmt":"2020-12-23T16:00:48","slug":"se-concreto-una-nueva-reunion-de-la-mesa-agroecologica","status":"publish","type":"post","link":"https:\/\/www.hoymercedes.com.ar\/principal\/2020\/12\/23\/se-concreto-una-nueva-reunion-de-la-mesa-agroecologica\/","title":{"rendered":"Se concret\u00f3 una nueva reuni\u00f3n de la \u201cMesa Agroecol\u00f3gica\u00bb"},"content":{"rendered":"\n<p><strong>\u00a0<\/strong>Informaci\u00f3n municipal &#8211; Se llev\u00f3 adelanta la segunda reuni\u00f3n de la \u201cMesa Agroecol\u00f3gica\u201d de Mercedes. Encabezada por la Direcci\u00f3n Producci\u00f3n y con la participaci\u00f3n de distintas instituciones y referentes sociales. La reuni\u00f3n se concret\u00f3 en el C.C. La Trocha. En esta ocasi\u00f3n adem\u00e1s se cont\u00f3 con las exposiciones centrales de la Dra Nadia Duvrosky, Directora de Fortalecimiento Organizacional y Ordenamiento Territorial para la agricultura familiar del Ministerio de Desarrollo Agrario de la Provincia de Buenos Aires y el Ing Jean Paul Casale, miembro de la Asamblea Mercedina por la Agroecologia. <\/p>\n\n\n\n<div class=\"wp-block-image\"><figure class=\"aligncenter size-large\"><img loading=\"lazy\" decoding=\"async\" width=\"800\" height=\"389\" data-attachment-id=\"122294\" data-permalink=\"https:\/\/www.hoymercedes.com.ar\/principal\/2020\/12\/23\/se-concreto-una-nueva-reunion-de-la-mesa-agroecologica\/131898302_717361085863721_4770280687475939853_o\/#main\" data-orig-file=\"https:\/\/www.hoymercedes.com.ar\/principal\/wp-content\/uploads\/2020\/12\/131898302_717361085863721_4770280687475939853_o.jpg\" data-orig-size=\"800,389\" data-comments-opened=\"0\" data-image-meta=\"{&quot;aperture&quot;:&quot;0&quot;,&quot;credit&quot;:&quot;&quot;,&quot;camera&quot;:&quot;&quot;,&quot;caption&quot;:&quot;&quot;,&quot;created_timestamp&quot;:&quot;0&quot;,&quot;copyright&quot;:&quot;&quot;,&quot;focal_length&quot;:&quot;0&quot;,&quot;iso&quot;:&quot;0&quot;,&quot;shutter_speed&quot;:&quot;0&quot;,&quot;title&quot;:&quot;&quot;,&quot;orientation&quot;:&quot;0&quot;}\" data-image-title=\"131898302_717361085863721_4770280687475939853_o\" data-image-description=\"\" data-image-caption=\"\" data-large-file=\"https:\/\/www.hoymercedes.com.ar\/principal\/wp-content\/uploads\/2020\/12\/131898302_717361085863721_4770280687475939853_o.jpg\" src=\"https:\/\/www.hoymercedes.com.ar\/principal\/wp-content\/uploads\/2020\/12\/131898302_717361085863721_4770280687475939853_o.jpg\" alt=\"\" class=\"wp-image-122294\"\/><\/figure><\/div>\n\n\n\n<p>\u00a0Participaron miembros del Senasa, INTA, instituciones educativas como el CPT, la UTT, el MOCASE, la UNLU, concejales, la Direcci\u00f3n de Producci\u00f3n y la Direcci\u00f3n de Ambiente del Municipio, entre otros referentes. \u00a0<\/p>\n\n\n\n<p>El responsable de ambiente municipal, Juan Cruz Mend\u00eda se\u00f1al\u00f3 \u201ces una mesa de trabajo muy importante porque permite potencial la idea es poder abordar lo ambiental con un enfoque integral -como debe ser- con la idea de formar esta mesa de di\u00e1logo donde se conjuguen los productores, las asociaciones y el Estado Nacional y Municipal\u201d y reafirmo que \u201clo agroecol\u00f3gico o lo que tiene que ver con la agricultura familiar debe tener una multiplicidad de actores donde debemos establecer consensos\u201d.&nbsp;Mario Alday, quien es parte del equipo de la Direcci\u00f3n de Producci\u00f3n del Municipio expres\u00f3 \u201cconsideramos que es fundamental la conformaci\u00f3n de esta mesa para el partido de Mercedes y sus productores, para poder trabajar en conjunto\u201d y a\u00f1adi\u00f3 \u201ces bueno para poder conocernos y articular una agenda conjunta\u201d.&nbsp;&nbsp;&nbsp;<\/p>\n\n\n\n<p>Los objetivos de esta mesa apuntan a: &nbsp;<\/p>\n\n\n\n<ul class=\"wp-block-list\"><li><em>Fomentar actividades y pol\u00edticas p\u00fablicas que contribuyan a defender la biodiversidad ambiental y la salud p\u00fablica.&nbsp;&nbsp;&nbsp;<\/em><\/li><li><em>Fortalecer la comercializaci\u00f3n local y regional de alimentos saludables sin agrot\u00f3xicos, desarrollando la capacidad productiva y de valor agregado.&nbsp;&nbsp;&nbsp;<\/em><\/li><li><em>Promover charlas dirigidas a productores\/as y sociedad en general, que tengan como finalidad informar los beneficios de la agroecolog\u00eda y la soberan\u00eda alimentaria.&nbsp;&nbsp;&nbsp;<\/em><\/li><li><em>Armar y coordinar comunidades de aprendizaje de productores\/as en transici\u00f3n hacia la agroecolog\u00eda. &nbsp;<\/em><\/li><\/ul>\n\n\n\n<p>Para el intendente Ustarroz es una acci\u00f3n \u201csumamente valiosa\u201d porque \u201cpermite trabajar con todas las instituciones, actores sociales, desde una mirada interdisciplinaria y en pos de una ciudad ambientalmente sustentable\u201d &nbsp;<\/p>\n","protected":false},"excerpt":{"rendered":"<p>\u00a0Informaci\u00f3n municipal &#8211; Se llev\u00f3 adelanta la segunda reuni\u00f3n de la \u201cMesa Agroecol\u00f3gica\u201d de Mercedes. Encabezada por la Direcci\u00f3n Producci\u00f3n &#8230; <a title=\"Se concret\u00f3 una nueva reuni\u00f3n de la \u201cMesa Agroecol\u00f3gica\u00bb\" class=\"read-more\" href=\"https:\/\/www.hoymercedes.com.ar\/principal\/2020\/12\/23\/se-concreto-una-nueva-reunion-de-la-mesa-agroecologica\/\" aria-label=\"Leer m\u00e1s sobre Se concret\u00f3 una nueva reuni\u00f3n de la \u201cMesa Agroecol\u00f3gica\u00bb\">Leer m\u00e1s<\/a><\/p>\n","protected":false},"author":1,"featured_media":122294,"comment_status":"closed","ping_status":"open","sticky":false,"template":"","format":"standard","meta":{"_monsterinsights_skip_tracking":false,"_monsterinsights_sitenote_active":false,"_monsterinsights_sitenote_note":"","_monsterinsights_sitenote_category":0,"jetpack_post_was_ever_published":false,"_jetpack_newsletter_access":"","_jetpack_dont_email_post_to_subs":false,"_jetpack_newsletter_tier_id":0,"_jetpack_memberships_contains_paywalled_content":false,"_jetpack_memberships_contains_paid_content":false,"footnotes":"","jetpack_publicize_message":"","jetpack_publicize_feature_enabled":true,"jetpack_social_post_already_shared":true,"jetpack_social_options":{"image_generator_settings":{"template":"highway","default_image_id":0,"font":"","enabled":false},"version":2},"_wpas_customize_per_network":false},"categories":[30],"tags":[17393,244],"class_list":["post-122293","post","type-post","status-publish","format-standard","has-post-thumbnail","hentry","category-municipio","tag-mesa-agroecologica","tag-municipio-2","generate-columns","tablet-grid-50","mobile-grid-100","grid-parent","grid-50"],"jetpack_publicize_connections":[],"jetpack_featured_media_url":"https:\/\/www.hoymercedes.com.ar\/principal\/wp-content\/uploads\/2020\/12\/131898302_717361085863721_4770280687475939853_o.jpg","wps_subtitle":"Informaci\u00f3n municipal","jetpack_sharing_enabled":true,"_links":{"self":[{"href":"https:\/\/www.hoymercedes.com.ar\/principal\/wp-json\/wp\/v2\/posts\/122293","targetHints":{"allow":["GET"]}}],"collection":[{"href":"https:\/\/www.hoymercedes.com.ar\/principal\/wp-json\/wp\/v2\/posts"}],"about":[{"href":"https:\/\/www.hoymercedes.com.ar\/principal\/wp-json\/wp\/v2\/types\/post"}],"author":[{"embeddable":true,"href":"https:\/\/www.hoymercedes.com.ar\/principal\/wp-json\/wp\/v2\/users\/1"}],"replies":[{"embeddable":true,"href":"https:\/\/www.hoymercedes.com.ar\/principal\/wp-json\/wp\/v2\/comments?post=122293"}],"version-history":[{"count":0,"href":"https:\/\/www.hoymercedes.com.ar\/principal\/wp-json\/wp\/v2\/posts\/122293\/revisions"}],"wp:featuredmedia":[{"embeddable":true,"href":"https:\/\/www.hoymercedes.com.ar\/principal\/wp-json\/wp\/v2\/media\/122294"}],"wp:attachment":[{"href":"https:\/\/www.hoymercedes.com.ar\/principal\/wp-json\/wp\/v2\/media?parent=122293"}],"wp:term":[{"taxonomy":"category","embeddable":true,"href":"https:\/\/www.hoymercedes.com.ar\/principal\/wp-json\/wp\/v2\/categories?post=122293"},{"taxonomy":"post_tag","embeddable":true,"href":"https:\/\/www.hoymercedes.com.ar\/principal\/wp-json\/wp\/v2\/tags?post=122293"}],"curies":[{"name":"wp","href":"https:\/\/api.w.org\/{rel}","templated":true}]}}