{"id":12230,"date":"2012-04-16T11:30:43","date_gmt":"2012-04-16T11:30:43","guid":{"rendered":"http:\/\/www.hoymercedes.com.ar\/principal\/?p=12230"},"modified":"2012-04-16T11:30:43","modified_gmt":"2012-04-16T11:30:43","slug":"amaya-responde-al-concejal-andres-del-frente-mercedino","status":"publish","type":"post","link":"https:\/\/www.hoymercedes.com.ar\/principal\/2012\/04\/16\/amaya-responde-al-concejal-andres-del-frente-mercedino\/","title":{"rendered":"Amaya responde al Concejal Andr\u00e9s del Frente Mercedino"},"content":{"rendered":"<p>Creo que este se\u00f1or est\u00e1 acostumbrado a comprar espejitos de colores, dice que miento cuando en realidad lo que dije es as\u00ed y quiero aclarar que no forma parte de una estrategia, \u00bfDe d\u00f3nde salieron los fondos que gastaron a mansalva durante la campa\u00f1a del ANSES y donde lo justificaron?<\/p>\n<p>El confundido es \u00e9l, porque me hubiese gustado que desde el lugar que ocupa el Dr. Uztarroz se dedicaran a trabajar en otros temas como el 82% m\u00f3vil para los jubilados, como as\u00ed tambi\u00e9n actualizar los topes de las asignaciones familiares para que los trabajadores puedan cobrarlos, que son muchos los trabajadores afectados, en cuanto a los derechos de los trabajadores que se refiere, cuando se aprob\u00f3 el presupuesto en la sesi\u00f3n del 15 de diciembre cuando se vota el articulado del presupuesto espec\u00edficamente en lo que trata a la contrataci\u00f3n de personal el bloque de LA CAMPORA imposibilito el ingreso de 43 trabajadores a la planta efectiva. Esto contradice lo que nuestra Presidenta se cansa de decir, HAY QUE GENERAR PUESTOS DE TRABAJO. Este se\u00f1or antes de hablar tendr\u00eda que mirar para adentro de su gesti\u00f3n dado que tiene un gran problema con las cooperativas no autorizadas que funcionar\u00edan en la AFIP y el personal de limpieza de la misma, para mi entender tendr\u00edan que pasar a Planta Permanente para una mejor calidad de los contratos de trabajo.<\/p>\n<p>Soy una persona que surge de los trabajadores, mi responsabilidad como Delegado en un tiempo dentro del frigor\u00edfico y ahora como Secretario General y Concejal es con la total firmeza que me caracteriza como persona de bien y no le permito a este Se\u00f1or que me salga a criticar y me trate de mentiroso porque yo no lo cuestiono a \u00e9l, su carrera ni mucho menos su pasado cuando \u00e9l era militante de la Juventud Radical<\/p>\n","protected":false},"excerpt":{"rendered":"<p>Creo que este se\u00f1or est\u00e1 acostumbrado a comprar espejitos de colores, dice que miento cuando en realidad lo que dije &#8230; <a title=\"Amaya responde al Concejal Andr\u00e9s del Frente Mercedino\" class=\"read-more\" href=\"https:\/\/www.hoymercedes.com.ar\/principal\/2012\/04\/16\/amaya-responde-al-concejal-andres-del-frente-mercedino\/\" aria-label=\"Leer m\u00e1s sobre Amaya responde al Concejal Andr\u00e9s del Frente Mercedino\">Leer m\u00e1s<\/a><\/p>\n","protected":false},"author":1,"featured_media":0,"comment_status":"open","ping_status":"open","sticky":false,"template":"","format":"standard","meta":{"_monsterinsights_skip_tracking":false,"_monsterinsights_sitenote_active":false,"_monsterinsights_sitenote_note":"","_monsterinsights_sitenote_category":0,"jetpack_post_was_ever_published":false,"_jetpack_newsletter_access":"","_jetpack_dont_email_post_to_subs":false,"_jetpack_newsletter_tier_id":0,"_jetpack_memberships_contains_paywalled_content":false,"_jetpack_memberships_contains_paid_content":false,"footnotes":"","jetpack_publicize_message":"","jetpack_publicize_feature_enabled":true,"jetpack_social_post_already_shared":false,"jetpack_social_options":{"image_generator_settings":{"template":"highway","default_image_id":0,"font":"","enabled":false},"version":2},"_wpas_customize_per_network":false},"categories":[5],"tags":[1075,2069,1007],"class_list":["post-12230","post","type-post","status-publish","format-standard","hentry","category-politica","tag-amaya","tag-andres","tag-frente-mercedino","generate-columns","tablet-grid-50","mobile-grid-100","grid-parent","grid-50"],"jetpack_publicize_connections":[],"jetpack_featured_media_url":"","wps_subtitle":"","jetpack_sharing_enabled":true,"_links":{"self":[{"href":"https:\/\/www.hoymercedes.com.ar\/principal\/wp-json\/wp\/v2\/posts\/12230","targetHints":{"allow":["GET"]}}],"collection":[{"href":"https:\/\/www.hoymercedes.com.ar\/principal\/wp-json\/wp\/v2\/posts"}],"about":[{"href":"https:\/\/www.hoymercedes.com.ar\/principal\/wp-json\/wp\/v2\/types\/post"}],"author":[{"embeddable":true,"href":"https:\/\/www.hoymercedes.com.ar\/principal\/wp-json\/wp\/v2\/users\/1"}],"replies":[{"embeddable":true,"href":"https:\/\/www.hoymercedes.com.ar\/principal\/wp-json\/wp\/v2\/comments?post=12230"}],"version-history":[{"count":0,"href":"https:\/\/www.hoymercedes.com.ar\/principal\/wp-json\/wp\/v2\/posts\/12230\/revisions"}],"wp:attachment":[{"href":"https:\/\/www.hoymercedes.com.ar\/principal\/wp-json\/wp\/v2\/media?parent=12230"}],"wp:term":[{"taxonomy":"category","embeddable":true,"href":"https:\/\/www.hoymercedes.com.ar\/principal\/wp-json\/wp\/v2\/categories?post=12230"},{"taxonomy":"post_tag","embeddable":true,"href":"https:\/\/www.hoymercedes.com.ar\/principal\/wp-json\/wp\/v2\/tags?post=12230"}],"curies":[{"name":"wp","href":"https:\/\/api.w.org\/{rel}","templated":true}]}}