{"id":122302,"date":"2020-12-23T11:51:50","date_gmt":"2020-12-23T14:51:50","guid":{"rendered":"http:\/\/www.hoymercedes.com.ar\/principal\/?p=122302"},"modified":"2020-12-23T11:51:55","modified_gmt":"2020-12-23T14:51:55","slug":"fin-de-semana-con-actividad-para-los-pilotos-mercedinos-en-karting","status":"publish","type":"post","link":"https:\/\/www.hoymercedes.com.ar\/principal\/2020\/12\/23\/fin-de-semana-con-actividad-para-los-pilotos-mercedinos-en-karting\/","title":{"rendered":"Fin de semana con actividad para los pilotos mercedinos en karting"},"content":{"rendered":"\n<p>Tanto en Z\u00e1rate como en el aut\u00f3dromo Oscar y Alfredo G\u00e1lvez de la Ciudad de Buenos Aires hubo actividad de karting y pilotos mercedinos participantes. En la Capital Federal, Francisco Pont\u00f3n dio el presente en el Sudamericano IRMC a bordo de un karting del equipo Solid.<\/p>\n\n\n\n<div class=\"wp-block-image\"><figure class=\"aligncenter size-large\"><img loading=\"lazy\" decoding=\"async\" width=\"613\" height=\"409\" data-attachment-id=\"122303\" data-permalink=\"https:\/\/www.hoymercedes.com.ar\/principal\/2020\/12\/23\/fin-de-semana-con-actividad-para-los-pilotos-mercedinos-en-karting\/pancho-ponton\/#main\" data-orig-file=\"https:\/\/www.hoymercedes.com.ar\/principal\/wp-content\/uploads\/2020\/12\/Pancho-Ponton.jpg\" data-orig-size=\"613,409\" data-comments-opened=\"0\" data-image-meta=\"{&quot;aperture&quot;:&quot;0&quot;,&quot;credit&quot;:&quot;&quot;,&quot;camera&quot;:&quot;&quot;,&quot;caption&quot;:&quot;&quot;,&quot;created_timestamp&quot;:&quot;0&quot;,&quot;copyright&quot;:&quot;&quot;,&quot;focal_length&quot;:&quot;0&quot;,&quot;iso&quot;:&quot;0&quot;,&quot;shutter_speed&quot;:&quot;0&quot;,&quot;title&quot;:&quot;&quot;,&quot;orientation&quot;:&quot;0&quot;}\" data-image-title=\"Pancho-Ponton\" data-image-description=\"\" data-image-caption=\"\" data-large-file=\"https:\/\/www.hoymercedes.com.ar\/principal\/wp-content\/uploads\/2020\/12\/Pancho-Ponton.jpg\" src=\"https:\/\/www.hoymercedes.com.ar\/principal\/wp-content\/uploads\/2020\/12\/Pancho-Ponton.jpg\" alt=\"\" class=\"wp-image-122303\"\/><\/figure><\/div>\n\n\n\n<p>Pont\u00f3n, que fue tercero en el campeonato dentro de la categor\u00eda Senior Nacional en RMC BUE esta vez corri\u00f3 en la Senior Max con algunos inconvenientes en la clasificaci\u00f3n hasta meterse en la final. Alcanz\u00f3 la 15\u00b0 posici\u00f3n en una carrera con mayor\u00eda de argentinos donde tambi\u00e9n hubo pilotos de Chile y el Paraguay.<\/p>\n\n\n\n<p><strong>Final<\/strong><br>1\u00b0 Santiago Fabiani (Arg) 20\u2019 45\u201d 726.<br>2\u00b0 Francisco Grimaldi (Arg) a 0,572.<br>3\u00b0 Ayrton Chorne (Arg) a 2\u201d 250.<br>15\u00b0 Francisco Pont\u00f3n (Arg) a 23\u201d,569.<\/p>\n\n\n\n<p>En Z\u00e1rate se corri\u00f3 la fecha 3 y 4 de PAKO. Una buena cantidad de mercedinos participaron, con los siguientes resultados:<\/p>\n\n\n\n<p><strong>Fecha 3<br>Final S\u00faper PAKO<br><\/strong>5\u00b0 Valentino Simionato.<\/p>\n\n\n\n<p><strong>Final 150 4 T<\/strong><br>4\u00b0 Santiago Serrano.<br>7\u00b0 Francisco Barnetche.<br>11\u00b0 Leandro Ilariucci.<br>17\u00b0 Ezequiel Pais.<br>Pablo Ricci (9 vueltas)<\/p>\n\n\n\n<p><strong>Fecha 4<br>Final S\u00faper PAKO<br><\/strong>5\u00b0 Valentino Simionato.<\/p>\n\n\n\n<p><strong>Final 150 4 T<\/strong><br>3\u00b0 Santiago Serrano.<br>5\u00b0 Ezequiel Pais.<br>16\u00b0 Leandro Ilariucci<br>Pablo Ricci (14 giros)<br>Francisco Barnetche.<\/p>\n","protected":false},"excerpt":{"rendered":"<p>Tanto en Z\u00e1rate como en el aut\u00f3dromo Oscar y Alfredo G\u00e1lvez de la Ciudad de Buenos Aires hubo actividad de &#8230; <a title=\"Fin de semana con actividad para los pilotos mercedinos en karting\" class=\"read-more\" href=\"https:\/\/www.hoymercedes.com.ar\/principal\/2020\/12\/23\/fin-de-semana-con-actividad-para-los-pilotos-mercedinos-en-karting\/\" aria-label=\"Leer m\u00e1s sobre Fin de semana con actividad para los pilotos mercedinos en karting\">Leer m\u00e1s<\/a><\/p>\n","protected":false},"author":1,"featured_media":122303,"comment_status":"closed","ping_status":"open","sticky":false,"template":"","format":"standard","meta":{"_monsterinsights_skip_tracking":false,"_monsterinsights_sitenote_active":false,"_monsterinsights_sitenote_note":"","_monsterinsights_sitenote_category":0,"jetpack_post_was_ever_published":false,"_jetpack_newsletter_access":"","_jetpack_dont_email_post_to_subs":false,"_jetpack_newsletter_tier_id":0,"_jetpack_memberships_contains_paywalled_content":false,"_jetpack_memberships_contains_paid_content":false,"footnotes":"","jetpack_publicize_message":"","jetpack_publicize_feature_enabled":true,"jetpack_social_post_already_shared":true,"jetpack_social_options":{"image_generator_settings":{"template":"highway","default_image_id":0,"font":"","enabled":false},"version":2},"_wpas_customize_per_network":false},"categories":[21],"tags":[17392,17391,8721],"class_list":["post-122302","post","type-post","status-publish","format-standard","has-post-thumbnail","hentry","category-deportes","tag-irms-sudamericano","tag-kartin","tag-pako","generate-columns","tablet-grid-50","mobile-grid-100","grid-parent","grid-50"],"jetpack_publicize_connections":[],"jetpack_featured_media_url":"https:\/\/www.hoymercedes.com.ar\/principal\/wp-content\/uploads\/2020\/12\/Pancho-Ponton.jpg","wps_subtitle":"","jetpack_sharing_enabled":true,"_links":{"self":[{"href":"https:\/\/www.hoymercedes.com.ar\/principal\/wp-json\/wp\/v2\/posts\/122302","targetHints":{"allow":["GET"]}}],"collection":[{"href":"https:\/\/www.hoymercedes.com.ar\/principal\/wp-json\/wp\/v2\/posts"}],"about":[{"href":"https:\/\/www.hoymercedes.com.ar\/principal\/wp-json\/wp\/v2\/types\/post"}],"author":[{"embeddable":true,"href":"https:\/\/www.hoymercedes.com.ar\/principal\/wp-json\/wp\/v2\/users\/1"}],"replies":[{"embeddable":true,"href":"https:\/\/www.hoymercedes.com.ar\/principal\/wp-json\/wp\/v2\/comments?post=122302"}],"version-history":[{"count":0,"href":"https:\/\/www.hoymercedes.com.ar\/principal\/wp-json\/wp\/v2\/posts\/122302\/revisions"}],"wp:featuredmedia":[{"embeddable":true,"href":"https:\/\/www.hoymercedes.com.ar\/principal\/wp-json\/wp\/v2\/media\/122303"}],"wp:attachment":[{"href":"https:\/\/www.hoymercedes.com.ar\/principal\/wp-json\/wp\/v2\/media?parent=122302"}],"wp:term":[{"taxonomy":"category","embeddable":true,"href":"https:\/\/www.hoymercedes.com.ar\/principal\/wp-json\/wp\/v2\/categories?post=122302"},{"taxonomy":"post_tag","embeddable":true,"href":"https:\/\/www.hoymercedes.com.ar\/principal\/wp-json\/wp\/v2\/tags?post=122302"}],"curies":[{"name":"wp","href":"https:\/\/api.w.org\/{rel}","templated":true}]}}