{"id":122326,"date":"2020-12-23T19:14:53","date_gmt":"2020-12-23T22:14:53","guid":{"rendered":"http:\/\/www.hoymercedes.com.ar\/principal\/?p=122326"},"modified":"2020-12-24T12:39:28","modified_gmt":"2020-12-24T15:39:28","slug":"suspenden-fiestas-y-eventos-masivos-en-navidad-al-aire-libre","status":"publish","type":"post","link":"https:\/\/www.hoymercedes.com.ar\/principal\/2020\/12\/23\/suspenden-fiestas-y-eventos-masivos-en-navidad-al-aire-libre\/","title":{"rendered":"Suspenden fiestas y eventos \u00abmasivos\u00bb en navidad al aire libre"},"content":{"rendered":"\n<p>En una comunicaci\u00f3n oficial, la Municipalidad de Mercedes siguiendo los lineamientos de la Provincia de Buenos Aires y tras consultar con distintos actores sociales, expertos, profesionales, comerciantes, determin\u00f3 la suspenci\u00f3n de toda actividad masiva de festejo al aire libre.<\/p>\n\n\n\n<p><strong>El comunicado oficial dice<\/strong>: <\/p>\n\n\n\n<p><em>Ante el incremento de casos positivos de covid-19 en la provincia de Buenos Aires informado en el d\u00eda de la fecha por sus autoridades, representando un 50% de aumento en una semana, con su correspondiente impacto a nivel local y tras una exhautiva evaluaci\u00f3n con expertos y distintos actores sociales que participan del Comit\u00e9 de Crisis local, se informa:<\/em><\/p>\n\n\n\n<p><em>No se permitir\u00e1 la realizaci\u00f3n de festejos y\/o eventos masivos al aire libre los d\u00edas 24 y 25 de diciembre, en ning\u00fan establecimiento comercial de esparcimiento nocturno ni en espacios privados.<\/em><\/p>\n\n\n\n<p><em>Instamos firmemente a todos y todas que pasemos una fiesta en familia, cuid\u00e1ndonos y cuidando a nuestros adultos mayores, respetando las medidas de distanciamiento e higiene, para poder seguir disfrutando de nuestros seres queridos durante muchas fiestas m\u00e1s.<\/em><\/p>\n\n\n\n<p><em>M\u00e1s que nunca debemos comprender como sociedad el peligro existente. El virus contin\u00faa entre nosotros, en el pa\u00eds y el mundo, demostremos una vez m\u00e1s como comunidad organizada que podemos enfrentarlo con responsabilidad y consciencia<\/em>.<\/p>\n\n\n\n<figure class=\"wp-block-image size-large is-resized\"><img loading=\"lazy\" decoding=\"async\" data-attachment-id=\"122327\" data-permalink=\"https:\/\/www.hoymercedes.com.ar\/principal\/2020\/12\/23\/suspenden-fiestas-y-eventos-masivos-en-navidad-al-aire-libre\/suspencion\/#main\" data-orig-file=\"https:\/\/www.hoymercedes.com.ar\/principal\/wp-content\/uploads\/2020\/12\/Suspencion.jpg\" data-orig-size=\"619,666\" data-comments-opened=\"0\" data-image-meta=\"{&quot;aperture&quot;:&quot;0&quot;,&quot;credit&quot;:&quot;&quot;,&quot;camera&quot;:&quot;&quot;,&quot;caption&quot;:&quot;&quot;,&quot;created_timestamp&quot;:&quot;0&quot;,&quot;copyright&quot;:&quot;&quot;,&quot;focal_length&quot;:&quot;0&quot;,&quot;iso&quot;:&quot;0&quot;,&quot;shutter_speed&quot;:&quot;0&quot;,&quot;title&quot;:&quot;&quot;,&quot;orientation&quot;:&quot;0&quot;}\" data-image-title=\"Suspencion\" data-image-description=\"\" data-image-caption=\"\" data-large-file=\"https:\/\/www.hoymercedes.com.ar\/principal\/wp-content\/uploads\/2020\/12\/Suspencion.jpg\" src=\"https:\/\/www.hoymercedes.com.ar\/principal\/wp-content\/uploads\/2020\/12\/Suspencion.jpg\" alt=\"\" class=\"wp-image-122327\" width=\"961\" height=\"1034\"\/><\/figure>\n","protected":false},"excerpt":{"rendered":"<p>En una comunicaci\u00f3n oficial, la Municipalidad de Mercedes siguiendo los lineamientos de la Provincia de Buenos Aires y tras consultar &#8230; <a title=\"Suspenden fiestas y eventos \u00abmasivos\u00bb en navidad al aire libre\" class=\"read-more\" href=\"https:\/\/www.hoymercedes.com.ar\/principal\/2020\/12\/23\/suspenden-fiestas-y-eventos-masivos-en-navidad-al-aire-libre\/\" aria-label=\"Leer m\u00e1s sobre Suspenden fiestas y eventos \u00abmasivos\u00bb en navidad al aire libre\">Leer m\u00e1s<\/a><\/p>\n","protected":false},"author":1,"featured_media":122327,"comment_status":"closed","ping_status":"open","sticky":false,"template":"","format":"standard","meta":{"_monsterinsights_skip_tracking":false,"_monsterinsights_sitenote_active":false,"_monsterinsights_sitenote_note":"","_monsterinsights_sitenote_category":0,"jetpack_post_was_ever_published":false,"_jetpack_newsletter_access":"","_jetpack_dont_email_post_to_subs":false,"_jetpack_newsletter_tier_id":0,"_jetpack_memberships_contains_paywalled_content":false,"_jetpack_memberships_contains_paid_content":false,"footnotes":"","jetpack_publicize_message":"","jetpack_publicize_feature_enabled":true,"jetpack_social_post_already_shared":true,"jetpack_social_options":{"image_generator_settings":{"template":"highway","default_image_id":0,"font":"","enabled":false},"version":2},"_wpas_customize_per_network":false},"categories":[30],"tags":[16892,17405,16175,16313,134],"class_list":["post-122326","post","type-post","status-publish","format-standard","has-post-thumbnail","hentry","category-municipio","tag-cierre-preventivo","tag-comunicado-oficial","tag-coronavirus","tag-covid-19","tag-salud","generate-columns","tablet-grid-50","mobile-grid-100","grid-parent","grid-50"],"jetpack_publicize_connections":[],"jetpack_featured_media_url":"https:\/\/www.hoymercedes.com.ar\/principal\/wp-content\/uploads\/2020\/12\/Suspencion.jpg","wps_subtitle":"Para 24 y 25 de diciembre","jetpack_sharing_enabled":true,"_links":{"self":[{"href":"https:\/\/www.hoymercedes.com.ar\/principal\/wp-json\/wp\/v2\/posts\/122326","targetHints":{"allow":["GET"]}}],"collection":[{"href":"https:\/\/www.hoymercedes.com.ar\/principal\/wp-json\/wp\/v2\/posts"}],"about":[{"href":"https:\/\/www.hoymercedes.com.ar\/principal\/wp-json\/wp\/v2\/types\/post"}],"author":[{"embeddable":true,"href":"https:\/\/www.hoymercedes.com.ar\/principal\/wp-json\/wp\/v2\/users\/1"}],"replies":[{"embeddable":true,"href":"https:\/\/www.hoymercedes.com.ar\/principal\/wp-json\/wp\/v2\/comments?post=122326"}],"version-history":[{"count":0,"href":"https:\/\/www.hoymercedes.com.ar\/principal\/wp-json\/wp\/v2\/posts\/122326\/revisions"}],"wp:featuredmedia":[{"embeddable":true,"href":"https:\/\/www.hoymercedes.com.ar\/principal\/wp-json\/wp\/v2\/media\/122327"}],"wp:attachment":[{"href":"https:\/\/www.hoymercedes.com.ar\/principal\/wp-json\/wp\/v2\/media?parent=122326"}],"wp:term":[{"taxonomy":"category","embeddable":true,"href":"https:\/\/www.hoymercedes.com.ar\/principal\/wp-json\/wp\/v2\/categories?post=122326"},{"taxonomy":"post_tag","embeddable":true,"href":"https:\/\/www.hoymercedes.com.ar\/principal\/wp-json\/wp\/v2\/tags?post=122326"}],"curies":[{"name":"wp","href":"https:\/\/api.w.org\/{rel}","templated":true}]}}