{"id":122333,"date":"2020-12-23T20:52:23","date_gmt":"2020-12-23T23:52:23","guid":{"rendered":"http:\/\/www.hoymercedes.com.ar\/principal\/?p=122333"},"modified":"2020-12-24T12:38:46","modified_gmt":"2020-12-24T15:38:46","slug":"detienen-a-hombre-de-23-anos-sospechoso-de-abuso-sexual-una-mujer-mayor","status":"publish","type":"post","link":"https:\/\/www.hoymercedes.com.ar\/principal\/2020\/12\/23\/detienen-a-hombre-de-23-anos-sospechoso-de-abuso-sexual-una-mujer-mayor\/","title":{"rendered":"Detienen a hombre de 23 a\u00f1os sospechoso de abuso sexual una mujer mayor"},"content":{"rendered":"\n<p>En la jornada del martes 22 se logr\u00f3 la detenci\u00f3n de un hombre de 23 a\u00f1os sospechoso del delito denunciado el pasado 10 de diciembre en calle 55, entre 20 y 22. La investigaci\u00f3n recay\u00f3 en la Unidad Funcional de Instrucci\u00f3n y Juicio N\u00ba 2 del Departamento Judicial Mercedes \u2013 a cargo del\u00a0dr.\u00a0Sebasti\u00e1n Villalba- para d\u00edas m\u00e1s tardes lograr la detenci\u00f3n del presunto autor del ataque a una se\u00f1ora de 67 a\u00f1os aproximadamente. <\/p>\n\n\n\n<p>De acuerdo a la informaci\u00f3n judiciales: \u00abtras varias tareas investigativas se logr\u00f3 dar con un sospechoso que qued\u00f3 registrado en c\u00e1maras de seguridad de la zona y se solicit\u00f3 al Juzgado de Garant\u00edas N\u00b0 3 una orden de detenci\u00f3n para este sujeto la cual fue efectivizada en la jornada del martes 22 del corriente. Se trata de un hombre de 23 a\u00f1os, quien se domicilia en la ciudad de Mercedes y que cuenta con antecedentes por delitos contra la propiedad. Compareci\u00f3 ante el agente fiscal en el marco la audiencia de declaraci\u00f3n en los t\u00e9rminos del art. 308 del C\u00f3digo Procesal Penal en la jornada de este mi\u00e9rcoles\u00bb, <\/p>\n","protected":false},"excerpt":{"rendered":"<p>En la jornada del martes 22 se logr\u00f3 la detenci\u00f3n de un hombre de 23 a\u00f1os sospechoso del delito denunciado &#8230; <a title=\"Detienen a hombre de 23 a\u00f1os sospechoso de abuso sexual una mujer mayor\" class=\"read-more\" href=\"https:\/\/www.hoymercedes.com.ar\/principal\/2020\/12\/23\/detienen-a-hombre-de-23-anos-sospechoso-de-abuso-sexual-una-mujer-mayor\/\" aria-label=\"Leer m\u00e1s sobre Detienen a hombre de 23 a\u00f1os sospechoso de abuso sexual una mujer mayor\">Leer m\u00e1s<\/a><\/p>\n","protected":false},"author":1,"featured_media":118857,"comment_status":"closed","ping_status":"open","sticky":false,"template":"","format":"standard","meta":{"_monsterinsights_skip_tracking":false,"_monsterinsights_sitenote_active":false,"_monsterinsights_sitenote_note":"","_monsterinsights_sitenote_category":0,"jetpack_post_was_ever_published":false,"_jetpack_newsletter_access":"","_jetpack_dont_email_post_to_subs":false,"_jetpack_newsletter_tier_id":0,"_jetpack_memberships_contains_paywalled_content":false,"_jetpack_memberships_contains_paid_content":false,"footnotes":"","jetpack_publicize_message":"","jetpack_publicize_feature_enabled":true,"jetpack_social_post_already_shared":true,"jetpack_social_options":{"image_generator_settings":{"template":"highway","default_image_id":0,"font":"","enabled":false},"version":2},"_wpas_customize_per_network":false},"categories":[85],"tags":[6728,10581,14998,96],"class_list":["post-122333","post","type-post","status-publish","format-standard","has-post-thumbnail","hentry","category-policial","tag-detenido","tag-fiscalia","tag-ministerio-publico-fiscal","tag-policial-2","generate-columns","tablet-grid-50","mobile-grid-100","grid-parent","grid-50"],"jetpack_publicize_connections":[],"jetpack_featured_media_url":"https:\/\/www.hoymercedes.com.ar\/principal\/wp-content\/uploads\/2020\/10\/21-policia-bragado.jpg","wps_subtitle":"Polic\u00eda local","jetpack_sharing_enabled":true,"_links":{"self":[{"href":"https:\/\/www.hoymercedes.com.ar\/principal\/wp-json\/wp\/v2\/posts\/122333","targetHints":{"allow":["GET"]}}],"collection":[{"href":"https:\/\/www.hoymercedes.com.ar\/principal\/wp-json\/wp\/v2\/posts"}],"about":[{"href":"https:\/\/www.hoymercedes.com.ar\/principal\/wp-json\/wp\/v2\/types\/post"}],"author":[{"embeddable":true,"href":"https:\/\/www.hoymercedes.com.ar\/principal\/wp-json\/wp\/v2\/users\/1"}],"replies":[{"embeddable":true,"href":"https:\/\/www.hoymercedes.com.ar\/principal\/wp-json\/wp\/v2\/comments?post=122333"}],"version-history":[{"count":0,"href":"https:\/\/www.hoymercedes.com.ar\/principal\/wp-json\/wp\/v2\/posts\/122333\/revisions"}],"wp:featuredmedia":[{"embeddable":true,"href":"https:\/\/www.hoymercedes.com.ar\/principal\/wp-json\/wp\/v2\/media\/118857"}],"wp:attachment":[{"href":"https:\/\/www.hoymercedes.com.ar\/principal\/wp-json\/wp\/v2\/media?parent=122333"}],"wp:term":[{"taxonomy":"category","embeddable":true,"href":"https:\/\/www.hoymercedes.com.ar\/principal\/wp-json\/wp\/v2\/categories?post=122333"},{"taxonomy":"post_tag","embeddable":true,"href":"https:\/\/www.hoymercedes.com.ar\/principal\/wp-json\/wp\/v2\/tags?post=122333"}],"curies":[{"name":"wp","href":"https:\/\/api.w.org\/{rel}","templated":true}]}}