{"id":122343,"date":"2020-12-24T09:20:07","date_gmt":"2020-12-24T12:20:07","guid":{"rendered":"http:\/\/www.hoymercedes.com.ar\/principal\/?p=122343"},"modified":"2020-12-24T12:36:38","modified_gmt":"2020-12-24T15:36:38","slug":"concierto-de-organo-de-fin-de-ano","status":"publish","type":"post","link":"https:\/\/www.hoymercedes.com.ar\/principal\/2020\/12\/24\/concierto-de-organo-de-fin-de-ano\/","title":{"rendered":"Concierto de \u00f3rgano de fin de a\u00f1o"},"content":{"rendered":"\n<p>El maestro y organista Manuel Maturo estar\u00e1 ofreciendo un concierto en el \u00f3rgano de la P\u00e1rroquia San Patricio. El m\u00fasico har\u00e1 un repertorio acad\u00e9mico, cl\u00e1sicos y populares, y m\u00fasica de pel\u00edculas. El especta\u00falo ser\u00e1 el domingo 27 de diciembre desde las 18:45 hs. La entrada es libre y gratuita, cumpliendo con el protocolo establecido. <\/p>\n\n\n\n<div class=\"wp-block-image\"><figure class=\"aligncenter size-large\"><img loading=\"lazy\" decoding=\"async\" width=\"720\" height=\"720\" data-attachment-id=\"122344\" data-permalink=\"https:\/\/www.hoymercedes.com.ar\/principal\/2020\/12\/24\/concierto-de-organo-de-fin-de-ano\/24-concierto\/#main\" data-orig-file=\"https:\/\/www.hoymercedes.com.ar\/principal\/wp-content\/uploads\/2020\/12\/24-concierto.jpg\" data-orig-size=\"720,720\" data-comments-opened=\"0\" data-image-meta=\"{&quot;aperture&quot;:&quot;0&quot;,&quot;credit&quot;:&quot;&quot;,&quot;camera&quot;:&quot;&quot;,&quot;caption&quot;:&quot;&quot;,&quot;created_timestamp&quot;:&quot;0&quot;,&quot;copyright&quot;:&quot;&quot;,&quot;focal_length&quot;:&quot;0&quot;,&quot;iso&quot;:&quot;0&quot;,&quot;shutter_speed&quot;:&quot;0&quot;,&quot;title&quot;:&quot;&quot;,&quot;orientation&quot;:&quot;0&quot;}\" data-image-title=\"24 concierto\" data-image-description=\"\" data-image-caption=\"\" data-large-file=\"https:\/\/www.hoymercedes.com.ar\/principal\/wp-content\/uploads\/2020\/12\/24-concierto.jpg\" src=\"https:\/\/www.hoymercedes.com.ar\/principal\/wp-content\/uploads\/2020\/12\/24-concierto.jpg\" alt=\"\" class=\"wp-image-122344\"\/><\/figure><\/div>\n","protected":false},"excerpt":{"rendered":"<p>El maestro y organista Manuel Maturo estar\u00e1 ofreciendo un concierto en el \u00f3rgano de la P\u00e1rroquia San Patricio. El m\u00fasico &#8230; <a title=\"Concierto de \u00f3rgano de fin de a\u00f1o\" class=\"read-more\" href=\"https:\/\/www.hoymercedes.com.ar\/principal\/2020\/12\/24\/concierto-de-organo-de-fin-de-ano\/\" aria-label=\"Leer m\u00e1s sobre Concierto de \u00f3rgano de fin de a\u00f1o\">Leer m\u00e1s<\/a><\/p>\n","protected":false},"author":1,"featured_media":122344,"comment_status":"closed","ping_status":"open","sticky":false,"template":"","format":"standard","meta":{"_monsterinsights_skip_tracking":false,"_monsterinsights_sitenote_active":false,"_monsterinsights_sitenote_note":"","_monsterinsights_sitenote_category":0,"jetpack_post_was_ever_published":false,"_jetpack_newsletter_access":"","_jetpack_dont_email_post_to_subs":false,"_jetpack_newsletter_tier_id":0,"_jetpack_memberships_contains_paywalled_content":false,"_jetpack_memberships_contains_paid_content":false,"footnotes":"","jetpack_publicize_message":"","jetpack_publicize_feature_enabled":true,"jetpack_social_post_already_shared":true,"jetpack_social_options":{"image_generator_settings":{"template":"highway","default_image_id":0,"font":"","enabled":false},"version":2},"_wpas_customize_per_network":false},"categories":[104],"tags":[9018,7805,10868,17402,17401],"class_list":["post-122343","post","type-post","status-publish","format-standard","has-post-thumbnail","hentry","category-cultura","tag-concierto","tag-cultura","tag-iglesia-san-patricio","tag-maturo","tag-organo","generate-columns","tablet-grid-50","mobile-grid-100","grid-parent","grid-50"],"jetpack_publicize_connections":[],"jetpack_featured_media_url":"https:\/\/www.hoymercedes.com.ar\/principal\/wp-content\/uploads\/2020\/12\/24-concierto.jpg","wps_subtitle":"En la Parroquia San Patricio","jetpack_sharing_enabled":true,"_links":{"self":[{"href":"https:\/\/www.hoymercedes.com.ar\/principal\/wp-json\/wp\/v2\/posts\/122343","targetHints":{"allow":["GET"]}}],"collection":[{"href":"https:\/\/www.hoymercedes.com.ar\/principal\/wp-json\/wp\/v2\/posts"}],"about":[{"href":"https:\/\/www.hoymercedes.com.ar\/principal\/wp-json\/wp\/v2\/types\/post"}],"author":[{"embeddable":true,"href":"https:\/\/www.hoymercedes.com.ar\/principal\/wp-json\/wp\/v2\/users\/1"}],"replies":[{"embeddable":true,"href":"https:\/\/www.hoymercedes.com.ar\/principal\/wp-json\/wp\/v2\/comments?post=122343"}],"version-history":[{"count":0,"href":"https:\/\/www.hoymercedes.com.ar\/principal\/wp-json\/wp\/v2\/posts\/122343\/revisions"}],"wp:featuredmedia":[{"embeddable":true,"href":"https:\/\/www.hoymercedes.com.ar\/principal\/wp-json\/wp\/v2\/media\/122344"}],"wp:attachment":[{"href":"https:\/\/www.hoymercedes.com.ar\/principal\/wp-json\/wp\/v2\/media?parent=122343"}],"wp:term":[{"taxonomy":"category","embeddable":true,"href":"https:\/\/www.hoymercedes.com.ar\/principal\/wp-json\/wp\/v2\/categories?post=122343"},{"taxonomy":"post_tag","embeddable":true,"href":"https:\/\/www.hoymercedes.com.ar\/principal\/wp-json\/wp\/v2\/tags?post=122343"}],"curies":[{"name":"wp","href":"https:\/\/api.w.org\/{rel}","templated":true}]}}