{"id":122401,"date":"2020-12-25T22:17:48","date_gmt":"2020-12-26T01:17:48","guid":{"rendered":"http:\/\/www.hoymercedes.com.ar\/principal\/?p=122401"},"modified":"2020-12-28T12:16:35","modified_gmt":"2020-12-28T15:16:35","slug":"coronavirus-5-positivos-entre-los-25-test-del-dia","status":"publish","type":"post","link":"https:\/\/www.hoymercedes.com.ar\/principal\/2020\/12\/25\/coronavirus-5-positivos-entre-los-25-test-del-dia\/","title":{"rendered":"Coronavirus: 5 positivos entre los 25 test del d\u00eda"},"content":{"rendered":"\n<p>El informe epidemiol\u00f3gico de Mercedes confirma que entre 25 an\u00e1lisis realizados este 25 de diciembre, 5 estudios resultaron positivos de covid-19. Con las confirmaciones del d\u00eda son 113 los pacientes que se encuentran con el virus Sars-Cov2 de manera activa. <\/p>\n\n\n\n<div class=\"wp-block-image\"><figure class=\"aligncenter size-large\"><img loading=\"lazy\" decoding=\"async\" width=\"800\" height=\"800\" data-attachment-id=\"122402\" data-permalink=\"https:\/\/www.hoymercedes.com.ar\/principal\/2020\/12\/25\/coronavirus-5-positivos-entre-los-25-test-del-dia\/whatsapp-image-2020-12-25-at-21-50-41\/#main\" data-orig-file=\"https:\/\/www.hoymercedes.com.ar\/principal\/wp-content\/uploads\/2020\/12\/WhatsApp-Image-2020-12-25-at-21.50.41.jpeg\" data-orig-size=\"800,800\" data-comments-opened=\"0\" data-image-meta=\"{&quot;aperture&quot;:&quot;0&quot;,&quot;credit&quot;:&quot;&quot;,&quot;camera&quot;:&quot;&quot;,&quot;caption&quot;:&quot;&quot;,&quot;created_timestamp&quot;:&quot;0&quot;,&quot;copyright&quot;:&quot;&quot;,&quot;focal_length&quot;:&quot;0&quot;,&quot;iso&quot;:&quot;0&quot;,&quot;shutter_speed&quot;:&quot;0&quot;,&quot;title&quot;:&quot;&quot;,&quot;orientation&quot;:&quot;0&quot;}\" data-image-title=\"WhatsApp Image 2020-12-25 at 21.50.41\" data-image-description=\"\" data-image-caption=\"\" data-large-file=\"https:\/\/www.hoymercedes.com.ar\/principal\/wp-content\/uploads\/2020\/12\/WhatsApp-Image-2020-12-25-at-21.50.41.jpeg\" src=\"https:\/\/www.hoymercedes.com.ar\/principal\/wp-content\/uploads\/2020\/12\/WhatsApp-Image-2020-12-25-at-21.50.41.jpeg\" alt=\"\" class=\"wp-image-122402\"\/><\/figure><\/div>\n","protected":false},"excerpt":{"rendered":"<p>El informe epidemiol\u00f3gico de Mercedes confirma que entre 25 an\u00e1lisis realizados este 25 de diciembre, 5 estudios resultaron positivos de &#8230; <a title=\"Coronavirus: 5 positivos entre los 25 test del d\u00eda\" class=\"read-more\" href=\"https:\/\/www.hoymercedes.com.ar\/principal\/2020\/12\/25\/coronavirus-5-positivos-entre-los-25-test-del-dia\/\" aria-label=\"Leer m\u00e1s sobre Coronavirus: 5 positivos entre los 25 test del d\u00eda\">Leer m\u00e1s<\/a><\/p>\n","protected":false},"author":1,"featured_media":122402,"comment_status":"closed","ping_status":"open","sticky":false,"template":"","format":"standard","meta":{"_monsterinsights_skip_tracking":false,"_monsterinsights_sitenote_active":false,"_monsterinsights_sitenote_note":"","_monsterinsights_sitenote_category":0,"jetpack_post_was_ever_published":false,"_jetpack_newsletter_access":"","_jetpack_dont_email_post_to_subs":false,"_jetpack_newsletter_tier_id":0,"_jetpack_memberships_contains_paywalled_content":false,"_jetpack_memberships_contains_paid_content":false,"footnotes":"","jetpack_publicize_message":"","jetpack_publicize_feature_enabled":true,"jetpack_social_post_already_shared":true,"jetpack_social_options":{"image_generator_settings":{"template":"highway","default_image_id":0,"font":"","enabled":false},"version":2},"_wpas_customize_per_network":false},"categories":[9791],"tags":[16561,16175,16313,134],"class_list":["post-122401","post","type-post","status-publish","format-standard","has-post-thumbnail","hentry","category-salud","tag-cierre-del-dia","tag-coronavirus","tag-covid-19","tag-salud","generate-columns","tablet-grid-50","mobile-grid-100","grid-parent","grid-50"],"jetpack_publicize_connections":[],"jetpack_featured_media_url":"https:\/\/www.hoymercedes.com.ar\/principal\/wp-content\/uploads\/2020\/12\/WhatsApp-Image-2020-12-25-at-21.50.41.jpeg","wps_subtitle":"Covid en Mercedes","jetpack_sharing_enabled":true,"_links":{"self":[{"href":"https:\/\/www.hoymercedes.com.ar\/principal\/wp-json\/wp\/v2\/posts\/122401","targetHints":{"allow":["GET"]}}],"collection":[{"href":"https:\/\/www.hoymercedes.com.ar\/principal\/wp-json\/wp\/v2\/posts"}],"about":[{"href":"https:\/\/www.hoymercedes.com.ar\/principal\/wp-json\/wp\/v2\/types\/post"}],"author":[{"embeddable":true,"href":"https:\/\/www.hoymercedes.com.ar\/principal\/wp-json\/wp\/v2\/users\/1"}],"replies":[{"embeddable":true,"href":"https:\/\/www.hoymercedes.com.ar\/principal\/wp-json\/wp\/v2\/comments?post=122401"}],"version-history":[{"count":0,"href":"https:\/\/www.hoymercedes.com.ar\/principal\/wp-json\/wp\/v2\/posts\/122401\/revisions"}],"wp:featuredmedia":[{"embeddable":true,"href":"https:\/\/www.hoymercedes.com.ar\/principal\/wp-json\/wp\/v2\/media\/122402"}],"wp:attachment":[{"href":"https:\/\/www.hoymercedes.com.ar\/principal\/wp-json\/wp\/v2\/media?parent=122401"}],"wp:term":[{"taxonomy":"category","embeddable":true,"href":"https:\/\/www.hoymercedes.com.ar\/principal\/wp-json\/wp\/v2\/categories?post=122401"},{"taxonomy":"post_tag","embeddable":true,"href":"https:\/\/www.hoymercedes.com.ar\/principal\/wp-json\/wp\/v2\/tags?post=122401"}],"curies":[{"name":"wp","href":"https:\/\/api.w.org\/{rel}","templated":true}]}}