{"id":122479,"date":"2020-12-27T18:49:46","date_gmt":"2020-12-27T21:49:46","guid":{"rendered":"http:\/\/www.hoymercedes.com.ar\/principal\/?p=122479"},"modified":"2020-12-27T23:07:20","modified_gmt":"2020-12-28T02:07:20","slug":"encuesta-refleja-la-percepcion-de-los-mercedinos-sobre-el-covid","status":"publish","type":"post","link":"https:\/\/www.hoymercedes.com.ar\/principal\/2020\/12\/27\/encuesta-refleja-la-percepcion-de-los-mercedinos-sobre-el-covid\/","title":{"rendered":"Encuesta refleja la percepci\u00f3n de los mercedinos sobre el covid"},"content":{"rendered":"\n<p>Durante el mes de diciembre desde la\u00a0<a href=\"https:\/\/blancocp.com.ar\/\" target=\"_blank\" rel=\"noopener\">Consultora Blanco CP<\/a>\u00a0se realiz\u00f3 una encuesta en la Ciudad de Mercedes, con el objetivo de estudiar la percepci\u00f3n local respecto de la pandemia provocada por el COVID-19. La encuesta se public\u00f3 el 22 de diciembre. <\/p>\n\n\n\n<p>El objetivo del trabajo es no solamente conocer cu\u00e1l es la percepci\u00f3n actual frente a la pandemia, sino tambi\u00e9n establecer una comparaci\u00f3n con los resultados de la misma<a rel=\"noreferrer noopener\" href=\"https:\/\/blancocp.com.ar\/encuesta-coronavirus-mercedes-marzo-2020\/\" target=\"_blank\">\u00a0encuesta realizada en marzo<\/a>, al inicio de la cuarentena.<\/p>\n\n\n\n<div class=\"wp-block-image\"><figure class=\"aligncenter size-large\"><img loading=\"lazy\" decoding=\"async\" width=\"766\" height=\"511\" data-attachment-id=\"122486\" data-permalink=\"https:\/\/www.hoymercedes.com.ar\/principal\/2020\/12\/27\/encuesta-refleja-la-percepcion-de-los-mercedinos-sobre-el-covid\/encuesta-covid1-1\/#main\" data-orig-file=\"https:\/\/www.hoymercedes.com.ar\/principal\/wp-content\/uploads\/2020\/12\/encuesta-covid1-1.png\" data-orig-size=\"766,511\" data-comments-opened=\"0\" data-image-meta=\"{&quot;aperture&quot;:&quot;0&quot;,&quot;credit&quot;:&quot;&quot;,&quot;camera&quot;:&quot;&quot;,&quot;caption&quot;:&quot;&quot;,&quot;created_timestamp&quot;:&quot;0&quot;,&quot;copyright&quot;:&quot;&quot;,&quot;focal_length&quot;:&quot;0&quot;,&quot;iso&quot;:&quot;0&quot;,&quot;shutter_speed&quot;:&quot;0&quot;,&quot;title&quot;:&quot;&quot;,&quot;orientation&quot;:&quot;0&quot;}\" data-image-title=\"encuesta covid1 (1)\" data-image-description=\"\" data-image-caption=\"\" data-large-file=\"https:\/\/www.hoymercedes.com.ar\/principal\/wp-content\/uploads\/2020\/12\/encuesta-covid1-1.png\" src=\"https:\/\/www.hoymercedes.com.ar\/principal\/wp-content\/uploads\/2020\/12\/encuesta-covid1-1.png\" alt=\"\" class=\"wp-image-122486\" srcset=\"https:\/\/www.hoymercedes.com.ar\/principal\/wp-content\/uploads\/2020\/12\/encuesta-covid1-1.png 766w, https:\/\/www.hoymercedes.com.ar\/principal\/wp-content\/uploads\/2020\/12\/encuesta-covid1-1-630x420.png 630w, https:\/\/www.hoymercedes.com.ar\/principal\/wp-content\/uploads\/2020\/12\/encuesta-covid1-1-150x100.png 150w\" sizes=\"auto, (max-width: 766px) 100vw, 766px\" \/><\/figure><\/div>\n\n\n\n<p>En este resultado queda claro que la \u00fanica variaci\u00f3n es de un 12,7% en aquellos que en marzo estaban muy preocupados y que hoy pasan a manifestarse s\u00f3lo como bastante preocupados.<\/p>\n\n\n\n<div class=\"wp-block-image\"><figure class=\"aligncenter size-large\"><img loading=\"lazy\" decoding=\"async\" width=\"733\" height=\"560\" data-attachment-id=\"122480\" data-permalink=\"https:\/\/www.hoymercedes.com.ar\/principal\/2020\/12\/27\/encuesta-refleja-la-percepcion-de-los-mercedinos-sobre-el-covid\/encuesta-covid1-2\/#main\" data-orig-file=\"https:\/\/www.hoymercedes.com.ar\/principal\/wp-content\/uploads\/2020\/12\/encuesta-covid1-2.png\" data-orig-size=\"733,560\" data-comments-opened=\"0\" data-image-meta=\"{&quot;aperture&quot;:&quot;0&quot;,&quot;credit&quot;:&quot;&quot;,&quot;camera&quot;:&quot;&quot;,&quot;caption&quot;:&quot;&quot;,&quot;created_timestamp&quot;:&quot;0&quot;,&quot;copyright&quot;:&quot;&quot;,&quot;focal_length&quot;:&quot;0&quot;,&quot;iso&quot;:&quot;0&quot;,&quot;shutter_speed&quot;:&quot;0&quot;,&quot;title&quot;:&quot;&quot;,&quot;orientation&quot;:&quot;0&quot;}\" data-image-title=\"encuesta covid1 (2)\" data-image-description=\"\" data-image-caption=\"\" data-large-file=\"https:\/\/www.hoymercedes.com.ar\/principal\/wp-content\/uploads\/2020\/12\/encuesta-covid1-2.png\" src=\"https:\/\/www.hoymercedes.com.ar\/principal\/wp-content\/uploads\/2020\/12\/encuesta-covid1-2.png\" alt=\"\" class=\"wp-image-122480\" srcset=\"https:\/\/www.hoymercedes.com.ar\/principal\/wp-content\/uploads\/2020\/12\/encuesta-covid1-2.png 733w, https:\/\/www.hoymercedes.com.ar\/principal\/wp-content\/uploads\/2020\/12\/encuesta-covid1-2-630x481.png 630w, https:\/\/www.hoymercedes.com.ar\/principal\/wp-content\/uploads\/2020\/12\/encuesta-covid1-2-150x115.png 150w\" sizes=\"auto, (max-width: 733px) 100vw, 733px\" \/><\/figure><\/div>\n\n\n\n<p>Este gr\u00e1fico nos muestra como se redujo a solo 3.3% quienes creen nada probable el contagiarse, y al mismo tiempo subi\u00f3 al 13.3% los que creen muy probable contraer la enfermedad.<\/p>\n\n\n\n<div class=\"wp-block-image\"><figure class=\"aligncenter size-large\"><img loading=\"lazy\" decoding=\"async\" width=\"710\" height=\"558\" data-attachment-id=\"122481\" data-permalink=\"https:\/\/www.hoymercedes.com.ar\/principal\/2020\/12\/27\/encuesta-refleja-la-percepcion-de-los-mercedinos-sobre-el-covid\/encuesta-covid1-3\/#main\" data-orig-file=\"https:\/\/www.hoymercedes.com.ar\/principal\/wp-content\/uploads\/2020\/12\/encuesta-covid1-3.png\" data-orig-size=\"710,558\" data-comments-opened=\"0\" data-image-meta=\"{&quot;aperture&quot;:&quot;0&quot;,&quot;credit&quot;:&quot;&quot;,&quot;camera&quot;:&quot;&quot;,&quot;caption&quot;:&quot;&quot;,&quot;created_timestamp&quot;:&quot;0&quot;,&quot;copyright&quot;:&quot;&quot;,&quot;focal_length&quot;:&quot;0&quot;,&quot;iso&quot;:&quot;0&quot;,&quot;shutter_speed&quot;:&quot;0&quot;,&quot;title&quot;:&quot;&quot;,&quot;orientation&quot;:&quot;0&quot;}\" data-image-title=\"encuesta covid1 (3)\" data-image-description=\"\" data-image-caption=\"\" data-large-file=\"https:\/\/www.hoymercedes.com.ar\/principal\/wp-content\/uploads\/2020\/12\/encuesta-covid1-3.png\" src=\"https:\/\/www.hoymercedes.com.ar\/principal\/wp-content\/uploads\/2020\/12\/encuesta-covid1-3.png\" alt=\"\" class=\"wp-image-122481\" srcset=\"https:\/\/www.hoymercedes.com.ar\/principal\/wp-content\/uploads\/2020\/12\/encuesta-covid1-3.png 710w, https:\/\/www.hoymercedes.com.ar\/principal\/wp-content\/uploads\/2020\/12\/encuesta-covid1-3-630x495.png 630w, https:\/\/www.hoymercedes.com.ar\/principal\/wp-content\/uploads\/2020\/12\/encuesta-covid1-3-150x118.png 150w\" sizes=\"auto, (max-width: 710px) 100vw, 710px\" \/><\/figure><\/div>\n\n\n\n<p>Cuando se trata de personas cercanas el nivel de preocupaci\u00f3n aumenta. Desde marzo a diciembre creci\u00f3 el porcentaje de las opciones \u201d muy y bastante.\u201d<\/p>\n\n\n\n<div class=\"wp-block-image\"><figure class=\"aligncenter size-large\"><img loading=\"lazy\" decoding=\"async\" width=\"744\" height=\"232\" data-attachment-id=\"122482\" data-permalink=\"https:\/\/www.hoymercedes.com.ar\/principal\/2020\/12\/27\/encuesta-refleja-la-percepcion-de-los-mercedinos-sobre-el-covid\/encuesta-covid1-4\/#main\" data-orig-file=\"https:\/\/www.hoymercedes.com.ar\/principal\/wp-content\/uploads\/2020\/12\/encuesta-covid1-4.png\" data-orig-size=\"744,232\" data-comments-opened=\"0\" data-image-meta=\"{&quot;aperture&quot;:&quot;0&quot;,&quot;credit&quot;:&quot;&quot;,&quot;camera&quot;:&quot;&quot;,&quot;caption&quot;:&quot;&quot;,&quot;created_timestamp&quot;:&quot;0&quot;,&quot;copyright&quot;:&quot;&quot;,&quot;focal_length&quot;:&quot;0&quot;,&quot;iso&quot;:&quot;0&quot;,&quot;shutter_speed&quot;:&quot;0&quot;,&quot;title&quot;:&quot;&quot;,&quot;orientation&quot;:&quot;0&quot;}\" data-image-title=\"encuesta covid1 (4)\" data-image-description=\"\" data-image-caption=\"\" data-large-file=\"https:\/\/www.hoymercedes.com.ar\/principal\/wp-content\/uploads\/2020\/12\/encuesta-covid1-4.png\" src=\"https:\/\/www.hoymercedes.com.ar\/principal\/wp-content\/uploads\/2020\/12\/encuesta-covid1-4.png\" alt=\"\" class=\"wp-image-122482\" srcset=\"https:\/\/www.hoymercedes.com.ar\/principal\/wp-content\/uploads\/2020\/12\/encuesta-covid1-4.png 744w, https:\/\/www.hoymercedes.com.ar\/principal\/wp-content\/uploads\/2020\/12\/encuesta-covid1-4-630x196.png 630w, https:\/\/www.hoymercedes.com.ar\/principal\/wp-content\/uploads\/2020\/12\/encuesta-covid1-4-150x47.png 150w\" sizes=\"auto, (max-width: 744px) 100vw, 744px\" \/><\/figure><\/div>\n\n\n\n<p>Aqu\u00ed claramente baj\u00f3 la aceptaci\u00f3n casi total que tuvieron en su comienzo las medidas del gobierno nacional, el paso del tiempo y la evoluci\u00f3n de la pandemia fue generando una atomizaci\u00f3n en cuanto a la mirada de los ciudadanos sobre las medidas de gobierno.<\/p>\n\n\n\n<div class=\"wp-block-image\"><figure class=\"aligncenter size-large\"><img loading=\"lazy\" decoding=\"async\" width=\"745\" height=\"228\" data-attachment-id=\"122483\" data-permalink=\"https:\/\/www.hoymercedes.com.ar\/principal\/2020\/12\/27\/encuesta-refleja-la-percepcion-de-los-mercedinos-sobre-el-covid\/encuesta-covid1-5\/#main\" data-orig-file=\"https:\/\/www.hoymercedes.com.ar\/principal\/wp-content\/uploads\/2020\/12\/encuesta-covid1-5.png\" data-orig-size=\"745,228\" data-comments-opened=\"0\" data-image-meta=\"{&quot;aperture&quot;:&quot;0&quot;,&quot;credit&quot;:&quot;&quot;,&quot;camera&quot;:&quot;&quot;,&quot;caption&quot;:&quot;&quot;,&quot;created_timestamp&quot;:&quot;0&quot;,&quot;copyright&quot;:&quot;&quot;,&quot;focal_length&quot;:&quot;0&quot;,&quot;iso&quot;:&quot;0&quot;,&quot;shutter_speed&quot;:&quot;0&quot;,&quot;title&quot;:&quot;&quot;,&quot;orientation&quot;:&quot;0&quot;}\" data-image-title=\"encuesta covid1 (5)\" data-image-description=\"\" data-image-caption=\"\" data-large-file=\"https:\/\/www.hoymercedes.com.ar\/principal\/wp-content\/uploads\/2020\/12\/encuesta-covid1-5.png\" src=\"https:\/\/www.hoymercedes.com.ar\/principal\/wp-content\/uploads\/2020\/12\/encuesta-covid1-5.png\" alt=\"\" class=\"wp-image-122483\" srcset=\"https:\/\/www.hoymercedes.com.ar\/principal\/wp-content\/uploads\/2020\/12\/encuesta-covid1-5.png 745w, https:\/\/www.hoymercedes.com.ar\/principal\/wp-content\/uploads\/2020\/12\/encuesta-covid1-5-630x193.png 630w, https:\/\/www.hoymercedes.com.ar\/principal\/wp-content\/uploads\/2020\/12\/encuesta-covid1-5-150x46.png 150w\" sizes=\"auto, (max-width: 745px) 100vw, 745px\" \/><\/figure><\/div>\n\n\n\n<p>En cuanto a las medidas tomadas por el municipio se manifiesta un fen\u00f3meno muy similar a lo que ocurre a nivel nacional. Est\u00e1 claro que las disposiciones de ambos gobiernos van en simult\u00e1neo y por ende el nivel de aceptaci\u00f3n es similar.<\/p>\n\n\n\n<div class=\"wp-block-image\"><figure class=\"aligncenter size-large\"><img loading=\"lazy\" decoding=\"async\" width=\"746\" height=\"527\" data-attachment-id=\"122484\" data-permalink=\"https:\/\/www.hoymercedes.com.ar\/principal\/2020\/12\/27\/encuesta-refleja-la-percepcion-de-los-mercedinos-sobre-el-covid\/encuesta-covid1-6\/#main\" data-orig-file=\"https:\/\/www.hoymercedes.com.ar\/principal\/wp-content\/uploads\/2020\/12\/encuesta-covid1-6.png\" data-orig-size=\"746,527\" data-comments-opened=\"0\" data-image-meta=\"{&quot;aperture&quot;:&quot;0&quot;,&quot;credit&quot;:&quot;&quot;,&quot;camera&quot;:&quot;&quot;,&quot;caption&quot;:&quot;&quot;,&quot;created_timestamp&quot;:&quot;0&quot;,&quot;copyright&quot;:&quot;&quot;,&quot;focal_length&quot;:&quot;0&quot;,&quot;iso&quot;:&quot;0&quot;,&quot;shutter_speed&quot;:&quot;0&quot;,&quot;title&quot;:&quot;&quot;,&quot;orientation&quot;:&quot;0&quot;}\" data-image-title=\"encuesta covid1 (6)\" data-image-description=\"\" data-image-caption=\"\" data-large-file=\"https:\/\/www.hoymercedes.com.ar\/principal\/wp-content\/uploads\/2020\/12\/encuesta-covid1-6.png\" src=\"https:\/\/www.hoymercedes.com.ar\/principal\/wp-content\/uploads\/2020\/12\/encuesta-covid1-6.png\" alt=\"\" class=\"wp-image-122484\" srcset=\"https:\/\/www.hoymercedes.com.ar\/principal\/wp-content\/uploads\/2020\/12\/encuesta-covid1-6.png 746w, https:\/\/www.hoymercedes.com.ar\/principal\/wp-content\/uploads\/2020\/12\/encuesta-covid1-6-630x445.png 630w, https:\/\/www.hoymercedes.com.ar\/principal\/wp-content\/uploads\/2020\/12\/encuesta-covid1-6-150x106.png 150w, https:\/\/www.hoymercedes.com.ar\/principal\/wp-content\/uploads\/2020\/12\/encuesta-covid1-6-120x85.png 120w\" sizes=\"auto, (max-width: 746px) 100vw, 746px\" \/><\/figure><\/div>\n\n\n\n<p>La confianza en el sistema de salud de la ciudad muestra una ca\u00edda grande de quienes la consideraban bastante correcta para pasar a potenciar miradas m\u00e1s extremas aumentando los que la ven como \u201d muy correcta y nada correcta\u201d.<\/p>\n\n\n\n<div class=\"wp-block-image\"><figure class=\"aligncenter size-large\"><img loading=\"lazy\" decoding=\"async\" width=\"721\" height=\"236\" data-attachment-id=\"122485\" data-permalink=\"https:\/\/www.hoymercedes.com.ar\/principal\/2020\/12\/27\/encuesta-refleja-la-percepcion-de-los-mercedinos-sobre-el-covid\/encuesta-covid1-7\/#main\" data-orig-file=\"https:\/\/www.hoymercedes.com.ar\/principal\/wp-content\/uploads\/2020\/12\/encuesta-covid1-7.png\" data-orig-size=\"721,236\" data-comments-opened=\"0\" data-image-meta=\"{&quot;aperture&quot;:&quot;0&quot;,&quot;credit&quot;:&quot;&quot;,&quot;camera&quot;:&quot;&quot;,&quot;caption&quot;:&quot;&quot;,&quot;created_timestamp&quot;:&quot;0&quot;,&quot;copyright&quot;:&quot;&quot;,&quot;focal_length&quot;:&quot;0&quot;,&quot;iso&quot;:&quot;0&quot;,&quot;shutter_speed&quot;:&quot;0&quot;,&quot;title&quot;:&quot;&quot;,&quot;orientation&quot;:&quot;0&quot;}\" data-image-title=\"encuesta covid1 (7)\" data-image-description=\"\" data-image-caption=\"\" data-large-file=\"https:\/\/www.hoymercedes.com.ar\/principal\/wp-content\/uploads\/2020\/12\/encuesta-covid1-7.png\" src=\"https:\/\/www.hoymercedes.com.ar\/principal\/wp-content\/uploads\/2020\/12\/encuesta-covid1-7.png\" alt=\"\" class=\"wp-image-122485\" srcset=\"https:\/\/www.hoymercedes.com.ar\/principal\/wp-content\/uploads\/2020\/12\/encuesta-covid1-7.png 721w, https:\/\/www.hoymercedes.com.ar\/principal\/wp-content\/uploads\/2020\/12\/encuesta-covid1-7-630x206.png 630w, https:\/\/www.hoymercedes.com.ar\/principal\/wp-content\/uploads\/2020\/12\/encuesta-covid1-7-150x49.png 150w\" sizes=\"auto, (max-width: 721px) 100vw, 721px\" \/><\/figure><\/div>\n\n\n\n<p>Se puede visualizar una mejor percepci\u00f3n de la situaci\u00f3n personal, pero en poco porcentaje, sobre todo contrastando con que el primer estudio fue realizado cuando reg\u00eda la cuarentena estricta. Esto puede ser una muestra de que la reapertura econ\u00f3mica, genera una mejora, pero no abrupta, y que para una total recuperaci\u00f3n faltar\u00e1 m\u00e1s tiempo.<\/p>\n\n\n\n<p><strong>Ficha t\u00e9cnica<\/strong><br>Fecha de realizaci\u00f3n: 10 al 18 de diciembre 2020<br>Tipo de muestreo: Muestreo aleatorio simple<br>Tama\u00f1o de muestra: 612 casos<br>Modalidad: Cuestionario estructurado con preguntas cerradas<br>Sistema de consulta: En l\u00ednea Error muestral: +\/- 3,8<\/p>\n\n\n\n<p><strong>Fuente: <\/strong><a href=\"https:\/\/blancocp.com.ar\/\" target=\"_blank\" rel=\"noreferrer noopener\"><strong>Blanco Consultor\u00eda Pol\u00edtica<\/strong>\u00a0<\/a>se encuentra inscripta en el Registro de Empresas de Encuestas y Sondeos de Opini\u00f3n, perteneciente a la C\u00e1mara Nacional Electoral y trabaja respetando estrictamente los c\u00f3digos internacionales que regulan la actividad, formulados por ESOMAR, a los que adhiere SAIMO (Sociedad Argentina de Investigadores de Mercado y Opini\u00f3n). Ello incluye protocolos de confidencialidad, anonimato y buenas pr\u00e1cticas.<\/p>\n\n\n\n<p><\/p>\n","protected":false},"excerpt":{"rendered":"<p>Durante el mes de diciembre desde la\u00a0Consultora Blanco CP\u00a0se realiz\u00f3 una encuesta en la Ciudad de Mercedes, con el objetivo &#8230; <a title=\"Encuesta refleja la percepci\u00f3n de los mercedinos sobre el covid\" class=\"read-more\" href=\"https:\/\/www.hoymercedes.com.ar\/principal\/2020\/12\/27\/encuesta-refleja-la-percepcion-de-los-mercedinos-sobre-el-covid\/\" aria-label=\"Leer m\u00e1s sobre Encuesta refleja la percepci\u00f3n de los mercedinos sobre el covid\">Leer m\u00e1s<\/a><\/p>\n","protected":false},"author":1,"featured_media":122488,"comment_status":"closed","ping_status":"open","sticky":false,"template":"","format":"standard","meta":{"_monsterinsights_skip_tracking":false,"_monsterinsights_sitenote_active":false,"_monsterinsights_sitenote_note":"","_monsterinsights_sitenote_category":0,"jetpack_post_was_ever_published":false,"_jetpack_newsletter_access":"","_jetpack_dont_email_post_to_subs":false,"_jetpack_newsletter_tier_id":0,"_jetpack_memberships_contains_paywalled_content":false,"_jetpack_memberships_contains_paid_content":false,"footnotes":"","jetpack_publicize_message":"","jetpack_publicize_feature_enabled":true,"jetpack_social_post_already_shared":true,"jetpack_social_options":{"image_generator_settings":{"template":"highway","default_image_id":0,"font":"","enabled":false},"version":2},"_wpas_customize_per_network":false},"categories":[1],"tags":[17407,16313,16688],"class_list":["post-122479","post","type-post","status-publish","format-standard","has-post-thumbnail","hentry","category-opinion","tag-consultora","tag-covid-19","tag-encuesta","generate-columns","tablet-grid-50","mobile-grid-100","grid-parent","grid-50"],"jetpack_publicize_connections":[],"jetpack_featured_media_url":"https:\/\/www.hoymercedes.com.ar\/principal\/wp-content\/uploads\/2020\/12\/coronavirus.png","wps_subtitle":"Desde una consultora local","jetpack_sharing_enabled":true,"_links":{"self":[{"href":"https:\/\/www.hoymercedes.com.ar\/principal\/wp-json\/wp\/v2\/posts\/122479","targetHints":{"allow":["GET"]}}],"collection":[{"href":"https:\/\/www.hoymercedes.com.ar\/principal\/wp-json\/wp\/v2\/posts"}],"about":[{"href":"https:\/\/www.hoymercedes.com.ar\/principal\/wp-json\/wp\/v2\/types\/post"}],"author":[{"embeddable":true,"href":"https:\/\/www.hoymercedes.com.ar\/principal\/wp-json\/wp\/v2\/users\/1"}],"replies":[{"embeddable":true,"href":"https:\/\/www.hoymercedes.com.ar\/principal\/wp-json\/wp\/v2\/comments?post=122479"}],"version-history":[{"count":0,"href":"https:\/\/www.hoymercedes.com.ar\/principal\/wp-json\/wp\/v2\/posts\/122479\/revisions"}],"wp:featuredmedia":[{"embeddable":true,"href":"https:\/\/www.hoymercedes.com.ar\/principal\/wp-json\/wp\/v2\/media\/122488"}],"wp:attachment":[{"href":"https:\/\/www.hoymercedes.com.ar\/principal\/wp-json\/wp\/v2\/media?parent=122479"}],"wp:term":[{"taxonomy":"category","embeddable":true,"href":"https:\/\/www.hoymercedes.com.ar\/principal\/wp-json\/wp\/v2\/categories?post=122479"},{"taxonomy":"post_tag","embeddable":true,"href":"https:\/\/www.hoymercedes.com.ar\/principal\/wp-json\/wp\/v2\/tags?post=122479"}],"curies":[{"name":"wp","href":"https:\/\/api.w.org\/{rel}","templated":true}]}}