{"id":12252,"date":"2012-04-16T17:12:04","date_gmt":"2012-04-16T17:12:04","guid":{"rendered":"http:\/\/www.hoymercedes.com.ar\/principal\/?p=12252"},"modified":"2012-04-16T17:12:04","modified_gmt":"2012-04-16T17:12:04","slug":"campana-solidaria-juntan-libros-para-escuela-n-23-de-goldney","status":"publish","type":"post","link":"https:\/\/www.hoymercedes.com.ar\/principal\/2012\/04\/16\/campana-solidaria-juntan-libros-para-escuela-n-23-de-goldney\/","title":{"rendered":"Campa\u00f1a solidaria: juntan libros para escuela N\u00b0 23 de Goldney"},"content":{"rendered":"<p>Se ha dado a conocer una campa\u00f1a solidaria en pos de la recolecci\u00f3n de libros para la Escuela N\u00b0 23 de Goldney. La agrupaci\u00f3n juvenil la ha denominado: \u00abDon\u00e1 tu libro que juntos aprendemos\u00bb<\/p>\n<p>La informaci\u00f3n distribuida dice lo sigiente:<\/p>\n<p><em><span style=\"color: #888888;\">Desde la Juventud Peronista de la Agrupaci\u00f3n 17 de Octubre te invitamos a partipar de la campa\u00f1a: \u00abDONA TU LIBRO QUE JUNTOS APRENDEMOS\u00bb para la Escuela N\u00b023 de Goldney.<\/span><\/em><\/p>\n<p><em><span style=\"color: #888888;\">Ser\u00e1n recibidos los d\u00edas mi\u00e9rcoles desde las 18 hs en nuestra Agrupaci\u00f3n, en calle 29 entre 20 y 22.<\/span><\/em><\/p>\n<p><em><span style=\"color: #888888;\">Esperamos y agradecemos t\u00fa colaboraci\u00f3n.<\/span><\/em><\/p>\n","protected":false},"excerpt":{"rendered":"<p>Se ha dado a conocer una campa\u00f1a solidaria en pos de la recolecci\u00f3n de libros para la Escuela N\u00b0 23 &#8230; <a title=\"Campa\u00f1a solidaria: juntan libros para escuela N\u00b0 23 de Goldney\" class=\"read-more\" href=\"https:\/\/www.hoymercedes.com.ar\/principal\/2012\/04\/16\/campana-solidaria-juntan-libros-para-escuela-n-23-de-goldney\/\" aria-label=\"Leer m\u00e1s sobre Campa\u00f1a solidaria: juntan libros para escuela N\u00b0 23 de Goldney\">Leer m\u00e1s<\/a><\/p>\n","protected":false},"author":1,"featured_media":0,"comment_status":"open","ping_status":"open","sticky":false,"template":"","format":"standard","meta":{"_monsterinsights_skip_tracking":false,"_monsterinsights_sitenote_active":false,"_monsterinsights_sitenote_note":"","_monsterinsights_sitenote_category":0,"jetpack_post_was_ever_published":false,"_jetpack_newsletter_access":"","_jetpack_dont_email_post_to_subs":false,"_jetpack_newsletter_tier_id":0,"_jetpack_memberships_contains_paywalled_content":false,"_jetpack_memberships_contains_paid_content":false,"footnotes":"","jetpack_publicize_message":"","jetpack_publicize_feature_enabled":true,"jetpack_social_post_already_shared":false,"jetpack_social_options":{"image_generator_settings":{"template":"highway","default_image_id":0,"font":"","enabled":false},"version":2},"_wpas_customize_per_network":false},"categories":[5],"tags":[2073],"class_list":["post-12252","post","type-post","status-publish","format-standard","hentry","category-politica","tag-escuela-n-23-de-goldney","generate-columns","tablet-grid-50","mobile-grid-100","grid-parent","grid-50"],"jetpack_publicize_connections":[],"jetpack_featured_media_url":"","wps_subtitle":"","jetpack_sharing_enabled":true,"_links":{"self":[{"href":"https:\/\/www.hoymercedes.com.ar\/principal\/wp-json\/wp\/v2\/posts\/12252","targetHints":{"allow":["GET"]}}],"collection":[{"href":"https:\/\/www.hoymercedes.com.ar\/principal\/wp-json\/wp\/v2\/posts"}],"about":[{"href":"https:\/\/www.hoymercedes.com.ar\/principal\/wp-json\/wp\/v2\/types\/post"}],"author":[{"embeddable":true,"href":"https:\/\/www.hoymercedes.com.ar\/principal\/wp-json\/wp\/v2\/users\/1"}],"replies":[{"embeddable":true,"href":"https:\/\/www.hoymercedes.com.ar\/principal\/wp-json\/wp\/v2\/comments?post=12252"}],"version-history":[{"count":0,"href":"https:\/\/www.hoymercedes.com.ar\/principal\/wp-json\/wp\/v2\/posts\/12252\/revisions"}],"wp:attachment":[{"href":"https:\/\/www.hoymercedes.com.ar\/principal\/wp-json\/wp\/v2\/media?parent=12252"}],"wp:term":[{"taxonomy":"category","embeddable":true,"href":"https:\/\/www.hoymercedes.com.ar\/principal\/wp-json\/wp\/v2\/categories?post=12252"},{"taxonomy":"post_tag","embeddable":true,"href":"https:\/\/www.hoymercedes.com.ar\/principal\/wp-json\/wp\/v2\/tags?post=12252"}],"curies":[{"name":"wp","href":"https:\/\/api.w.org\/{rel}","templated":true}]}}