{"id":122522,"date":"2020-12-28T11:46:54","date_gmt":"2020-12-28T14:46:54","guid":{"rendered":"http:\/\/www.hoymercedes.com.ar\/principal\/?p=122522"},"modified":"2020-12-28T11:56:23","modified_gmt":"2020-12-28T14:56:23","slug":"roberto-potes-gano-su-categoria-en-san-pedro-y-fue-segundo-en-la-general","status":"publish","type":"post","link":"https:\/\/www.hoymercedes.com.ar\/principal\/2020\/12\/28\/roberto-potes-gano-su-categoria-en-san-pedro-y-fue-segundo-en-la-general\/","title":{"rendered":"Roberto Potes gan\u00f3 su categor\u00eda en San Pedro y fue segundo en la General"},"content":{"rendered":"\n<p>El domingo 20 en la localidad de San Pedro y bajo la organizaci\u00f3n de Amigos del Atletismo se llev\u00f3 adelante una prueba pedestre en horas de la ma\u00f1ana. Sobre la distancia de 7 km el mercedino Roberto Potes gan\u00f3 su categor\u00eda (45 a 50 a\u00f1os) para culminar segundo en la General entre unos 120 inscriptos.<\/p>\n\n\n\n<figure class=\"wp-block-image size-large\"><img loading=\"lazy\" decoding=\"async\" width=\"960\" height=\"720\" data-attachment-id=\"122523\" data-permalink=\"https:\/\/www.hoymercedes.com.ar\/principal\/2020\/12\/28\/roberto-potes-gano-su-categoria-en-san-pedro-y-fue-segundo-en-la-general\/roberto-potes-en-san-pedro\/#main\" data-orig-file=\"https:\/\/www.hoymercedes.com.ar\/principal\/wp-content\/uploads\/2020\/12\/Roberto-Potes-en-San-Pedro.jpg\" data-orig-size=\"960,720\" data-comments-opened=\"0\" data-image-meta=\"{&quot;aperture&quot;:&quot;0&quot;,&quot;credit&quot;:&quot;&quot;,&quot;camera&quot;:&quot;&quot;,&quot;caption&quot;:&quot;&quot;,&quot;created_timestamp&quot;:&quot;0&quot;,&quot;copyright&quot;:&quot;&quot;,&quot;focal_length&quot;:&quot;0&quot;,&quot;iso&quot;:&quot;0&quot;,&quot;shutter_speed&quot;:&quot;0&quot;,&quot;title&quot;:&quot;&quot;,&quot;orientation&quot;:&quot;0&quot;}\" data-image-title=\"Roberto-Potes-en-San-Pedro\" data-image-description=\"\" data-image-caption=\"\" data-large-file=\"https:\/\/www.hoymercedes.com.ar\/principal\/wp-content\/uploads\/2020\/12\/Roberto-Potes-en-San-Pedro.jpg\" src=\"https:\/\/www.hoymercedes.com.ar\/principal\/wp-content\/uploads\/2020\/12\/Roberto-Potes-en-San-Pedro.jpg\" alt=\"\" class=\"wp-image-122523\" srcset=\"https:\/\/www.hoymercedes.com.ar\/principal\/wp-content\/uploads\/2020\/12\/Roberto-Potes-en-San-Pedro.jpg 960w, https:\/\/www.hoymercedes.com.ar\/principal\/wp-content\/uploads\/2020\/12\/Roberto-Potes-en-San-Pedro-630x473.jpg 630w, https:\/\/www.hoymercedes.com.ar\/principal\/wp-content\/uploads\/2020\/12\/Roberto-Potes-en-San-Pedro-150x113.jpg 150w\" sizes=\"auto, (max-width: 960px) 100vw, 960px\" \/><\/figure>\n\n\n\n<p>La carrera tuvo la particularidad de realizarse en dos vueltas al circuito cicl\u00edstico \u201cPanor\u00e1mico del Oeste\u201d para luego salir del mismo para completar la cantidad de kil\u00f3metros y regresar al circuito.<\/p>\n","protected":false},"excerpt":{"rendered":"<p>El domingo 20 en la localidad de San Pedro y bajo la organizaci\u00f3n de Amigos del Atletismo se llev\u00f3 adelante &#8230; <a title=\"Roberto Potes gan\u00f3 su categor\u00eda en San Pedro y fue segundo en la General\" class=\"read-more\" href=\"https:\/\/www.hoymercedes.com.ar\/principal\/2020\/12\/28\/roberto-potes-gano-su-categoria-en-san-pedro-y-fue-segundo-en-la-general\/\" aria-label=\"Leer m\u00e1s sobre Roberto Potes gan\u00f3 su categor\u00eda en San Pedro y fue segundo en la General\">Leer m\u00e1s<\/a><\/p>\n","protected":false},"author":1,"featured_media":122523,"comment_status":"closed","ping_status":"open","sticky":false,"template":"","format":"standard","meta":{"_monsterinsights_skip_tracking":false,"_monsterinsights_sitenote_active":false,"_monsterinsights_sitenote_note":"","_monsterinsights_sitenote_category":0,"jetpack_post_was_ever_published":false,"_jetpack_newsletter_access":"","_jetpack_dont_email_post_to_subs":false,"_jetpack_newsletter_tier_id":0,"_jetpack_memberships_contains_paywalled_content":false,"_jetpack_memberships_contains_paid_content":false,"footnotes":"","jetpack_publicize_message":"","jetpack_publicize_feature_enabled":true,"jetpack_social_post_already_shared":true,"jetpack_social_options":{"image_generator_settings":{"template":"highway","default_image_id":0,"font":"","enabled":false},"version":2},"_wpas_customize_per_network":false},"categories":[21],"tags":[],"class_list":["post-122522","post","type-post","status-publish","format-standard","has-post-thumbnail","hentry","category-deportes","generate-columns","tablet-grid-50","mobile-grid-100","grid-parent","grid-50"],"jetpack_publicize_connections":[],"jetpack_featured_media_url":"https:\/\/www.hoymercedes.com.ar\/principal\/wp-content\/uploads\/2020\/12\/Roberto-Potes-en-San-Pedro.jpg","wps_subtitle":"","jetpack_sharing_enabled":true,"_links":{"self":[{"href":"https:\/\/www.hoymercedes.com.ar\/principal\/wp-json\/wp\/v2\/posts\/122522","targetHints":{"allow":["GET"]}}],"collection":[{"href":"https:\/\/www.hoymercedes.com.ar\/principal\/wp-json\/wp\/v2\/posts"}],"about":[{"href":"https:\/\/www.hoymercedes.com.ar\/principal\/wp-json\/wp\/v2\/types\/post"}],"author":[{"embeddable":true,"href":"https:\/\/www.hoymercedes.com.ar\/principal\/wp-json\/wp\/v2\/users\/1"}],"replies":[{"embeddable":true,"href":"https:\/\/www.hoymercedes.com.ar\/principal\/wp-json\/wp\/v2\/comments?post=122522"}],"version-history":[{"count":0,"href":"https:\/\/www.hoymercedes.com.ar\/principal\/wp-json\/wp\/v2\/posts\/122522\/revisions"}],"wp:featuredmedia":[{"embeddable":true,"href":"https:\/\/www.hoymercedes.com.ar\/principal\/wp-json\/wp\/v2\/media\/122523"}],"wp:attachment":[{"href":"https:\/\/www.hoymercedes.com.ar\/principal\/wp-json\/wp\/v2\/media?parent=122522"}],"wp:term":[{"taxonomy":"category","embeddable":true,"href":"https:\/\/www.hoymercedes.com.ar\/principal\/wp-json\/wp\/v2\/categories?post=122522"},{"taxonomy":"post_tag","embeddable":true,"href":"https:\/\/www.hoymercedes.com.ar\/principal\/wp-json\/wp\/v2\/tags?post=122522"}],"curies":[{"name":"wp","href":"https:\/\/api.w.org\/{rel}","templated":true}]}}