{"id":122554,"date":"2020-12-28T15:18:52","date_gmt":"2020-12-28T18:18:52","guid":{"rendered":"http:\/\/www.hoymercedes.com.ar\/principal\/?p=122554"},"modified":"2020-12-28T15:20:05","modified_gmt":"2020-12-28T18:20:05","slug":"en-fatal-accidente-en-ruta-5-muere-hombre-de-alberti","status":"publish","type":"post","link":"https:\/\/www.hoymercedes.com.ar\/principal\/2020\/12\/28\/en-fatal-accidente-en-ruta-5-muere-hombre-de-alberti\/","title":{"rendered":"En fatal accidente en Ruta 5 muere hombre de Alberti"},"content":{"rendered":"\n<p>Dos camiones y dos autos tuvieron una violenta colisi\u00f3n en el kil\u00f3metro 197 de la Ruta Nacional N\u00b0 5 en la ma\u00f1ana del lunes. Entre Bragado y Alberti sucedi\u00f3 el hecho en el que un hombre de Alberti falleci\u00f3. <\/p>\n\n\n\n<div class=\"wp-block-image\"><figure class=\"aligncenter size-large\"><img loading=\"lazy\" decoding=\"async\" width=\"1024\" height=\"576\" data-attachment-id=\"122556\" data-permalink=\"https:\/\/www.hoymercedes.com.ar\/principal\/2020\/12\/28\/en-fatal-accidente-en-ruta-5-muere-hombre-de-alberti\/28-choque-5-2\/#main\" data-orig-file=\"https:\/\/www.hoymercedes.com.ar\/principal\/wp-content\/uploads\/2020\/12\/28-choque-5-2-e1609179465901.jpg\" data-orig-size=\"800,450\" data-comments-opened=\"0\" data-image-meta=\"{&quot;aperture&quot;:&quot;0&quot;,&quot;credit&quot;:&quot;&quot;,&quot;camera&quot;:&quot;&quot;,&quot;caption&quot;:&quot;&quot;,&quot;created_timestamp&quot;:&quot;0&quot;,&quot;copyright&quot;:&quot;&quot;,&quot;focal_length&quot;:&quot;0&quot;,&quot;iso&quot;:&quot;0&quot;,&quot;shutter_speed&quot;:&quot;0&quot;,&quot;title&quot;:&quot;&quot;,&quot;orientation&quot;:&quot;0&quot;}\" data-image-title=\"28 choque 5 2\" data-image-description=\"\" data-image-caption=\"\" data-large-file=\"https:\/\/www.hoymercedes.com.ar\/principal\/wp-content\/uploads\/2020\/12\/28-choque-5-2-1024x576.jpg\" src=\"https:\/\/www.hoymercedes.com.ar\/principal\/wp-content\/uploads\/2020\/12\/28-choque-5-2-1024x576.jpg\" alt=\"\" class=\"wp-image-122556\"\/><\/figure><\/div>\n\n\n\n<p>De acuerdo a la informaci\u00f3n que llega desde la localidad de Bragado, del siniestro vial participaron un cami\u00f3n Volvo 270 con acoplado conducido por Sergio Ra\u00fal Dumrauf de 51 a\u00f1os, oriundo de Santa Fe; otro cami\u00f3n Scania con tr\u00e1iler guiado por Pablo David Casas de 41 a\u00f1os oriundo de Mendoza; un auto Ford K que conduc\u00eda H\u00e9ctor Dami\u00e1n Liempe 38 a\u00f1os de Chubut y el cuarto veh\u00edculo es un Renault Cl\u00edo conducido por el hombre de Alberti que falleci\u00f3. Su nombre es Juan Carlos Bassi. <\/p>\n\n\n\n<p>Bragado Informa destaca que uno de los camiones pertenece a la empresa Andreani. Esto gener\u00f3 comentarios varios por ser la empresa que traslada la vacuna contra el covid-19. Sin embargo, la polic\u00eda de la regi\u00f3n confirm\u00f3 que la unidad que particip\u00f3 del siniestro no es parte de la flota de camiones abocado al operativo sanitario. <\/p>\n\n\n\n<p>Fuente: Bragado Informa<\/p>\n\n\n\n<div class=\"wp-block-image\"><figure class=\"aligncenter size-large\"><img loading=\"lazy\" decoding=\"async\" width=\"800\" height=\"450\" data-attachment-id=\"122555\" data-permalink=\"https:\/\/www.hoymercedes.com.ar\/principal\/2020\/12\/28\/en-fatal-accidente-en-ruta-5-muere-hombre-de-alberti\/28-choque-5-1\/#main\" data-orig-file=\"https:\/\/www.hoymercedes.com.ar\/principal\/wp-content\/uploads\/2020\/12\/28-choque-5-1.jpg\" data-orig-size=\"800,450\" data-comments-opened=\"0\" data-image-meta=\"{&quot;aperture&quot;:&quot;0&quot;,&quot;credit&quot;:&quot;&quot;,&quot;camera&quot;:&quot;&quot;,&quot;caption&quot;:&quot;&quot;,&quot;created_timestamp&quot;:&quot;0&quot;,&quot;copyright&quot;:&quot;&quot;,&quot;focal_length&quot;:&quot;0&quot;,&quot;iso&quot;:&quot;0&quot;,&quot;shutter_speed&quot;:&quot;0&quot;,&quot;title&quot;:&quot;&quot;,&quot;orientation&quot;:&quot;0&quot;}\" data-image-title=\"28 choque 5 1\" data-image-description=\"\" data-image-caption=\"\" data-large-file=\"https:\/\/www.hoymercedes.com.ar\/principal\/wp-content\/uploads\/2020\/12\/28-choque-5-1.jpg\" src=\"https:\/\/www.hoymercedes.com.ar\/principal\/wp-content\/uploads\/2020\/12\/28-choque-5-1.jpg\" alt=\"\" class=\"wp-image-122555\" srcset=\"https:\/\/www.hoymercedes.com.ar\/principal\/wp-content\/uploads\/2020\/12\/28-choque-5-1.jpg 800w, https:\/\/www.hoymercedes.com.ar\/principal\/wp-content\/uploads\/2020\/12\/28-choque-5-1-630x354.jpg 630w, https:\/\/www.hoymercedes.com.ar\/principal\/wp-content\/uploads\/2020\/12\/28-choque-5-1-150x84.jpg 150w\" sizes=\"auto, (max-width: 800px) 100vw, 800px\" \/><\/figure><\/div>\n","protected":false},"excerpt":{"rendered":"<p>Dos camiones y dos autos tuvieron una violenta colisi\u00f3n en el kil\u00f3metro 197 de la Ruta Nacional N\u00b0 5 en &#8230; <a title=\"En fatal accidente en Ruta 5 muere hombre de Alberti\" class=\"read-more\" href=\"https:\/\/www.hoymercedes.com.ar\/principal\/2020\/12\/28\/en-fatal-accidente-en-ruta-5-muere-hombre-de-alberti\/\" aria-label=\"Leer m\u00e1s sobre En fatal accidente en Ruta 5 muere hombre de Alberti\">Leer m\u00e1s<\/a><\/p>\n","protected":false},"author":1,"featured_media":122555,"comment_status":"closed","ping_status":"open","sticky":false,"template":"","format":"standard","meta":{"_monsterinsights_skip_tracking":false,"_monsterinsights_sitenote_active":false,"_monsterinsights_sitenote_note":"","_monsterinsights_sitenote_category":0,"jetpack_post_was_ever_published":false,"_jetpack_newsletter_access":"","_jetpack_dont_email_post_to_subs":false,"_jetpack_newsletter_tier_id":0,"_jetpack_memberships_contains_paywalled_content":false,"_jetpack_memberships_contains_paid_content":false,"footnotes":"","jetpack_publicize_message":"","jetpack_publicize_feature_enabled":true,"jetpack_social_post_already_shared":true,"jetpack_social_options":{"image_generator_settings":{"template":"highway","default_image_id":0,"font":"","enabled":false},"version":2},"_wpas_customize_per_network":false},"categories":[85],"tags":[8763,3260,8777,538,10395],"class_list":["post-122554","post","type-post","status-publish","format-standard","has-post-thumbnail","hentry","category-policial","tag-alberti","tag-choque","tag-fallecimiento","tag-ruta-5","tag-siniestro-vial","generate-columns","tablet-grid-50","mobile-grid-100","grid-parent","grid-50"],"jetpack_publicize_connections":[],"jetpack_featured_media_url":"https:\/\/www.hoymercedes.com.ar\/principal\/wp-content\/uploads\/2020\/12\/28-choque-5-1.jpg","wps_subtitle":"En el kil\u00f3metro 197","jetpack_sharing_enabled":true,"_links":{"self":[{"href":"https:\/\/www.hoymercedes.com.ar\/principal\/wp-json\/wp\/v2\/posts\/122554","targetHints":{"allow":["GET"]}}],"collection":[{"href":"https:\/\/www.hoymercedes.com.ar\/principal\/wp-json\/wp\/v2\/posts"}],"about":[{"href":"https:\/\/www.hoymercedes.com.ar\/principal\/wp-json\/wp\/v2\/types\/post"}],"author":[{"embeddable":true,"href":"https:\/\/www.hoymercedes.com.ar\/principal\/wp-json\/wp\/v2\/users\/1"}],"replies":[{"embeddable":true,"href":"https:\/\/www.hoymercedes.com.ar\/principal\/wp-json\/wp\/v2\/comments?post=122554"}],"version-history":[{"count":0,"href":"https:\/\/www.hoymercedes.com.ar\/principal\/wp-json\/wp\/v2\/posts\/122554\/revisions"}],"wp:featuredmedia":[{"embeddable":true,"href":"https:\/\/www.hoymercedes.com.ar\/principal\/wp-json\/wp\/v2\/media\/122555"}],"wp:attachment":[{"href":"https:\/\/www.hoymercedes.com.ar\/principal\/wp-json\/wp\/v2\/media?parent=122554"}],"wp:term":[{"taxonomy":"category","embeddable":true,"href":"https:\/\/www.hoymercedes.com.ar\/principal\/wp-json\/wp\/v2\/categories?post=122554"},{"taxonomy":"post_tag","embeddable":true,"href":"https:\/\/www.hoymercedes.com.ar\/principal\/wp-json\/wp\/v2\/tags?post=122554"}],"curies":[{"name":"wp","href":"https:\/\/api.w.org\/{rel}","templated":true}]}}