{"id":122567,"date":"2020-12-28T18:13:00","date_gmt":"2020-12-28T21:13:00","guid":{"rendered":"http:\/\/www.hoymercedes.com.ar\/principal\/?p=122567"},"modified":"2020-12-28T18:14:18","modified_gmt":"2020-12-28T21:14:18","slug":"ustarroz-gestiono-40-casas-para-mercedes-en-el-instituto-provincial-de-la-vivienda","status":"publish","type":"post","link":"https:\/\/www.hoymercedes.com.ar\/principal\/2020\/12\/28\/ustarroz-gestiono-40-casas-para-mercedes-en-el-instituto-provincial-de-la-vivienda\/","title":{"rendered":"Ustarroz gestion\u00f3 40 casas para Mercedes en el Instituto Provincial de la Vivienda"},"content":{"rendered":"\n<p>El intendente Juan Ignacio Ustarroz ha tenido una agenda carga de gestiones este fin de a\u00f1o y parte de ello fue atender el tema de la vivienda y acceso a la tierra. Por tal motivo se reuni\u00f3 con el ingeniero Ing. Miguel Oroz, presidente del Instituto de la Vivienda bonaerense, donde ultimaron detalles para la realizaci\u00f3n de 40 viviendas en nuestra localidad a instancias de dicho organismo provincial.<\/p>\n\n\n\n<figure class=\"wp-block-image size-large\"><img loading=\"lazy\" decoding=\"async\" width=\"1024\" height=\"681\" data-attachment-id=\"122568\" data-permalink=\"https:\/\/www.hoymercedes.com.ar\/principal\/2020\/12\/28\/ustarroz-gestiono-40-casas-para-mercedes-en-el-instituto-provincial-de-la-vivienda\/ustarroz-vivienda\/#main\" data-orig-file=\"https:\/\/www.hoymercedes.com.ar\/principal\/wp-content\/uploads\/2020\/12\/Ustarroz-Vivienda.jpeg\" data-orig-size=\"1280,851\" data-comments-opened=\"0\" data-image-meta=\"{&quot;aperture&quot;:&quot;0&quot;,&quot;credit&quot;:&quot;&quot;,&quot;camera&quot;:&quot;&quot;,&quot;caption&quot;:&quot;&quot;,&quot;created_timestamp&quot;:&quot;0&quot;,&quot;copyright&quot;:&quot;&quot;,&quot;focal_length&quot;:&quot;0&quot;,&quot;iso&quot;:&quot;0&quot;,&quot;shutter_speed&quot;:&quot;0&quot;,&quot;title&quot;:&quot;&quot;,&quot;orientation&quot;:&quot;0&quot;}\" data-image-title=\"Ustarroz-Vivienda\" data-image-description=\"\" data-image-caption=\"\" data-large-file=\"https:\/\/www.hoymercedes.com.ar\/principal\/wp-content\/uploads\/2020\/12\/Ustarroz-Vivienda-1024x681.jpeg\" src=\"https:\/\/www.hoymercedes.com.ar\/principal\/wp-content\/uploads\/2020\/12\/Ustarroz-Vivienda-1024x681.jpeg\" alt=\"\" class=\"wp-image-122568\" srcset=\"https:\/\/www.hoymercedes.com.ar\/principal\/wp-content\/uploads\/2020\/12\/Ustarroz-Vivienda-1024x681.jpeg 1024w, https:\/\/www.hoymercedes.com.ar\/principal\/wp-content\/uploads\/2020\/12\/Ustarroz-Vivienda-630x419.jpeg 630w, https:\/\/www.hoymercedes.com.ar\/principal\/wp-content\/uploads\/2020\/12\/Ustarroz-Vivienda-150x100.jpeg 150w, https:\/\/www.hoymercedes.com.ar\/principal\/wp-content\/uploads\/2020\/12\/Ustarroz-Vivienda-700x465.jpeg 700w, https:\/\/www.hoymercedes.com.ar\/principal\/wp-content\/uploads\/2020\/12\/Ustarroz-Vivienda.jpeg 1280w\" sizes=\"auto, (max-width: 1024px) 100vw, 1024px\" \/><figcaption>Ustarroz en el Instituto de la Vivienda <\/figcaption><\/figure>\n\n\n\n<p>\u201cAvanzamos en las planificaciones\u201d coment\u00f3 el intendente Ustarroz y dijo que \u201cfinalizamos todos los elementos del expediente correspondiente para poder concretar la construcci\u00f3n de 40 viviendas para la ciudad de Mercedes\u201d coment\u00f3 el primer mandatario local y destac\u00f3 que \u201cencontramos un gran apoyo y predisposici\u00f3n por parte del organismo\u201d.<\/p>\n\n\n\n<p>Por otra parte, se supo que en enero habr\u00e1 m\u00e1s intervenciones al respecto ya firmando el convenio de suscripci\u00f3n al programa que antes del cierre de a\u00f1o el jefe comunal logr\u00f3 concretar por medio de las acciones entre las instituciones efectuadas.<\/p>\n\n\n\n<p>La reuni\u00f3n de Miguel Oroz, presidente del Instituto de la Vivienda, y el intendente Ustarroz, se concret\u00f3 en la capital provincial d\u00edas atr\u00e1s ultimando detalles y aspectos t\u00e9cnicos que se ven\u00edan trabajando entre los equipos municipales y provinciales con el objetivo de tener los detalles propios de gestiones de esta envergadura cubiertos.<\/p>\n\n\n\n<p>\u201cEs para nosotros una gran alegr\u00eda dar un paso de esta magnitud\u201d, afirm\u00f3 Ustarroz y coment\u00f3 que \u201ctenemos el programa mi casa, mi terreno, mi casa refacci\u00f3n y ahora avanzamos con el apoyo del Estado provincial, como tambi\u00e9n lo hacemos con el nacional, implementando en Mercedes las pol\u00edticas de cumplimientos de derechos y acceso a la tierra y la vivienda que impulsan el gobernador Kicillof y el presidente Fern\u00e1ndez\u201d sostuvo y aprovech\u00f3 para agradecer al \u201cministro Wado de Pedro, que siempre est\u00e1 acompa\u00f1\u00e1ndonos y facilitando diversas gestiones pensando en nuestro pueblo\u201d.<\/p>\n\n\n\n<p>De esta manera, Mercedes, da un paso adelante en uno de los temas que m\u00e1s viene trabajando la gesti\u00f3n municipal en el \u00faltimo tiempo.<\/p>\n\n\n\n<p>Info: Municipio<\/p>\n","protected":false},"excerpt":{"rendered":"<p>El intendente Juan Ignacio Ustarroz ha tenido una agenda carga de gestiones este fin de a\u00f1o y parte de ello &#8230; <a title=\"Ustarroz gestion\u00f3 40 casas para Mercedes en el Instituto Provincial de la Vivienda\" class=\"read-more\" href=\"https:\/\/www.hoymercedes.com.ar\/principal\/2020\/12\/28\/ustarroz-gestiono-40-casas-para-mercedes-en-el-instituto-provincial-de-la-vivienda\/\" aria-label=\"Leer m\u00e1s sobre Ustarroz gestion\u00f3 40 casas para Mercedes en el Instituto Provincial de la Vivienda\">Leer m\u00e1s<\/a><\/p>\n","protected":false},"author":1,"featured_media":122568,"comment_status":"closed","ping_status":"open","sticky":false,"template":"","format":"standard","meta":{"_monsterinsights_skip_tracking":false,"_monsterinsights_sitenote_active":false,"_monsterinsights_sitenote_note":"","_monsterinsights_sitenote_category":0,"jetpack_post_was_ever_published":false,"_jetpack_newsletter_access":"","_jetpack_dont_email_post_to_subs":false,"_jetpack_newsletter_tier_id":0,"_jetpack_memberships_contains_paywalled_content":false,"_jetpack_memberships_contains_paid_content":false,"footnotes":"","jetpack_publicize_message":"","jetpack_publicize_feature_enabled":true,"jetpack_social_post_already_shared":true,"jetpack_social_options":{"image_generator_settings":{"template":"highway","default_image_id":0,"font":"","enabled":false},"version":2},"_wpas_customize_per_network":false},"categories":[30],"tags":[17414],"class_list":["post-122567","post","type-post","status-publish","format-standard","has-post-thumbnail","hentry","category-municipio","tag-instituto-de-la-vivienda","generate-columns","tablet-grid-50","mobile-grid-100","grid-parent","grid-50"],"jetpack_publicize_connections":[],"jetpack_featured_media_url":"https:\/\/www.hoymercedes.com.ar\/principal\/wp-content\/uploads\/2020\/12\/Ustarroz-Vivienda.jpeg","wps_subtitle":"Gesti\u00f3n ante provincia","jetpack_sharing_enabled":true,"_links":{"self":[{"href":"https:\/\/www.hoymercedes.com.ar\/principal\/wp-json\/wp\/v2\/posts\/122567","targetHints":{"allow":["GET"]}}],"collection":[{"href":"https:\/\/www.hoymercedes.com.ar\/principal\/wp-json\/wp\/v2\/posts"}],"about":[{"href":"https:\/\/www.hoymercedes.com.ar\/principal\/wp-json\/wp\/v2\/types\/post"}],"author":[{"embeddable":true,"href":"https:\/\/www.hoymercedes.com.ar\/principal\/wp-json\/wp\/v2\/users\/1"}],"replies":[{"embeddable":true,"href":"https:\/\/www.hoymercedes.com.ar\/principal\/wp-json\/wp\/v2\/comments?post=122567"}],"version-history":[{"count":0,"href":"https:\/\/www.hoymercedes.com.ar\/principal\/wp-json\/wp\/v2\/posts\/122567\/revisions"}],"wp:featuredmedia":[{"embeddable":true,"href":"https:\/\/www.hoymercedes.com.ar\/principal\/wp-json\/wp\/v2\/media\/122568"}],"wp:attachment":[{"href":"https:\/\/www.hoymercedes.com.ar\/principal\/wp-json\/wp\/v2\/media?parent=122567"}],"wp:term":[{"taxonomy":"category","embeddable":true,"href":"https:\/\/www.hoymercedes.com.ar\/principal\/wp-json\/wp\/v2\/categories?post=122567"},{"taxonomy":"post_tag","embeddable":true,"href":"https:\/\/www.hoymercedes.com.ar\/principal\/wp-json\/wp\/v2\/tags?post=122567"}],"curies":[{"name":"wp","href":"https:\/\/api.w.org\/{rel}","templated":true}]}}