{"id":122576,"date":"2020-12-28T21:31:36","date_gmt":"2020-12-29T00:31:36","guid":{"rendered":"http:\/\/www.hoymercedes.com.ar\/principal\/?p=122576"},"modified":"2020-12-28T22:11:37","modified_gmt":"2020-12-29T01:11:37","slug":"39-nuevos-casos-positivos-de-covid-19-en-mercedes","status":"publish","type":"post","link":"https:\/\/www.hoymercedes.com.ar\/principal\/2020\/12\/28\/39-nuevos-casos-positivos-de-covid-19-en-mercedes\/","title":{"rendered":"39 nuevos casos positivos de covid-19 en Mercedes"},"content":{"rendered":"\n<p>La informaci\u00f3n epidemol\u00f3gica del cierre de la jornada del lunes confirma que 39 pacientes recibieron sus resultados positivos de covid-19, mientras que 10 recibieron el alta m\u00e9dica de acuerdo a los protocolos sanitarios vigente. Con estas cifras, son 169 las personas que transitan la enfermedad producida por el Sars-cov2. <\/p>\n\n\n\n<div class=\"wp-block-image\"><figure class=\"aligncenter size-large\"><img loading=\"lazy\" decoding=\"async\" width=\"800\" height=\"800\" data-attachment-id=\"122593\" data-permalink=\"https:\/\/www.hoymercedes.com.ar\/principal\/2020\/12\/28\/39-nuevos-casos-positivos-de-covid-19-en-mercedes\/whatsapp-image-2020-12-28-at-22-00-42\/#main\" data-orig-file=\"https:\/\/www.hoymercedes.com.ar\/principal\/wp-content\/uploads\/2020\/12\/WhatsApp-Image-2020-12-28-at-22.00.42.jpeg\" data-orig-size=\"800,800\" data-comments-opened=\"0\" data-image-meta=\"{&quot;aperture&quot;:&quot;0&quot;,&quot;credit&quot;:&quot;&quot;,&quot;camera&quot;:&quot;&quot;,&quot;caption&quot;:&quot;&quot;,&quot;created_timestamp&quot;:&quot;0&quot;,&quot;copyright&quot;:&quot;&quot;,&quot;focal_length&quot;:&quot;0&quot;,&quot;iso&quot;:&quot;0&quot;,&quot;shutter_speed&quot;:&quot;0&quot;,&quot;title&quot;:&quot;&quot;,&quot;orientation&quot;:&quot;0&quot;}\" data-image-title=\"WhatsApp Image 2020-12-28 at 22.00.42\" data-image-description=\"\" data-image-caption=\"\" data-large-file=\"https:\/\/www.hoymercedes.com.ar\/principal\/wp-content\/uploads\/2020\/12\/WhatsApp-Image-2020-12-28-at-22.00.42.jpeg\" src=\"https:\/\/www.hoymercedes.com.ar\/principal\/wp-content\/uploads\/2020\/12\/WhatsApp-Image-2020-12-28-at-22.00.42.jpeg\" alt=\"\" class=\"wp-image-122593\" srcset=\"https:\/\/www.hoymercedes.com.ar\/principal\/wp-content\/uploads\/2020\/12\/WhatsApp-Image-2020-12-28-at-22.00.42.jpeg 800w, https:\/\/www.hoymercedes.com.ar\/principal\/wp-content\/uploads\/2020\/12\/WhatsApp-Image-2020-12-28-at-22.00.42-620x620.jpeg 620w, https:\/\/www.hoymercedes.com.ar\/principal\/wp-content\/uploads\/2020\/12\/WhatsApp-Image-2020-12-28-at-22.00.42-150x150.jpeg 150w\" sizes=\"auto, (max-width: 800px) 100vw, 800px\" \/><\/figure><\/div>\n\n\n\n<p>Informe nacional: Fueron confirmados 7.216 nuevos casos de COVID-19.Con estos registros, suman 1.590.513 positivos en el pa\u00eds, de los cuales 1.414.680 son pacientes recuperados y 132.965 son casos confirmados activos. En las \u00faltimas 24 hs fueron realizados 28.978 testeos y desde el inicio del brote se realizaron 4.712.288 pruebas diagn\u00f3sticas para esta enfermedad, lo que equivale a 103.848 muestras por mill\u00f3n de habitantes.<\/p>\n\n\n\n<p>Detalle por provincia (N\u00ba confirmados hoy | N\u00ba de acumulados): Buenos Aires 2.873 | 670.863; Ciudad de Buenos Aires 863 | 171.190; Catamarca 31 | 2.607; Chaco 121 | 23.968; Chubut 451 | 30.332; Corrientes 183 | 11.556; C\u00f3rdoba 286 | 125.379; Entre R\u00edos 178 | 28.256; Formosa 7 | 221; Jujuy 3 | 18.509; La Pampa 208 | 9.914; La Rioja 4 | 9.072; Mendoza 77 | 59.686; Misiones 3 | 1014; Neuqu\u00e9n 206 | 39.571; R\u00edo Negro 263 | 37.540; Salta 8 | 22.216; San Juan 150 | 11.050; San Luis 34 | 16.066; Santa Cruz 265 | 22.504; Santa Fe 718 | 172.488; Santiago del Estero 61 | 17.132; Tierra del Fuego 63 | 18.802 y Tucum\u00e1n 160 | 70.567<\/p>\n\n\n\n<p>En las \u00faltimas 24 horas, se notificaron 218 nuevas muertes, son 120 hombres y 98 mujeres. Al momento la cantidad de personas fallecidas es 42.868.<\/p>\n","protected":false},"excerpt":{"rendered":"<p>La informaci\u00f3n epidemol\u00f3gica del cierre de la jornada del lunes confirma que 39 pacientes recibieron sus resultados positivos de covid-19, &#8230; <a title=\"39 nuevos casos positivos de covid-19 en Mercedes\" class=\"read-more\" href=\"https:\/\/www.hoymercedes.com.ar\/principal\/2020\/12\/28\/39-nuevos-casos-positivos-de-covid-19-en-mercedes\/\" aria-label=\"Leer m\u00e1s sobre 39 nuevos casos positivos de covid-19 en Mercedes\">Leer m\u00e1s<\/a><\/p>\n","protected":false},"author":1,"featured_media":122593,"comment_status":"closed","ping_status":"open","sticky":false,"template":"","format":"standard","meta":{"_monsterinsights_skip_tracking":false,"_monsterinsights_sitenote_active":false,"_monsterinsights_sitenote_note":"","_monsterinsights_sitenote_category":0,"jetpack_post_was_ever_published":false,"_jetpack_newsletter_access":"","_jetpack_dont_email_post_to_subs":false,"_jetpack_newsletter_tier_id":0,"_jetpack_memberships_contains_paywalled_content":false,"_jetpack_memberships_contains_paid_content":false,"footnotes":"","jetpack_publicize_message":"","jetpack_publicize_feature_enabled":true,"jetpack_social_post_already_shared":true,"jetpack_social_options":{"image_generator_settings":{"template":"highway","default_image_id":0,"font":"","enabled":false},"version":2},"_wpas_customize_per_network":false},"categories":[9791],"tags":[16175,16313,134],"class_list":["post-122576","post","type-post","status-publish","format-standard","has-post-thumbnail","hentry","category-salud","tag-coronavirus","tag-covid-19","tag-salud","generate-columns","tablet-grid-50","mobile-grid-100","grid-parent","grid-50"],"jetpack_publicize_connections":[],"jetpack_featured_media_url":"https:\/\/www.hoymercedes.com.ar\/principal\/wp-content\/uploads\/2020\/12\/WhatsApp-Image-2020-12-28-at-22.00.42.jpeg","wps_subtitle":"Cierre del d\u00eda","jetpack_sharing_enabled":true,"_links":{"self":[{"href":"https:\/\/www.hoymercedes.com.ar\/principal\/wp-json\/wp\/v2\/posts\/122576","targetHints":{"allow":["GET"]}}],"collection":[{"href":"https:\/\/www.hoymercedes.com.ar\/principal\/wp-json\/wp\/v2\/posts"}],"about":[{"href":"https:\/\/www.hoymercedes.com.ar\/principal\/wp-json\/wp\/v2\/types\/post"}],"author":[{"embeddable":true,"href":"https:\/\/www.hoymercedes.com.ar\/principal\/wp-json\/wp\/v2\/users\/1"}],"replies":[{"embeddable":true,"href":"https:\/\/www.hoymercedes.com.ar\/principal\/wp-json\/wp\/v2\/comments?post=122576"}],"version-history":[{"count":0,"href":"https:\/\/www.hoymercedes.com.ar\/principal\/wp-json\/wp\/v2\/posts\/122576\/revisions"}],"wp:featuredmedia":[{"embeddable":true,"href":"https:\/\/www.hoymercedes.com.ar\/principal\/wp-json\/wp\/v2\/media\/122593"}],"wp:attachment":[{"href":"https:\/\/www.hoymercedes.com.ar\/principal\/wp-json\/wp\/v2\/media?parent=122576"}],"wp:term":[{"taxonomy":"category","embeddable":true,"href":"https:\/\/www.hoymercedes.com.ar\/principal\/wp-json\/wp\/v2\/categories?post=122576"},{"taxonomy":"post_tag","embeddable":true,"href":"https:\/\/www.hoymercedes.com.ar\/principal\/wp-json\/wp\/v2\/tags?post=122576"}],"curies":[{"name":"wp","href":"https:\/\/api.w.org\/{rel}","templated":true}]}}