{"id":122580,"date":"2020-12-29T07:33:00","date_gmt":"2020-12-29T10:33:00","guid":{"rendered":"http:\/\/www.hoymercedes.com.ar\/principal\/?p=122580"},"modified":"2020-12-28T21:52:04","modified_gmt":"2020-12-29T00:52:04","slug":"diecisiete-familias-beneficiadas-del-programa-mi-casa-iii","status":"publish","type":"post","link":"https:\/\/www.hoymercedes.com.ar\/principal\/2020\/12\/29\/diecisiete-familias-beneficiadas-del-programa-mi-casa-iii\/","title":{"rendered":"Diecisiete familias beneficiadas del Programa Mi Casa III"},"content":{"rendered":"\n<p>Este lunes \u00faltimo se entregaron las tarjetas a los beneficiarios del programa Municipal Mi Casa III. A partir de las cuales 17 familias podr\u00e1n iniciar la construcci\u00f3n de su casa propia. Para esto, el Municipio realiz\u00f3 un convenio con Cabal y el Banco Credicoop para entregarle el beneficio para lo cual cada beneficiario podr\u00e1 realizar las compras s\u00f3lo en comercios de esta localidad y del rubro vinculado a la construcci\u00f3n.<\/p>\n\n\n\n<div class=\"wp-block-image\"><figure class=\"aligncenter size-large\"><img loading=\"lazy\" decoding=\"async\" width=\"800\" height=\"450\" data-attachment-id=\"122581\" data-permalink=\"https:\/\/www.hoymercedes.com.ar\/principal\/2020\/12\/29\/diecisiete-familias-beneficiadas-del-programa-mi-casa-iii\/dsc02514\/#main\" data-orig-file=\"https:\/\/www.hoymercedes.com.ar\/principal\/wp-content\/uploads\/2020\/12\/DSC02514.jpg\" data-orig-size=\"800,450\" data-comments-opened=\"0\" data-image-meta=\"{&quot;aperture&quot;:&quot;0&quot;,&quot;credit&quot;:&quot;&quot;,&quot;camera&quot;:&quot;&quot;,&quot;caption&quot;:&quot;&quot;,&quot;created_timestamp&quot;:&quot;0&quot;,&quot;copyright&quot;:&quot;&quot;,&quot;focal_length&quot;:&quot;0&quot;,&quot;iso&quot;:&quot;0&quot;,&quot;shutter_speed&quot;:&quot;0&quot;,&quot;title&quot;:&quot;&quot;,&quot;orientation&quot;:&quot;0&quot;}\" data-image-title=\"DSC02514\" data-image-description=\"\" data-image-caption=\"\" data-large-file=\"https:\/\/www.hoymercedes.com.ar\/principal\/wp-content\/uploads\/2020\/12\/DSC02514.jpg\" src=\"https:\/\/www.hoymercedes.com.ar\/principal\/wp-content\/uploads\/2020\/12\/DSC02514.jpg\" alt=\"\" class=\"wp-image-122581\" srcset=\"https:\/\/www.hoymercedes.com.ar\/principal\/wp-content\/uploads\/2020\/12\/DSC02514.jpg 800w, https:\/\/www.hoymercedes.com.ar\/principal\/wp-content\/uploads\/2020\/12\/DSC02514-630x354.jpg 630w, https:\/\/www.hoymercedes.com.ar\/principal\/wp-content\/uploads\/2020\/12\/DSC02514-150x84.jpg 150w\" sizes=\"auto, (max-width: 800px) 100vw, 800px\" \/><\/figure><\/div>\n\n\n\n<p>En el marco del breve acto en el Teatro Argentino, el intendente Ustarroz explic\u00f3 que se \u00abtrata de generarle a la gente que trabaja y se esfuerza, las condiciones para acceder al cr\u00e9dito. Haci\u00e9ndolo de manera totalmente transparente, a trav\u00e9s de un sorteo ante escribano p\u00fablico\u201d y sostuvo \u201cde la mano de la vivienda se pone en marcha la construcci\u00f3n, y de esa manera la econom\u00eda local\u201d. <\/p>\n\n\n\n<p>\u201cNosotros estamos realmente muy felices y contentos de poder finalizar el a\u00f1o cumpliendo con algo que para nosotros es muy bueno porque generan las herramientas y las condiciones para que la gente pueda construir y acceder a la vivienda propia\u201d destac\u00f3 el intendente Juan Ignacio Ustarroz y les dese\u00f3 felices fiestas a los beneficiarios \u201ccreo que ustedes van a empezar un 2021 mucho mejor, porque lo comenzar\u00e1n construyendo su vivienda, y para nosotros realmente, los que trabajamos al servicio de la gente, es un gran orgullo\u201d.&nbsp;&nbsp;&nbsp;&nbsp;&nbsp;<\/p>\n\n\n\n<p>Luego del convenio concertado por el Municipio de Mercedes con la tarjeta Cabal, el beneficio se otorga a trav\u00e9s de esta por intermedio del Banco Credicoop, la Municipalidad deposita la suma y con ella cada beneficiario puede realizar las compras solo en comercios de esta localidad y del rubro vinculado a la construcci\u00f3n. Cada uno de los vecinos debe acreditar en un plazo de 30 d\u00edas los comprobantes que demuestren haber realizado las compras de los elementos necesarios para el beneficio gestionado. &nbsp;<\/p>\n\n\n\n<p>Javier Guevara, subsecretario de viviendas y h\u00e1bitat del municipio manifest\u00f3 \u201cles estamos haciendo entrega de la tarjeta a trav\u00e9s de la cual van a poder acceder al cr\u00e9dito para la construcci\u00f3n de la vivienda. La misma est\u00e1 definida en 6 etapas, cada una de las cuales tienen un valor preestablecido, al finalizar cada una de ellas se actualiza el precio de la etapa siguiente. Le hemos reclamado a todos los comercios que est\u00e1n adheridos a este sistema que no realicen ning\u00fan tipo de sobrecargo, y en caso de que se detecte alguna situaci\u00f3n an\u00f3mala les pedimos a los beneficiarios que nos lo hagan saber para poder tomar las medidas correspondientes\u201d. \u00a0<\/p>\n\n\n\n<p>La directora de tierras, Valeria Illaraz y la directora de vivienda, Marina Amarillo, fueron parte del encuentro en que se concretaron las intervenciones t\u00edpicas del caso con la entrega de documentaci\u00f3n y firmas. \u00a0<\/p>\n\n\n\n<p>Fuente: Prensa Municipal<\/p>\n","protected":false},"excerpt":{"rendered":"<p>Este lunes \u00faltimo se entregaron las tarjetas a los beneficiarios del programa Municipal Mi Casa III. A partir de las &#8230; <a title=\"Diecisiete familias beneficiadas del Programa Mi Casa III\" class=\"read-more\" href=\"https:\/\/www.hoymercedes.com.ar\/principal\/2020\/12\/29\/diecisiete-familias-beneficiadas-del-programa-mi-casa-iii\/\" aria-label=\"Leer m\u00e1s sobre Diecisiete familias beneficiadas del Programa Mi Casa III\">Leer m\u00e1s<\/a><\/p>\n","protected":false},"author":1,"featured_media":122581,"comment_status":"closed","ping_status":"open","sticky":false,"template":"","format":"standard","meta":{"_monsterinsights_skip_tracking":false,"_monsterinsights_sitenote_active":false,"_monsterinsights_sitenote_note":"","_monsterinsights_sitenote_category":0,"jetpack_post_was_ever_published":false,"_jetpack_newsletter_access":"","_jetpack_dont_email_post_to_subs":false,"_jetpack_newsletter_tier_id":0,"_jetpack_memberships_contains_paywalled_content":false,"_jetpack_memberships_contains_paid_content":false,"footnotes":"","jetpack_publicize_message":"","jetpack_publicize_feature_enabled":true,"jetpack_social_post_already_shared":true,"jetpack_social_options":{"image_generator_settings":{"template":"highway","default_image_id":0,"font":"","enabled":false},"version":2},"_wpas_customize_per_network":false},"categories":[30],"tags":[17416,244],"class_list":["post-122580","post","type-post","status-publish","format-standard","has-post-thumbnail","hentry","category-municipio","tag-mi-casa-iii","tag-municipio-2","generate-columns","tablet-grid-50","mobile-grid-100","grid-parent","grid-50"],"jetpack_publicize_connections":[],"jetpack_featured_media_url":"https:\/\/www.hoymercedes.com.ar\/principal\/wp-content\/uploads\/2020\/12\/DSC02514.jpg","wps_subtitle":"H\u00e1bitat y Vivienda Municipal","jetpack_sharing_enabled":true,"_links":{"self":[{"href":"https:\/\/www.hoymercedes.com.ar\/principal\/wp-json\/wp\/v2\/posts\/122580","targetHints":{"allow":["GET"]}}],"collection":[{"href":"https:\/\/www.hoymercedes.com.ar\/principal\/wp-json\/wp\/v2\/posts"}],"about":[{"href":"https:\/\/www.hoymercedes.com.ar\/principal\/wp-json\/wp\/v2\/types\/post"}],"author":[{"embeddable":true,"href":"https:\/\/www.hoymercedes.com.ar\/principal\/wp-json\/wp\/v2\/users\/1"}],"replies":[{"embeddable":true,"href":"https:\/\/www.hoymercedes.com.ar\/principal\/wp-json\/wp\/v2\/comments?post=122580"}],"version-history":[{"count":0,"href":"https:\/\/www.hoymercedes.com.ar\/principal\/wp-json\/wp\/v2\/posts\/122580\/revisions"}],"wp:featuredmedia":[{"embeddable":true,"href":"https:\/\/www.hoymercedes.com.ar\/principal\/wp-json\/wp\/v2\/media\/122581"}],"wp:attachment":[{"href":"https:\/\/www.hoymercedes.com.ar\/principal\/wp-json\/wp\/v2\/media?parent=122580"}],"wp:term":[{"taxonomy":"category","embeddable":true,"href":"https:\/\/www.hoymercedes.com.ar\/principal\/wp-json\/wp\/v2\/categories?post=122580"},{"taxonomy":"post_tag","embeddable":true,"href":"https:\/\/www.hoymercedes.com.ar\/principal\/wp-json\/wp\/v2\/tags?post=122580"}],"curies":[{"name":"wp","href":"https:\/\/api.w.org\/{rel}","templated":true}]}}