{"id":122582,"date":"2020-12-28T21:43:44","date_gmt":"2020-12-29T00:43:44","guid":{"rendered":"http:\/\/www.hoymercedes.com.ar\/principal\/?p=122582"},"modified":"2020-12-28T21:52:13","modified_gmt":"2020-12-29T00:52:13","slug":"fuerte-jornada-de-trabajo-en-el-laboratorio-de-virologia-molecular-municipal-en-el-dubarry","status":"publish","type":"post","link":"https:\/\/www.hoymercedes.com.ar\/principal\/2020\/12\/28\/fuerte-jornada-de-trabajo-en-el-laboratorio-de-virologia-molecular-municipal-en-el-dubarry\/","title":{"rendered":"Fuerte jornada de trabajo en el Laboratorio de Virolog\u00eda Molecular Municipal en el Dubarry"},"content":{"rendered":"\n<figure class=\"wp-block-image size-large\"><img loading=\"lazy\" decoding=\"async\" width=\"939\" height=\"626\" data-attachment-id=\"122583\" data-permalink=\"https:\/\/www.hoymercedes.com.ar\/principal\/2020\/12\/28\/fuerte-jornada-de-trabajo-en-el-laboratorio-de-virologia-molecular-municipal-en-el-dubarry\/dsc03620\/#main\" data-orig-file=\"https:\/\/www.hoymercedes.com.ar\/principal\/wp-content\/uploads\/2020\/12\/DSC03620.jpg\" data-orig-size=\"939,626\" data-comments-opened=\"0\" data-image-meta=\"{&quot;aperture&quot;:&quot;0&quot;,&quot;credit&quot;:&quot;&quot;,&quot;camera&quot;:&quot;&quot;,&quot;caption&quot;:&quot;&quot;,&quot;created_timestamp&quot;:&quot;0&quot;,&quot;copyright&quot;:&quot;&quot;,&quot;focal_length&quot;:&quot;0&quot;,&quot;iso&quot;:&quot;0&quot;,&quot;shutter_speed&quot;:&quot;0&quot;,&quot;title&quot;:&quot;&quot;,&quot;orientation&quot;:&quot;0&quot;}\" data-image-title=\"DSC03620\" data-image-description=\"\" data-image-caption=\"\" data-large-file=\"https:\/\/www.hoymercedes.com.ar\/principal\/wp-content\/uploads\/2020\/12\/DSC03620.jpg\" src=\"https:\/\/www.hoymercedes.com.ar\/principal\/wp-content\/uploads\/2020\/12\/DSC03620.jpg\" alt=\"\" class=\"wp-image-122583\" srcset=\"https:\/\/www.hoymercedes.com.ar\/principal\/wp-content\/uploads\/2020\/12\/DSC03620.jpg 939w, https:\/\/www.hoymercedes.com.ar\/principal\/wp-content\/uploads\/2020\/12\/DSC03620-630x420.jpg 630w, https:\/\/www.hoymercedes.com.ar\/principal\/wp-content\/uploads\/2020\/12\/DSC03620-150x100.jpg 150w\" sizes=\"auto, (max-width: 939px) 100vw, 939px\" \/><\/figure>\n\n\n\n<p>Con el objetivo de cuidar a las y los mercedinos el Hospital Dubarry realiz\u00f3 una jornada marat\u00f3nica. Efectu\u00f3 170 test en cuatro turnos de aplicaci\u00f3n cient\u00edfica. En un sistema de trabajo y gesti\u00f3n que se inici\u00f3 meses atr\u00e1s y que contin\u00faa funcionando. Nuestra ciudad fue la primera en contar con un laboratorio propio y se ha convertido el Dubarry en un ejemplo en la materia, siendo visitado por muchas otras instituciones para ver c\u00f3mo se implementa.<\/p>\n\n\n\n<p>En el d\u00eda de la fecha y para dar respuesta al gran trabajo del Centro de Teleseguimiento, respuesta y tranquilidad a los aislados y controlar potenciales contagios se concretaron 170 test.<\/p>\n\n\n\n<p>Es un dato muy importante, sobre todo porque mientras otras localidades, incluso todas las de la regi\u00f3n, env\u00edan sus estudios afuera los mercedinos los tienen en su pueblo y sin costo gracias al sistema p\u00fablico de salud.<\/p>\n\n\n\n<p>Info: Muni\/Hospital\/HM<\/p>\n","protected":false},"excerpt":{"rendered":"<p>Con el objetivo de cuidar a las y los mercedinos el Hospital Dubarry realiz\u00f3 una jornada marat\u00f3nica. Efectu\u00f3 170 test &#8230; <a title=\"Fuerte jornada de trabajo en el Laboratorio de Virolog\u00eda Molecular Municipal en el Dubarry\" class=\"read-more\" href=\"https:\/\/www.hoymercedes.com.ar\/principal\/2020\/12\/28\/fuerte-jornada-de-trabajo-en-el-laboratorio-de-virologia-molecular-municipal-en-el-dubarry\/\" aria-label=\"Leer m\u00e1s sobre Fuerte jornada de trabajo en el Laboratorio de Virolog\u00eda Molecular Municipal en el Dubarry\">Leer m\u00e1s<\/a><\/p>\n","protected":false},"author":1,"featured_media":122583,"comment_status":"closed","ping_status":"open","sticky":false,"template":"","format":"standard","meta":{"_monsterinsights_skip_tracking":false,"_monsterinsights_sitenote_active":false,"_monsterinsights_sitenote_note":"","_monsterinsights_sitenote_category":0,"jetpack_post_was_ever_published":false,"_jetpack_newsletter_access":"","_jetpack_dont_email_post_to_subs":false,"_jetpack_newsletter_tier_id":0,"_jetpack_memberships_contains_paywalled_content":false,"_jetpack_memberships_contains_paid_content":false,"footnotes":"","jetpack_publicize_message":"","jetpack_publicize_feature_enabled":true,"jetpack_social_post_already_shared":true,"jetpack_social_options":{"image_generator_settings":{"template":"highway","default_image_id":0,"font":"","enabled":false},"version":2},"_wpas_customize_per_network":false},"categories":[9791],"tags":[17415],"class_list":["post-122582","post","type-post","status-publish","format-standard","has-post-thumbnail","hentry","category-salud","tag-laboratorio-de-virologia-molecular-municipal","generate-columns","tablet-grid-50","mobile-grid-100","grid-parent","grid-50"],"jetpack_publicize_connections":[],"jetpack_featured_media_url":"https:\/\/www.hoymercedes.com.ar\/principal\/wp-content\/uploads\/2020\/12\/DSC03620.jpg","wps_subtitle":"Cuidado a los mercedinos","jetpack_sharing_enabled":true,"_links":{"self":[{"href":"https:\/\/www.hoymercedes.com.ar\/principal\/wp-json\/wp\/v2\/posts\/122582","targetHints":{"allow":["GET"]}}],"collection":[{"href":"https:\/\/www.hoymercedes.com.ar\/principal\/wp-json\/wp\/v2\/posts"}],"about":[{"href":"https:\/\/www.hoymercedes.com.ar\/principal\/wp-json\/wp\/v2\/types\/post"}],"author":[{"embeddable":true,"href":"https:\/\/www.hoymercedes.com.ar\/principal\/wp-json\/wp\/v2\/users\/1"}],"replies":[{"embeddable":true,"href":"https:\/\/www.hoymercedes.com.ar\/principal\/wp-json\/wp\/v2\/comments?post=122582"}],"version-history":[{"count":0,"href":"https:\/\/www.hoymercedes.com.ar\/principal\/wp-json\/wp\/v2\/posts\/122582\/revisions"}],"wp:featuredmedia":[{"embeddable":true,"href":"https:\/\/www.hoymercedes.com.ar\/principal\/wp-json\/wp\/v2\/media\/122583"}],"wp:attachment":[{"href":"https:\/\/www.hoymercedes.com.ar\/principal\/wp-json\/wp\/v2\/media?parent=122582"}],"wp:term":[{"taxonomy":"category","embeddable":true,"href":"https:\/\/www.hoymercedes.com.ar\/principal\/wp-json\/wp\/v2\/categories?post=122582"},{"taxonomy":"post_tag","embeddable":true,"href":"https:\/\/www.hoymercedes.com.ar\/principal\/wp-json\/wp\/v2\/tags?post=122582"}],"curies":[{"name":"wp","href":"https:\/\/api.w.org\/{rel}","templated":true}]}}