{"id":122600,"date":"2020-12-29T08:35:00","date_gmt":"2020-12-29T11:35:00","guid":{"rendered":"http:\/\/www.hoymercedes.com.ar\/principal\/?p=122600"},"modified":"2020-12-28T23:31:53","modified_gmt":"2020-12-29T02:31:53","slug":"licitaron-obras-en-las-vias-del-sarmiento-entre-mercedes-y-lujan","status":"publish","type":"post","link":"https:\/\/www.hoymercedes.com.ar\/principal\/2020\/12\/29\/licitaron-obras-en-las-vias-del-sarmiento-entre-mercedes-y-lujan\/","title":{"rendered":"Licitaron obras para mejorar v\u00edas del Sarmiento entre Mercedes y Luj\u00e1n"},"content":{"rendered":"\n<p>Antes de finalizar el a\u00f1o desde Trenes Argentinos se adjudicaron obras de infraestructura para el ramal Sarmiento con una inversi\u00f3n 2.000 millones de pesos para el mejoramiento y renovaci\u00f3n de las v\u00edas.<\/p>\n\n\n\n<p>Entre Mercedes y Luj\u00e1n tras muchos a\u00f1os de no tener avances se realizar\u00e1n parte de las obras que se adjudicaron. La licitaci\u00f3n lanzada por Trenes Argentinos Operaciones (SOFSE) incluye los servicios que circulan en Merlo &#8211; Lobos y Moreno &#8211; Mercedes.<\/p>\n\n\n\n<p>Ese pliego apunta al tramo entre nuestra ciudad y Mercedes. Se incluye el reemplazo de durmientes, tratamiento integral, lineamiento, fijaci\u00f3n, ajuste de losetas en pasos niveles, soldaduras aluminot\u00e9rmicas y obras de desag\u00fces, balastado, entre otras acciones de mejoras<\/p>\n\n\n\n<p>Vale recordar que el ramal Sarmiento es el m\u00e1s utilizado por los mercedinos.<\/p>\n","protected":false},"excerpt":{"rendered":"<p>Antes de finalizar el a\u00f1o desde Trenes Argentinos se adjudicaron obras de infraestructura para el ramal Sarmiento con una inversi\u00f3n &#8230; <a title=\"Licitaron obras para mejorar v\u00edas del Sarmiento entre Mercedes y Luj\u00e1n\" class=\"read-more\" href=\"https:\/\/www.hoymercedes.com.ar\/principal\/2020\/12\/29\/licitaron-obras-en-las-vias-del-sarmiento-entre-mercedes-y-lujan\/\" aria-label=\"Leer m\u00e1s sobre Licitaron obras para mejorar v\u00edas del Sarmiento entre Mercedes y Luj\u00e1n\">Leer m\u00e1s<\/a><\/p>\n","protected":false},"author":1,"featured_media":122601,"comment_status":"closed","ping_status":"open","sticky":false,"template":"","format":"standard","meta":{"_monsterinsights_skip_tracking":false,"_monsterinsights_sitenote_active":false,"_monsterinsights_sitenote_note":"","_monsterinsights_sitenote_category":0,"jetpack_post_was_ever_published":false,"_jetpack_newsletter_access":"","_jetpack_dont_email_post_to_subs":false,"_jetpack_newsletter_tier_id":0,"_jetpack_memberships_contains_paywalled_content":false,"_jetpack_memberships_contains_paid_content":false,"footnotes":"","jetpack_publicize_message":"","jetpack_publicize_feature_enabled":true,"jetpack_social_post_already_shared":true,"jetpack_social_options":{"image_generator_settings":{"template":"highway","default_image_id":0,"font":"","enabled":false},"version":2},"_wpas_customize_per_network":false},"categories":[8],"tags":[9271],"class_list":["post-122600","post","type-post","status-publish","format-standard","has-post-thumbnail","hentry","category-sociedad","tag-tren-sarmiento","generate-columns","tablet-grid-50","mobile-grid-100","grid-parent","grid-50"],"jetpack_publicize_connections":[],"jetpack_featured_media_url":"https:\/\/www.hoymercedes.com.ar\/principal\/wp-content\/uploads\/2020\/12\/TrenSarmiento.FotoTelam.jpg","wps_subtitle":"Inversi\u00f3n nacional ","jetpack_sharing_enabled":true,"_links":{"self":[{"href":"https:\/\/www.hoymercedes.com.ar\/principal\/wp-json\/wp\/v2\/posts\/122600","targetHints":{"allow":["GET"]}}],"collection":[{"href":"https:\/\/www.hoymercedes.com.ar\/principal\/wp-json\/wp\/v2\/posts"}],"about":[{"href":"https:\/\/www.hoymercedes.com.ar\/principal\/wp-json\/wp\/v2\/types\/post"}],"author":[{"embeddable":true,"href":"https:\/\/www.hoymercedes.com.ar\/principal\/wp-json\/wp\/v2\/users\/1"}],"replies":[{"embeddable":true,"href":"https:\/\/www.hoymercedes.com.ar\/principal\/wp-json\/wp\/v2\/comments?post=122600"}],"version-history":[{"count":0,"href":"https:\/\/www.hoymercedes.com.ar\/principal\/wp-json\/wp\/v2\/posts\/122600\/revisions"}],"wp:featuredmedia":[{"embeddable":true,"href":"https:\/\/www.hoymercedes.com.ar\/principal\/wp-json\/wp\/v2\/media\/122601"}],"wp:attachment":[{"href":"https:\/\/www.hoymercedes.com.ar\/principal\/wp-json\/wp\/v2\/media?parent=122600"}],"wp:term":[{"taxonomy":"category","embeddable":true,"href":"https:\/\/www.hoymercedes.com.ar\/principal\/wp-json\/wp\/v2\/categories?post=122600"},{"taxonomy":"post_tag","embeddable":true,"href":"https:\/\/www.hoymercedes.com.ar\/principal\/wp-json\/wp\/v2\/tags?post=122600"}],"curies":[{"name":"wp","href":"https:\/\/api.w.org\/{rel}","templated":true}]}}