{"id":122616,"date":"2020-12-29T17:12:00","date_gmt":"2020-12-29T20:12:00","guid":{"rendered":"http:\/\/www.hoymercedes.com.ar\/principal\/?p=122616"},"modified":"2020-12-29T17:04:16","modified_gmt":"2020-12-29T20:04:16","slug":"el-dr-cursi-el-primero-en-vacunarse-en-mercedes","status":"publish","type":"post","link":"https:\/\/www.hoymercedes.com.ar\/principal\/2020\/12\/29\/el-dr-cursi-el-primero-en-vacunarse-en-mercedes\/","title":{"rendered":"El Dr. Cursi el primero en vacunarse en Mercedes"},"content":{"rendered":"\n<p>El m\u00e9dico Javier Cursi, que atiende en el \u00e1rea de Terapia del Hospital Blas L. Dubarry, fue el primero de los agentes de salud de Mercedes que se aplic\u00f3 la vacuna Sputnik V que arribaron hace unos d\u00edas. \u201cDa bronca la gente en la calle sin cuidados, las reuniones, los contagios, eso nos tira abajo\u201d, dijo el m\u00e9dico en una entrevista radial.Entre las 450 dosis que llegaron a la ciudad, las primeras se aplicaron a los profesionales de la salud.<\/p>\n\n\n\n<div class=\"wp-block-image\"><figure class=\"aligncenter size-large\"><img loading=\"lazy\" decoding=\"async\" width=\"800\" height=\"450\" data-attachment-id=\"122626\" data-permalink=\"https:\/\/www.hoymercedes.com.ar\/principal\/2020\/12\/29\/el-dr-cursi-el-primero-en-vacunarse-en-mercedes\/whatsapp-image-2020-12-29-at-15-46-17\/#main\" data-orig-file=\"https:\/\/www.hoymercedes.com.ar\/principal\/wp-content\/uploads\/2020\/12\/WhatsApp-Image-2020-12-29-at-15.46.17.jpeg\" data-orig-size=\"800,450\" data-comments-opened=\"0\" data-image-meta=\"{&quot;aperture&quot;:&quot;0&quot;,&quot;credit&quot;:&quot;&quot;,&quot;camera&quot;:&quot;&quot;,&quot;caption&quot;:&quot;&quot;,&quot;created_timestamp&quot;:&quot;0&quot;,&quot;copyright&quot;:&quot;&quot;,&quot;focal_length&quot;:&quot;0&quot;,&quot;iso&quot;:&quot;0&quot;,&quot;shutter_speed&quot;:&quot;0&quot;,&quot;title&quot;:&quot;&quot;,&quot;orientation&quot;:&quot;0&quot;}\" data-image-title=\"WhatsApp Image 2020-12-29 at 15.46.17\" data-image-description=\"\" data-image-caption=\"\" data-large-file=\"https:\/\/www.hoymercedes.com.ar\/principal\/wp-content\/uploads\/2020\/12\/WhatsApp-Image-2020-12-29-at-15.46.17.jpeg\" src=\"https:\/\/www.hoymercedes.com.ar\/principal\/wp-content\/uploads\/2020\/12\/WhatsApp-Image-2020-12-29-at-15.46.17.jpeg\" alt=\"\" class=\"wp-image-122626\" srcset=\"https:\/\/www.hoymercedes.com.ar\/principal\/wp-content\/uploads\/2020\/12\/WhatsApp-Image-2020-12-29-at-15.46.17.jpeg 800w, https:\/\/www.hoymercedes.com.ar\/principal\/wp-content\/uploads\/2020\/12\/WhatsApp-Image-2020-12-29-at-15.46.17-630x354.jpeg 630w, https:\/\/www.hoymercedes.com.ar\/principal\/wp-content\/uploads\/2020\/12\/WhatsApp-Image-2020-12-29-at-15.46.17-150x84.jpeg 150w\" sizes=\"auto, (max-width: 800px) 100vw, 800px\" \/><\/figure><\/div>\n\n\n\n<p>En la ma\u00f1ana de este martes, el Hospital Dubarry de Mercedes recibi\u00f3 las dosis para iniciar el proceso de vacunaci\u00f3n. El Dr. Cursi, tras la inyecci\u00f3n de la Sputnik V de origen ruso cont\u00f3 su experiencia ante los medios locales.<\/p>\n\n\n\n<p>\u201cHe investigado, he le\u00eddo, me he cerciorado. Creo que, en pandemia, cualquier vacuna que llegue al pa\u00eds, creo que hay que ponersela y correr la pol\u00edtica de lado. Se ha politizado mucho el tema de las vacunas. Pero creo que cualquiera de las vacunas que llega hay que administrarsela\u201d, expres\u00f3 el m\u00e9dico en di\u00e1logo con radio Universo.<\/p>\n\n\n\n<p>El Dr. Cursi es Jefe de Emergencias y m\u00e9dico de la Terapia Intensiva, por lo tanto, desde que el virus Sars-Cov2 lleg\u00f3 al pa\u00eds y a la ciudad atiende pacientes con s\u00edntomas compatibles al covid-19, muchos de ellos confirman su diagn\u00f3stico luego y otros, necesitan internaci\u00f3n.<\/p>\n\n\n\n<p>\u201cDesde el primer momento estamos trabajando en la primera l\u00ednea junto a todos los chicos y chicas de estas \u00e1reas\u201d, agreg\u00f3 para luego recordar que desde hace casi un a\u00f1o y medio est\u00e1n sin vacaciones. \u201cEsto es continuo, no hay fin de semana. Estamos todos los d\u00edas en el Hospital. Obvio que es lo que nos gusta. Para eso hicimos la carrera\u201d, resalt\u00f3 Cursi.<\/p>\n\n\n\n<p>En el marco de la atenci\u00f3n permanente a pacientes que llegan a la terapia con covid-19, el m\u00e9dico lament\u00f3 el relajamiento de los vecinos. \u201cDa bronca la gente en la calle sin cuidados, las reuniones, los contagios, eso nos tira abajo. A la gente no se la puede encerrar m\u00e1s. Estoy de acuerdo con que la gente salga, pero que lo haga al aire libre. Que no se encierren en reuniones bajo techo, en lugares cerrados. Su pueden juntar con todos los cuidados y al aire libre\u201d, agreg\u00f3 en el di\u00e1logo que mantuvo con el periodista Oscar Pozzi.<\/p>\n\n\n\n<p>\u201cLa poblaci\u00f3n se ha cagado en todos los prestadores de salud. Eso es lo m\u00e1s vergonzoso. La gente se olvid\u00f3 que hay personas en terapia intensiva que est\u00e1n padeciendo, hay familiares que est\u00e1n encerrados y no pueden salir. Se perdi\u00f3 la moral de la gente\u201d, resalt\u00f3 el Dr. Cursi haciendo hincapi\u00e9 en los pacientes en terapia no puede ver a su familia o est\u00e1n incomunicados y en el acompa\u00f1amiento de las enfermeras.<\/p>\n\n\n\n<p>Asimismo, Cursi marc\u00f3 que la problem\u00e1tica mayor en la ciudad son los j\u00f3venes que se contagiaron y sin s\u00edntomas o con s\u00edntomas leves, han transmitido el virus a las personas mayores y son ellos los que tienen s\u00edntomas mayores y deben ser internados en la terapia.<\/p>\n","protected":false},"excerpt":{"rendered":"<p>El m\u00e9dico Javier Cursi, que atiende en el \u00e1rea de Terapia del Hospital Blas L. Dubarry, fue el primero de &#8230; <a title=\"El Dr. Cursi el primero en vacunarse en Mercedes\" class=\"read-more\" href=\"https:\/\/www.hoymercedes.com.ar\/principal\/2020\/12\/29\/el-dr-cursi-el-primero-en-vacunarse-en-mercedes\/\" aria-label=\"Leer m\u00e1s sobre El Dr. Cursi el primero en vacunarse en Mercedes\">Leer m\u00e1s<\/a><\/p>\n","protected":false},"author":1,"featured_media":122626,"comment_status":"closed","ping_status":"open","sticky":false,"template":"","format":"standard","meta":{"_monsterinsights_skip_tracking":false,"_monsterinsights_sitenote_active":false,"_monsterinsights_sitenote_note":"","_monsterinsights_sitenote_category":0,"jetpack_post_was_ever_published":false,"_jetpack_newsletter_access":"","_jetpack_dont_email_post_to_subs":false,"_jetpack_newsletter_tier_id":0,"_jetpack_memberships_contains_paywalled_content":false,"_jetpack_memberships_contains_paid_content":false,"footnotes":"","jetpack_publicize_message":"","jetpack_publicize_feature_enabled":true,"jetpack_social_post_already_shared":true,"jetpack_social_options":{"image_generator_settings":{"template":"highway","default_image_id":0,"font":"","enabled":false},"version":2},"_wpas_customize_per_network":false},"categories":[9791],"tags":[16175,16313,140,17380,765],"class_list":["post-122616","post","type-post","status-publish","format-standard","has-post-thumbnail","hentry","category-salud","tag-coronavirus","tag-covid-19","tag-hospital-dubarry","tag-sputnik-v","tag-vacunacion","generate-columns","tablet-grid-50","mobile-grid-100","grid-parent","grid-50"],"jetpack_publicize_connections":[],"jetpack_featured_media_url":"https:\/\/www.hoymercedes.com.ar\/principal\/wp-content\/uploads\/2020\/12\/WhatsApp-Image-2020-12-29-at-15.46.17.jpeg","wps_subtitle":"Sputnik V contra el coronavirus","jetpack_sharing_enabled":true,"_links":{"self":[{"href":"https:\/\/www.hoymercedes.com.ar\/principal\/wp-json\/wp\/v2\/posts\/122616","targetHints":{"allow":["GET"]}}],"collection":[{"href":"https:\/\/www.hoymercedes.com.ar\/principal\/wp-json\/wp\/v2\/posts"}],"about":[{"href":"https:\/\/www.hoymercedes.com.ar\/principal\/wp-json\/wp\/v2\/types\/post"}],"author":[{"embeddable":true,"href":"https:\/\/www.hoymercedes.com.ar\/principal\/wp-json\/wp\/v2\/users\/1"}],"replies":[{"embeddable":true,"href":"https:\/\/www.hoymercedes.com.ar\/principal\/wp-json\/wp\/v2\/comments?post=122616"}],"version-history":[{"count":0,"href":"https:\/\/www.hoymercedes.com.ar\/principal\/wp-json\/wp\/v2\/posts\/122616\/revisions"}],"wp:featuredmedia":[{"embeddable":true,"href":"https:\/\/www.hoymercedes.com.ar\/principal\/wp-json\/wp\/v2\/media\/122626"}],"wp:attachment":[{"href":"https:\/\/www.hoymercedes.com.ar\/principal\/wp-json\/wp\/v2\/media?parent=122616"}],"wp:term":[{"taxonomy":"category","embeddable":true,"href":"https:\/\/www.hoymercedes.com.ar\/principal\/wp-json\/wp\/v2\/categories?post=122616"},{"taxonomy":"post_tag","embeddable":true,"href":"https:\/\/www.hoymercedes.com.ar\/principal\/wp-json\/wp\/v2\/tags?post=122616"}],"curies":[{"name":"wp","href":"https:\/\/api.w.org\/{rel}","templated":true}]}}