{"id":122618,"date":"2020-12-29T15:53:12","date_gmt":"2020-12-29T18:53:12","guid":{"rendered":"http:\/\/www.hoymercedes.com.ar\/principal\/?p=122618"},"modified":"2020-12-29T15:53:16","modified_gmt":"2020-12-29T18:53:16","slug":"detectan-posible-trata-de-personas-e-ilegalidad-resolviendo-en-24hs-un-caso-de-alta-complejidad","status":"publish","type":"post","link":"https:\/\/www.hoymercedes.com.ar\/principal\/2020\/12\/29\/detectan-posible-trata-de-personas-e-ilegalidad-resolviendo-en-24hs-un-caso-de-alta-complejidad\/","title":{"rendered":"Detectan  posible Trata de personas e ilegalidad resolviendo en 24hs un caso de alta complejidad"},"content":{"rendered":"\n<p>Durante la madrugada y ma\u00f1ana de este martes se llev\u00f3 adelante un amplio operativo y allanamiento tras una exhaustiva y veloz investigaci\u00f3n debido a un supuesto caso de trata de personas. La situaci\u00f3n se suscita este lunes 28, cuando una mujer de nacionalidad China, quien en un primer momento parec\u00eda perdida y no habla castellano, pide ayuda a efectivos policiales quienes advierten una situaci\u00f3n an\u00f3mala y dan intervenci\u00f3n de manera inmediata, tanto a La Comisar\u00eda de la Mujer, como a La Direcci\u00f3n de Pol\u00edticas de G\u00e9nero y Diversidad de la Municipalidad de Mercedes.<\/p>\n\n\n\n<figure class=\"wp-block-image size-large is-resized\"><img loading=\"lazy\" decoding=\"async\" data-attachment-id=\"122619\" data-permalink=\"https:\/\/www.hoymercedes.com.ar\/principal\/2020\/12\/29\/detectan-posible-trata-de-personas-e-ilegalidad-resolviendo-en-24hs-un-caso-de-alta-complejidad\/allanamiento-tratadepersona-mercedes-2020-3\/#main\" data-orig-file=\"https:\/\/www.hoymercedes.com.ar\/principal\/wp-content\/uploads\/2020\/12\/allanamiento.tratadepersona.mercedes.2020.3.jpeg\" data-orig-size=\"1010,568\" data-comments-opened=\"0\" data-image-meta=\"{&quot;aperture&quot;:&quot;0&quot;,&quot;credit&quot;:&quot;&quot;,&quot;camera&quot;:&quot;&quot;,&quot;caption&quot;:&quot;&quot;,&quot;created_timestamp&quot;:&quot;0&quot;,&quot;copyright&quot;:&quot;&quot;,&quot;focal_length&quot;:&quot;0&quot;,&quot;iso&quot;:&quot;0&quot;,&quot;shutter_speed&quot;:&quot;0&quot;,&quot;title&quot;:&quot;&quot;,&quot;orientation&quot;:&quot;0&quot;}\" data-image-title=\"allanamiento.tratadepersona.mercedes.2020.3\" data-image-description=\"\" data-image-caption=\"\" data-large-file=\"https:\/\/www.hoymercedes.com.ar\/principal\/wp-content\/uploads\/2020\/12\/allanamiento.tratadepersona.mercedes.2020.3.jpeg\" src=\"https:\/\/www.hoymercedes.com.ar\/principal\/wp-content\/uploads\/2020\/12\/allanamiento.tratadepersona.mercedes.2020.3.jpeg\" alt=\"\" class=\"wp-image-122619\" width=\"960\" height=\"539\" srcset=\"https:\/\/www.hoymercedes.com.ar\/principal\/wp-content\/uploads\/2020\/12\/allanamiento.tratadepersona.mercedes.2020.3.jpeg 1010w, https:\/\/www.hoymercedes.com.ar\/principal\/wp-content\/uploads\/2020\/12\/allanamiento.tratadepersona.mercedes.2020.3-630x354.jpeg 630w, https:\/\/www.hoymercedes.com.ar\/principal\/wp-content\/uploads\/2020\/12\/allanamiento.tratadepersona.mercedes.2020.3-150x84.jpeg 150w\" sizes=\"auto, (max-width: 960px) 100vw, 960px\" \/><figcaption>Operativo multiagencial<\/figcaption><\/figure>\n\n\n\n<p>En el mencionado operativo actu\u00f3 la Polic\u00eda Comunal, Migraciones, Justicia Federal, Comisar\u00eda de la Mujer y la Familia, Direcci\u00f3n de G\u00e9nero y Secretar\u00eda de Seguridad de la Municipalidad de Mercedes, Ministerio de la Mujer de la Naci\u00f3n, Comit\u00e9 de Trata de la Naci\u00f3n, entre otras direcciones y secretar\u00edas.<\/p>\n\n\n\n<p>La secretaria de gobierno, Clara Zunino cont\u00f3 \u201cla chica se acerc\u00f3 a la polic\u00eda, pidiendo ayuda, con la dificultad de que no habla castellano, pero se\u00f1alaba el supermercado, los efectivos se acercan al lugar y luego de algunas intervenciones y advierten una situaci\u00f3n que les resulta llamativa\u201d y agreg\u00f3 \u201cpor eso le dan intervenci\u00f3n inmediatamente a la Comisar\u00eda de la Mujer y a la Direcci\u00f3n de Pol\u00edticas de G\u00e9nero y Diversidad de la Municipalidad de Mercedes\u201d.<\/p>\n\n\n\n<p>\u201cSe pone en acci\u00f3n el equipo interdisciplinario asisti\u00e9ndola en la comisar\u00eda de la Mujer y con herramientas digitales (traductores) logran dilucidar que existen muchas cuestiones que pod\u00edan estar relacionadas con trata de personas, irregularidades migratorias y alg\u00fan tipo de maltrato\u201d, contaron fuentes cercanas al operativo, poniendo de relieve que \u201cesta persona estar\u00eda trabajando en ese supermercado, con una familia due\u00f1a del supermercado, quienes le estar\u00edan reteniendo e pasaporte, por eso decide escaparse\u201d, afirmaron fuentes policiales.<\/p>\n\n\n\n<figure class=\"wp-block-image size-large\"><img loading=\"lazy\" decoding=\"async\" width=\"1010\" height=\"568\" data-attachment-id=\"122620\" data-permalink=\"https:\/\/www.hoymercedes.com.ar\/principal\/2020\/12\/29\/detectan-posible-trata-de-personas-e-ilegalidad-resolviendo-en-24hs-un-caso-de-alta-complejidad\/allanamiento-tratadepersona-mercedes-2020-1\/#main\" data-orig-file=\"https:\/\/www.hoymercedes.com.ar\/principal\/wp-content\/uploads\/2020\/12\/allanamiento.tratadepersona.mercedes.2020.1.jpeg\" data-orig-size=\"1010,568\" data-comments-opened=\"0\" data-image-meta=\"{&quot;aperture&quot;:&quot;0&quot;,&quot;credit&quot;:&quot;&quot;,&quot;camera&quot;:&quot;&quot;,&quot;caption&quot;:&quot;&quot;,&quot;created_timestamp&quot;:&quot;0&quot;,&quot;copyright&quot;:&quot;&quot;,&quot;focal_length&quot;:&quot;0&quot;,&quot;iso&quot;:&quot;0&quot;,&quot;shutter_speed&quot;:&quot;0&quot;,&quot;title&quot;:&quot;&quot;,&quot;orientation&quot;:&quot;0&quot;}\" data-image-title=\"allanamiento.tratadepersona.mercedes.2020.1\" data-image-description=\"\" data-image-caption=\"\" data-large-file=\"https:\/\/www.hoymercedes.com.ar\/principal\/wp-content\/uploads\/2020\/12\/allanamiento.tratadepersona.mercedes.2020.1.jpeg\" src=\"https:\/\/www.hoymercedes.com.ar\/principal\/wp-content\/uploads\/2020\/12\/allanamiento.tratadepersona.mercedes.2020.1.jpeg\" alt=\"\" class=\"wp-image-122620\" srcset=\"https:\/\/www.hoymercedes.com.ar\/principal\/wp-content\/uploads\/2020\/12\/allanamiento.tratadepersona.mercedes.2020.1.jpeg 1010w, https:\/\/www.hoymercedes.com.ar\/principal\/wp-content\/uploads\/2020\/12\/allanamiento.tratadepersona.mercedes.2020.1-630x354.jpeg 630w, https:\/\/www.hoymercedes.com.ar\/principal\/wp-content\/uploads\/2020\/12\/allanamiento.tratadepersona.mercedes.2020.1-150x84.jpeg 150w\" sizes=\"auto, (max-width: 1010px) 100vw, 1010px\" \/><figcaption>Actuaron diveras instituciones para resolver el caso en 24hs<\/figcaption><\/figure>\n\n\n\n<p>Consultada, Clara Zunino describi\u00f3 \u201cen el momento se comenz\u00f3 a articular con el Ministerio de las Mujeres, G\u00e9neros y Diversidad de la Naci\u00f3n, con qui\u00e9n est\u00e1 al frente, Josefina Kelly para activar los mecanismos de trata y autom\u00e1ticamente ellos le dieron intervenci\u00f3n al Comit\u00e9 de Trata estando a cargo Gustavo Vera, qui\u00e9n se puso a disposici\u00f3n en el momento para activar con la Direcci\u00f3n Nacional de Migraciones el operativo, donde ellos mandaron una delegaci\u00f3n en la madrugada\u201d.<\/p>\n\n\n\n<p>\u201cPusieron a disposici\u00f3n un traductor por zoom para una toma de declaraci\u00f3n, como as\u00ed tambi\u00e9n, un traductor presencial para los allanamientos. Inmediatamente se dio intervenci\u00f3n al Juzgado Federal, qui\u00e9n a trav\u00e9s de la Secretar\u00eda de Gonzalo Garay, en la madrugada estuvieron en la Secretar\u00eda de Seguridad, donde se encontraba armado todo el dispositivo para tomar declaraci\u00f3n con el int\u00e9rprete y a partir de ah\u00ed ordenar medidas. La cuales derivaron en allanamientos y aprehensi\u00f3n de tres personas, quienes en principio ser\u00edan los implicados\u201d cont\u00f3 la funcionaria al ser consultada por los medios de comunicaci\u00f3n.<\/p>\n\n\n\n<p>M\u00e1s adelante, Zunino inform\u00f3 \u201cseguimos trabajando con el Ministerio de las Mujeres, G\u00e9neros y Diversidad de la Naci\u00f3n y con el Comit\u00e9 de Trata activando el programa de rescate que depende del Ministerio de Justicia de la Naci\u00f3n para que esta persona, que tiene intenciones de volver a su pa\u00eds, pueda tener esta posibilidad\u201d.\u00a0\u00a0<\/p>\n\n\n\n<figure class=\"wp-block-image size-large\"><img loading=\"lazy\" decoding=\"async\" width=\"1010\" height=\"568\" data-attachment-id=\"122621\" data-permalink=\"https:\/\/www.hoymercedes.com.ar\/principal\/2020\/12\/29\/detectan-posible-trata-de-personas-e-ilegalidad-resolviendo-en-24hs-un-caso-de-alta-complejidad\/allanamiento-tratadepersona-mercedes-2020-2\/#main\" data-orig-file=\"https:\/\/www.hoymercedes.com.ar\/principal\/wp-content\/uploads\/2020\/12\/allanamiento.tratadepersona.mercedes.2020.2.jpeg\" data-orig-size=\"1010,568\" data-comments-opened=\"0\" data-image-meta=\"{&quot;aperture&quot;:&quot;0&quot;,&quot;credit&quot;:&quot;&quot;,&quot;camera&quot;:&quot;&quot;,&quot;caption&quot;:&quot;&quot;,&quot;created_timestamp&quot;:&quot;0&quot;,&quot;copyright&quot;:&quot;&quot;,&quot;focal_length&quot;:&quot;0&quot;,&quot;iso&quot;:&quot;0&quot;,&quot;shutter_speed&quot;:&quot;0&quot;,&quot;title&quot;:&quot;&quot;,&quot;orientation&quot;:&quot;0&quot;}\" data-image-title=\"allanamiento.tratadepersona.mercedes.2020.2\" data-image-description=\"\" data-image-caption=\"\" data-large-file=\"https:\/\/www.hoymercedes.com.ar\/principal\/wp-content\/uploads\/2020\/12\/allanamiento.tratadepersona.mercedes.2020.2.jpeg\" src=\"https:\/\/www.hoymercedes.com.ar\/principal\/wp-content\/uploads\/2020\/12\/allanamiento.tratadepersona.mercedes.2020.2.jpeg\" alt=\"\" class=\"wp-image-122621\" srcset=\"https:\/\/www.hoymercedes.com.ar\/principal\/wp-content\/uploads\/2020\/12\/allanamiento.tratadepersona.mercedes.2020.2.jpeg 1010w, https:\/\/www.hoymercedes.com.ar\/principal\/wp-content\/uploads\/2020\/12\/allanamiento.tratadepersona.mercedes.2020.2-630x354.jpeg 630w, https:\/\/www.hoymercedes.com.ar\/principal\/wp-content\/uploads\/2020\/12\/allanamiento.tratadepersona.mercedes.2020.2-150x84.jpeg 150w\" sizes=\"auto, (max-width: 1010px) 100vw, 1010px\" \/><figcaption>Estado nacional, municipal, justicia y polic\u00eda<\/figcaption><\/figure>\n\n\n\n<p>Por \u00faltimo, se destac\u00f3 que \u201cgracias a la excelente articulaci\u00f3n con el gobierno nacional y la justicia se resolvi\u00f3 en menos de 24hs un caso de alta complejidad no s\u00f3lo de lo penal sino tambi\u00e9n de abordaje a la v\u00edctima que ahora se encuentra en un dispositivo de abrigo municipal hasta que se disponga el regreso a su pa\u00eds\u201d.<\/p>\n\n\n\n<figure class=\"wp-block-image size-large\"><img loading=\"lazy\" decoding=\"async\" width=\"1010\" height=\"568\" data-attachment-id=\"122622\" data-permalink=\"https:\/\/www.hoymercedes.com.ar\/principal\/2020\/12\/29\/detectan-posible-trata-de-personas-e-ilegalidad-resolviendo-en-24hs-un-caso-de-alta-complejidad\/allanamiento-tratadepersona-mercedes-2020-4\/#main\" data-orig-file=\"https:\/\/www.hoymercedes.com.ar\/principal\/wp-content\/uploads\/2020\/12\/allanamiento.tratadepersona.mercedes.2020.4.jpeg\" data-orig-size=\"1010,568\" data-comments-opened=\"0\" data-image-meta=\"{&quot;aperture&quot;:&quot;0&quot;,&quot;credit&quot;:&quot;&quot;,&quot;camera&quot;:&quot;&quot;,&quot;caption&quot;:&quot;&quot;,&quot;created_timestamp&quot;:&quot;0&quot;,&quot;copyright&quot;:&quot;&quot;,&quot;focal_length&quot;:&quot;0&quot;,&quot;iso&quot;:&quot;0&quot;,&quot;shutter_speed&quot;:&quot;0&quot;,&quot;title&quot;:&quot;&quot;,&quot;orientation&quot;:&quot;0&quot;}\" data-image-title=\"allanamiento.tratadepersona.mercedes.2020.4\" data-image-description=\"\" data-image-caption=\"\" data-large-file=\"https:\/\/www.hoymercedes.com.ar\/principal\/wp-content\/uploads\/2020\/12\/allanamiento.tratadepersona.mercedes.2020.4.jpeg\" src=\"https:\/\/www.hoymercedes.com.ar\/principal\/wp-content\/uploads\/2020\/12\/allanamiento.tratadepersona.mercedes.2020.4.jpeg\" alt=\"\" class=\"wp-image-122622\" srcset=\"https:\/\/www.hoymercedes.com.ar\/principal\/wp-content\/uploads\/2020\/12\/allanamiento.tratadepersona.mercedes.2020.4.jpeg 1010w, https:\/\/www.hoymercedes.com.ar\/principal\/wp-content\/uploads\/2020\/12\/allanamiento.tratadepersona.mercedes.2020.4-630x354.jpeg 630w, https:\/\/www.hoymercedes.com.ar\/principal\/wp-content\/uploads\/2020\/12\/allanamiento.tratadepersona.mercedes.2020.4-150x84.jpeg 150w\" sizes=\"auto, (max-width: 1010px) 100vw, 1010px\" \/><figcaption>La casa de la mujer, comisar\u00eda de la mujer y la familia y el ministerio de g\u00e9nero fueron actores claves<\/figcaption><\/figure>\n\n\n\n<p><\/p>\n","protected":false},"excerpt":{"rendered":"<p>Durante la madrugada y ma\u00f1ana de este martes se llev\u00f3 adelante un amplio operativo y allanamiento tras una exhaustiva y &#8230; <a title=\"Detectan  posible Trata de personas e ilegalidad resolviendo en 24hs un caso de alta complejidad\" class=\"read-more\" href=\"https:\/\/www.hoymercedes.com.ar\/principal\/2020\/12\/29\/detectan-posible-trata-de-personas-e-ilegalidad-resolviendo-en-24hs-un-caso-de-alta-complejidad\/\" aria-label=\"Leer m\u00e1s sobre Detectan  posible Trata de personas e ilegalidad resolviendo en 24hs un caso de alta complejidad\">Leer m\u00e1s<\/a><\/p>\n","protected":false},"author":1,"featured_media":122619,"comment_status":"closed","ping_status":"open","sticky":false,"template":"","format":"standard","meta":{"_monsterinsights_skip_tracking":false,"_monsterinsights_sitenote_active":false,"_monsterinsights_sitenote_note":"","_monsterinsights_sitenote_category":0,"jetpack_post_was_ever_published":false,"_jetpack_newsletter_access":"","_jetpack_dont_email_post_to_subs":false,"_jetpack_newsletter_tier_id":0,"_jetpack_memberships_contains_paywalled_content":false,"_jetpack_memberships_contains_paid_content":false,"footnotes":"","jetpack_publicize_message":"","jetpack_publicize_feature_enabled":true,"jetpack_social_post_already_shared":true,"jetpack_social_options":{"image_generator_settings":{"template":"highway","default_image_id":0,"font":"","enabled":false},"version":2},"_wpas_customize_per_network":false},"categories":[85],"tags":[17420,17421],"class_list":["post-122618","post","type-post","status-publish","format-standard","has-post-thumbnail","hentry","category-policial","tag-genero-2","tag-ministerio-de-la-mujer","generate-columns","tablet-grid-50","mobile-grid-100","grid-parent","grid-50"],"jetpack_publicize_connections":[],"jetpack_featured_media_url":"https:\/\/www.hoymercedes.com.ar\/principal\/wp-content\/uploads\/2020\/12\/allanamiento.tratadepersona.mercedes.2020.3.jpeg","wps_subtitle":"Justicia, Polic\u00eda, Municipio y Ministerio de la Mujer","jetpack_sharing_enabled":true,"_links":{"self":[{"href":"https:\/\/www.hoymercedes.com.ar\/principal\/wp-json\/wp\/v2\/posts\/122618","targetHints":{"allow":["GET"]}}],"collection":[{"href":"https:\/\/www.hoymercedes.com.ar\/principal\/wp-json\/wp\/v2\/posts"}],"about":[{"href":"https:\/\/www.hoymercedes.com.ar\/principal\/wp-json\/wp\/v2\/types\/post"}],"author":[{"embeddable":true,"href":"https:\/\/www.hoymercedes.com.ar\/principal\/wp-json\/wp\/v2\/users\/1"}],"replies":[{"embeddable":true,"href":"https:\/\/www.hoymercedes.com.ar\/principal\/wp-json\/wp\/v2\/comments?post=122618"}],"version-history":[{"count":0,"href":"https:\/\/www.hoymercedes.com.ar\/principal\/wp-json\/wp\/v2\/posts\/122618\/revisions"}],"wp:featuredmedia":[{"embeddable":true,"href":"https:\/\/www.hoymercedes.com.ar\/principal\/wp-json\/wp\/v2\/media\/122619"}],"wp:attachment":[{"href":"https:\/\/www.hoymercedes.com.ar\/principal\/wp-json\/wp\/v2\/media?parent=122618"}],"wp:term":[{"taxonomy":"category","embeddable":true,"href":"https:\/\/www.hoymercedes.com.ar\/principal\/wp-json\/wp\/v2\/categories?post=122618"},{"taxonomy":"post_tag","embeddable":true,"href":"https:\/\/www.hoymercedes.com.ar\/principal\/wp-json\/wp\/v2\/tags?post=122618"}],"curies":[{"name":"wp","href":"https:\/\/api.w.org\/{rel}","templated":true}]}}