{"id":122657,"date":"2020-12-30T10:02:33","date_gmt":"2020-12-30T13:02:33","guid":{"rendered":"http:\/\/www.hoymercedes.com.ar\/principal\/?p=122657"},"modified":"2020-12-30T13:40:33","modified_gmt":"2020-12-30T16:40:33","slug":"preinscriben-para-tecnicatura-en-produccion-agroecologica-periurbana","status":"publish","type":"post","link":"https:\/\/www.hoymercedes.com.ar\/principal\/2020\/12\/30\/preinscriben-para-tecnicatura-en-produccion-agroecologica-periurbana\/","title":{"rendered":"Preinscriben para Tecnicatura en Producci\u00f3n Agroecol\u00f3gica Periurbana"},"content":{"rendered":"\n<p>Luego de lo que fue el anuncio, por parte del intendente Juan Ignacio Ustarroz, del lanzamiento en la ciudad de tres carreras de educaci\u00f3n superior a dictarse en el Centro Universitario Regional Mercedes, comenz\u00f3 la preinscripci\u00f3n de la \u201cTecnicatura Universitaria en Producci\u00f3n Agroecol\u00f3gica Periurbana\u201d. &nbsp;<\/p>\n\n\n\n<p>La misma ser\u00e1 dictada por la Universidad Nacional de Hurlingham, es una carrera de pregrado, su duraci\u00f3n es de dos a\u00f1os y medio, y sus cursos iniciales comienzan en febrero. \u201cDe esta manera seguimos sumando experiencia, tecnolog\u00eda y conocimiento a trav\u00e9s de diferentes establecimientos acad\u00e9micos, con el objetivo de hacer de esta, una ciudad con m\u00e1s oportunidades y posibilidades para todos\u201d manifest\u00f3 el Coordinador de Centros Universitarios de Mercedes, Sergio Carini. &nbsp;<\/p>\n\n\n\n<p>La preinscripci\u00f3n puede llevarse adelante ingresando a\u00a0<a rel=\"noreferrer noopener\" target=\"_blank\" href=\"mailto:Cur@mercedes.gob.ar\">cur@mercedes.gob.ar<\/a>\u00a0donde deber\u00e1n enviar el nombre completo, DNI y tel\u00e9fono de contacto. \u00a0<\/p>\n","protected":false},"excerpt":{"rendered":"<p>Luego de lo que fue el anuncio, por parte del intendente Juan Ignacio Ustarroz, del lanzamiento en la ciudad de &#8230; <a title=\"Preinscriben para Tecnicatura en Producci\u00f3n Agroecol\u00f3gica Periurbana\" class=\"read-more\" href=\"https:\/\/www.hoymercedes.com.ar\/principal\/2020\/12\/30\/preinscriben-para-tecnicatura-en-produccion-agroecologica-periurbana\/\" aria-label=\"Leer m\u00e1s sobre Preinscriben para Tecnicatura en Producci\u00f3n Agroecol\u00f3gica Periurbana\">Leer m\u00e1s<\/a><\/p>\n","protected":false},"author":1,"featured_media":122658,"comment_status":"closed","ping_status":"open","sticky":false,"template":"","format":"standard","meta":{"_monsterinsights_skip_tracking":false,"_monsterinsights_sitenote_active":false,"_monsterinsights_sitenote_note":"","_monsterinsights_sitenote_category":0,"jetpack_post_was_ever_published":false,"_jetpack_newsletter_access":"","_jetpack_dont_email_post_to_subs":false,"_jetpack_newsletter_tier_id":0,"_jetpack_memberships_contains_paywalled_content":false,"_jetpack_memberships_contains_paid_content":false,"footnotes":"","jetpack_publicize_message":"","jetpack_publicize_feature_enabled":true,"jetpack_social_post_already_shared":true,"jetpack_social_options":{"image_generator_settings":{"template":"highway","default_image_id":0,"font":"","enabled":false},"version":2},"_wpas_customize_per_network":false},"categories":[23],"tags":[9938,244,17423],"class_list":["post-122657","post","type-post","status-publish","format-standard","has-post-thumbnail","hentry","category-educacion","tag-cur","tag-municipio-2","tag-tecnicatura","generate-columns","tablet-grid-50","mobile-grid-100","grid-parent","grid-50"],"jetpack_publicize_connections":[],"jetpack_featured_media_url":"https:\/\/www.hoymercedes.com.ar\/principal\/wp-content\/uploads\/2020\/12\/photo_2020-12-28_12-29-16.jpg","wps_subtitle":"Carrera universiaria","jetpack_sharing_enabled":true,"_links":{"self":[{"href":"https:\/\/www.hoymercedes.com.ar\/principal\/wp-json\/wp\/v2\/posts\/122657","targetHints":{"allow":["GET"]}}],"collection":[{"href":"https:\/\/www.hoymercedes.com.ar\/principal\/wp-json\/wp\/v2\/posts"}],"about":[{"href":"https:\/\/www.hoymercedes.com.ar\/principal\/wp-json\/wp\/v2\/types\/post"}],"author":[{"embeddable":true,"href":"https:\/\/www.hoymercedes.com.ar\/principal\/wp-json\/wp\/v2\/users\/1"}],"replies":[{"embeddable":true,"href":"https:\/\/www.hoymercedes.com.ar\/principal\/wp-json\/wp\/v2\/comments?post=122657"}],"version-history":[{"count":0,"href":"https:\/\/www.hoymercedes.com.ar\/principal\/wp-json\/wp\/v2\/posts\/122657\/revisions"}],"wp:featuredmedia":[{"embeddable":true,"href":"https:\/\/www.hoymercedes.com.ar\/principal\/wp-json\/wp\/v2\/media\/122658"}],"wp:attachment":[{"href":"https:\/\/www.hoymercedes.com.ar\/principal\/wp-json\/wp\/v2\/media?parent=122657"}],"wp:term":[{"taxonomy":"category","embeddable":true,"href":"https:\/\/www.hoymercedes.com.ar\/principal\/wp-json\/wp\/v2\/categories?post=122657"},{"taxonomy":"post_tag","embeddable":true,"href":"https:\/\/www.hoymercedes.com.ar\/principal\/wp-json\/wp\/v2\/tags?post=122657"}],"curies":[{"name":"wp","href":"https:\/\/api.w.org\/{rel}","templated":true}]}}