{"id":122679,"date":"2020-12-30T14:15:30","date_gmt":"2020-12-30T17:15:30","guid":{"rendered":"http:\/\/www.hoymercedes.com.ar\/principal\/?p=122679"},"modified":"2020-12-30T14:21:34","modified_gmt":"2020-12-30T17:21:34","slug":"la-provincia-incorpora-150-oficiales-penitenciarios-para-carceles-y-alcaidias","status":"publish","type":"post","link":"https:\/\/www.hoymercedes.com.ar\/principal\/2020\/12\/30\/la-provincia-incorpora-150-oficiales-penitenciarios-para-carceles-y-alcaidias\/","title":{"rendered":"La Provincia incorpora 150 oficiales penitenciarios para c\u00e1rceles y alcaid\u00edas"},"content":{"rendered":"\n<p>(Fuente SPB) El ministro de Justicia y Derechos Humanos de la Provincia, Julio Alak, encabez\u00f3 este martes en la Escuela de Cadetes, el egreso de 150 nuevos oficiales para el Servicio Penitenciario Bonaerense (SPB), y adem\u00e1s anunci\u00f3 la construcci\u00f3n de 12 nuevas aulas, vestuarios y ba\u00f1os, que permitir\u00e1 duplicar en n\u00famero de egresados el pr\u00f3ximo a\u00f1o.<\/p>\n\n\n\n<div class=\"wp-block-image\"><figure class=\"aligncenter size-large\"><img loading=\"lazy\" decoding=\"async\" width=\"800\" height=\"501\" data-attachment-id=\"122681\" data-permalink=\"https:\/\/www.hoymercedes.com.ar\/principal\/2020\/12\/30\/comedor-repartio-viandas-previo-a-navidad\/whatsapp-image-2020-12-30-at-09-11-49-1\/#main\" data-orig-file=\"https:\/\/www.hoymercedes.com.ar\/principal\/wp-content\/uploads\/2020\/12\/WhatsApp-Image-2020-12-30-at-09.11.49-1.jpeg\" data-orig-size=\"800,501\" data-comments-opened=\"0\" data-image-meta=\"{&quot;aperture&quot;:&quot;0&quot;,&quot;credit&quot;:&quot;&quot;,&quot;camera&quot;:&quot;&quot;,&quot;caption&quot;:&quot;&quot;,&quot;created_timestamp&quot;:&quot;0&quot;,&quot;copyright&quot;:&quot;&quot;,&quot;focal_length&quot;:&quot;0&quot;,&quot;iso&quot;:&quot;0&quot;,&quot;shutter_speed&quot;:&quot;0&quot;,&quot;title&quot;:&quot;&quot;,&quot;orientation&quot;:&quot;0&quot;}\" data-image-title=\"WhatsApp Image 2020-12-30 at 09.11.49 (1)\" data-image-description=\"\" data-image-caption=\"\" data-large-file=\"https:\/\/www.hoymercedes.com.ar\/principal\/wp-content\/uploads\/2020\/12\/WhatsApp-Image-2020-12-30-at-09.11.49-1.jpeg\" src=\"https:\/\/www.hoymercedes.com.ar\/principal\/wp-content\/uploads\/2020\/12\/WhatsApp-Image-2020-12-30-at-09.11.49-1.jpeg\" alt=\"\" class=\"wp-image-122681\" srcset=\"https:\/\/www.hoymercedes.com.ar\/principal\/wp-content\/uploads\/2020\/12\/WhatsApp-Image-2020-12-30-at-09.11.49-1.jpeg 800w, https:\/\/www.hoymercedes.com.ar\/principal\/wp-content\/uploads\/2020\/12\/WhatsApp-Image-2020-12-30-at-09.11.49-1-630x395.jpeg 630w, https:\/\/www.hoymercedes.com.ar\/principal\/wp-content\/uploads\/2020\/12\/WhatsApp-Image-2020-12-30-at-09.11.49-1-150x94.jpeg 150w\" sizes=\"auto, (max-width: 800px) 100vw, 800px\" \/><\/figure><\/div>\n\n\n\n<p>Con estas obras la cartera de Justicia busca alcanzar los 320 ingresantes en el a\u00f1o 2021, para poder acompa\u00f1ar con recursos humanos las nuevas 5 unidades y 15 alcaid\u00edas que se construir\u00e1n en la Provincia.<\/p>\n\n\n\n<p>Durante el acto, Alak se dirigi\u00f3 a los nuevos oficiales penitenciarios y afirm\u00f3: \u201cUstedes est\u00e1n llamados a aumentar a\u00fan m\u00e1s el prestigio de este servicio del que los bonaerenses estamos orgullosos, y decirles que as\u00ed como los felicitamos por haber tomado la decisi\u00f3n de formarse y educarse, tambi\u00e9n los exhortamos a que contin\u00faen en esa senda\u201d.<\/p>\n\n\n\n<p>\u201cLos nuevos tiempos exigen nuevos desaf\u00edos, y los nuevos desaf\u00edos exigen que no solo se cumpla la tarea asegurativa sino que con la labor de ustedes puedan contribuir a que los internos que est\u00e1n en las unidades bonaerenses una vez que cumplan la pena puedan reinsertarse en la sociedad\u201d, destac\u00f3 el ministro.<\/p>\n\n\n\n<p>Los egresados que obtuvieron la Tecnicatura Superior en Gesti\u00f3n Penitenciaria para la inserci\u00f3n social luego de la aprobaci\u00f3n de 37 asignaturas de la carrera, pertenecen a distintas localidades de la provincia de Buenos Aires: La Plata, Olavarr\u00eda, Azul, Jun\u00edn, Mercedes, Mar del Plata, Magdalena, Florencio Varela, Ayacucho, Saavedra, Urdampilleta, Dolores y la Ciudad Aut\u00f3noma de Buenos Aires.<\/p>\n\n\n\n<p>La duraci\u00f3n de la carrera fue de dos a\u00f1os, en los cuales los alumnos cursaron 37 asignaturas, algunas de ellas en forma presencial durante el primer a\u00f1o, y debido a la pandemia y con el fin de garantizar la continuidad pedag\u00f3gica, las dem\u00e1s asignaturas se cursaron a trav\u00e9s de la modalidad a distancia, en el Campus Virtual de la Escuela de Cadetes.<\/p>\n\n\n\n<div class=\"wp-block-image\"><figure class=\"aligncenter size-large\"><img loading=\"lazy\" decoding=\"async\" width=\"800\" height=\"661\" data-attachment-id=\"122680\" data-permalink=\"https:\/\/www.hoymercedes.com.ar\/principal\/2020\/12\/30\/comedor-repartio-viandas-previo-a-navidad\/whatsapp-image-2020-12-30-at-09-11-49\/#main\" data-orig-file=\"https:\/\/www.hoymercedes.com.ar\/principal\/wp-content\/uploads\/2020\/12\/WhatsApp-Image-2020-12-30-at-09.11.49.jpeg\" data-orig-size=\"800,661\" data-comments-opened=\"0\" data-image-meta=\"{&quot;aperture&quot;:&quot;0&quot;,&quot;credit&quot;:&quot;&quot;,&quot;camera&quot;:&quot;&quot;,&quot;caption&quot;:&quot;&quot;,&quot;created_timestamp&quot;:&quot;0&quot;,&quot;copyright&quot;:&quot;&quot;,&quot;focal_length&quot;:&quot;0&quot;,&quot;iso&quot;:&quot;0&quot;,&quot;shutter_speed&quot;:&quot;0&quot;,&quot;title&quot;:&quot;&quot;,&quot;orientation&quot;:&quot;0&quot;}\" data-image-title=\"WhatsApp Image 2020-12-30 at 09.11.49\" data-image-description=\"\" data-image-caption=\"\" data-large-file=\"https:\/\/www.hoymercedes.com.ar\/principal\/wp-content\/uploads\/2020\/12\/WhatsApp-Image-2020-12-30-at-09.11.49.jpeg\" src=\"https:\/\/www.hoymercedes.com.ar\/principal\/wp-content\/uploads\/2020\/12\/WhatsApp-Image-2020-12-30-at-09.11.49.jpeg\" alt=\"\" class=\"wp-image-122680\" srcset=\"https:\/\/www.hoymercedes.com.ar\/principal\/wp-content\/uploads\/2020\/12\/WhatsApp-Image-2020-12-30-at-09.11.49.jpeg 800w, https:\/\/www.hoymercedes.com.ar\/principal\/wp-content\/uploads\/2020\/12\/WhatsApp-Image-2020-12-30-at-09.11.49-630x521.jpeg 630w, https:\/\/www.hoymercedes.com.ar\/principal\/wp-content\/uploads\/2020\/12\/WhatsApp-Image-2020-12-30-at-09.11.49-150x124.jpeg 150w\" sizes=\"auto, (max-width: 800px) 100vw, 800px\" \/><\/figure><\/div>\n\n\n\n<p>Asimismo, participaron de diversas capacitaciones, charlas, y conversatorios realizados a trav\u00e9s de la plataforma Zoom, sobre tem\u00e1ticas relacionadas con los Derechos Humanos, la Ejecuci\u00f3n de la Pena, Abordajes de Conflictos en Contexto de Encierro, Capacitaci\u00f3n sobre la Violencia de G\u00e9nero organizada por el Ministerio de las Mujeres, como as\u00ed tambi\u00e9n de los actos acad\u00e9micos.<\/p>\n\n\n\n<p>Entre las materias de la carrera figuran: Asistencia y Tratamiento para la Inserci\u00f3n Social, Seguridad para la Inserci\u00f3n Social, Derechos Humanos, Perspectiva de G\u00e9nero, Abordaje de las Diversidades, Sociolog\u00eda de la Violencia, Pr\u00e1ctica Profesional, Planificaci\u00f3n Estrat\u00e9gica, Procedimiento Administrativo, \u00c9tica Profesional y Valores Humanitarios, Defensa Personal, Medicina Legal y Uso Racional de Armamentos, entre otras.<\/p>\n\n\n\n<p>Desde el SPB explicaron que los cadetes participaron durante todo el a\u00f1o 2020 de intercambios virtuales, como por ejemplo las videoconferencias internacionales sobre la tem\u00e1tica \u201cC\u00e1rcel en contexto de Covid-19\u201d con los siguientes pa\u00edses: Brasil, Per\u00fa, Paraguay, Uruguay, Ecuador, Colombia, Argentina, Espa\u00f1a, Guatemala, Suecia, Costa Rica, Chile, M\u00e9xico, El Salvador, Panam\u00e1, Italia y Francia.<\/p>\n\n\n\n<p>Participaron de la ceremonia; el subsecretario de Pol\u00edtica Penitenciaria, Jos\u00e9 Gonz\u00e1lez Hueso; el subsecretario de Pol\u00edticas Penitenciarias de Inclusi\u00f3n, Diego Rao; el subsecretario Legal T\u00e9cnico y Administrativo, Santiago \u00c1vila; el Jefe y Subjefe del SPB, Xavier Areses y Juan Vaccaro; la directora de Salud Penitenciaria, Sonia Quiruelas; junto a integrantes de la Plana Mayor, autoridades, y docentes de la Escuela de Cadetes.<\/p>\n","protected":false},"excerpt":{"rendered":"<p>(Fuente SPB) El ministro de Justicia y Derechos Humanos de la Provincia, Julio Alak, encabez\u00f3 este martes en la Escuela &#8230; <a title=\"La Provincia incorpora 150 oficiales penitenciarios para c\u00e1rceles y alcaid\u00edas\" class=\"read-more\" href=\"https:\/\/www.hoymercedes.com.ar\/principal\/2020\/12\/30\/la-provincia-incorpora-150-oficiales-penitenciarios-para-carceles-y-alcaidias\/\" aria-label=\"Leer m\u00e1s sobre La Provincia incorpora 150 oficiales penitenciarios para c\u00e1rceles y alcaid\u00edas\">Leer m\u00e1s<\/a><\/p>\n","protected":false},"author":1,"featured_media":122680,"comment_status":"closed","ping_status":"open","sticky":false,"template":"","format":"standard","meta":{"_monsterinsights_skip_tracking":false,"_monsterinsights_sitenote_active":false,"_monsterinsights_sitenote_note":"","_monsterinsights_sitenote_category":0,"jetpack_post_was_ever_published":false,"_jetpack_newsletter_access":"","_jetpack_dont_email_post_to_subs":false,"_jetpack_newsletter_tier_id":0,"_jetpack_memberships_contains_paywalled_content":false,"_jetpack_memberships_contains_paid_content":false,"footnotes":"","jetpack_publicize_message":"","jetpack_publicize_feature_enabled":true,"jetpack_social_post_already_shared":true,"jetpack_social_options":{"image_generator_settings":{"template":"highway","default_image_id":0,"font":"","enabled":false},"version":2},"_wpas_customize_per_network":false},"categories":[8881],"tags":[6554,17425,1803,8780],"class_list":["post-122679","post","type-post","status-publish","format-standard","has-post-thumbnail","hentry","category-provincia","tag-carceles","tag-oficiales","tag-provincia","tag-spb","generate-columns","tablet-grid-50","mobile-grid-100","grid-parent","grid-50"],"jetpack_publicize_connections":[],"jetpack_featured_media_url":"https:\/\/www.hoymercedes.com.ar\/principal\/wp-content\/uploads\/2020\/12\/WhatsApp-Image-2020-12-30-at-09.11.49.jpeg","wps_subtitle":"Servicio penitenciario","jetpack_sharing_enabled":true,"_links":{"self":[{"href":"https:\/\/www.hoymercedes.com.ar\/principal\/wp-json\/wp\/v2\/posts\/122679","targetHints":{"allow":["GET"]}}],"collection":[{"href":"https:\/\/www.hoymercedes.com.ar\/principal\/wp-json\/wp\/v2\/posts"}],"about":[{"href":"https:\/\/www.hoymercedes.com.ar\/principal\/wp-json\/wp\/v2\/types\/post"}],"author":[{"embeddable":true,"href":"https:\/\/www.hoymercedes.com.ar\/principal\/wp-json\/wp\/v2\/users\/1"}],"replies":[{"embeddable":true,"href":"https:\/\/www.hoymercedes.com.ar\/principal\/wp-json\/wp\/v2\/comments?post=122679"}],"version-history":[{"count":0,"href":"https:\/\/www.hoymercedes.com.ar\/principal\/wp-json\/wp\/v2\/posts\/122679\/revisions"}],"wp:featuredmedia":[{"embeddable":true,"href":"https:\/\/www.hoymercedes.com.ar\/principal\/wp-json\/wp\/v2\/media\/122680"}],"wp:attachment":[{"href":"https:\/\/www.hoymercedes.com.ar\/principal\/wp-json\/wp\/v2\/media?parent=122679"}],"wp:term":[{"taxonomy":"category","embeddable":true,"href":"https:\/\/www.hoymercedes.com.ar\/principal\/wp-json\/wp\/v2\/categories?post=122679"},{"taxonomy":"post_tag","embeddable":true,"href":"https:\/\/www.hoymercedes.com.ar\/principal\/wp-json\/wp\/v2\/tags?post=122679"}],"curies":[{"name":"wp","href":"https:\/\/api.w.org\/{rel}","templated":true}]}}