{"id":122686,"date":"2020-12-30T17:01:09","date_gmt":"2020-12-30T20:01:09","guid":{"rendered":"http:\/\/www.hoymercedes.com.ar\/principal\/?p=122686"},"modified":"2020-12-30T17:11:38","modified_gmt":"2020-12-30T20:11:38","slug":"comite-de-crisis-confirmo-restricciones-hasta-el-10-de-enero","status":"publish","type":"post","link":"https:\/\/www.hoymercedes.com.ar\/principal\/2020\/12\/30\/comite-de-crisis-confirmo-restricciones-hasta-el-10-de-enero\/","title":{"rendered":"Comit\u00e9 de crisis confirm\u00f3 restricciones hasta el 10 de enero"},"content":{"rendered":"\n<p>Luego de la reuni\u00f3n de la ma\u00f1ana de este mi\u00e9rcoles, el Comit\u00e9 de Crisis de Mercedes por la pandemia por el covid-19, se hizo p\u00fablica la comunicaci\u00f3n oficial con las restricciones que correr\u00e1n durante los pr\u00f3ximos diez dias. <\/p>\n\n\n\n<p>COMUNICACI\u00d3N OFICIAL<\/p>\n\n\n\n<p>El Comit\u00e9 de Crisis ante la actual situaci\u00f3n epidemiol\u00f3gica de la ciudad y la regi\u00f3n, reunido en comisi\u00f3n determin\u00f3 las siguientes medidas hasta el pr\u00f3ximo 10 de enero de 2021: <\/p>\n\n\n\n<ul class=\"wp-block-list\"><li>Reducir el horario de cierre de bares, confiter\u00edas, espacios gastron\u00f3 micos y culturales a las 01.00am.<\/li><li>Los salones de \u201ceventos\u201d no podr\u00e1n tomar nuevos pedidos por 10 d\u00edas desde la fecha.<\/li><li>Suspensi\u00f3n de shows musicales y culturales en espacios cerrados y al aire libre, p\u00fablicos y privados.<\/li><li>Suspensi\u00f3n de actos e intervenciones municipales con asistancia de vecinos\/as.<\/li><li>Suspensi\u00f3n de actividades organizadas al aire libre con concurrencia masiva de personas.<\/li><li>Suspensi\u00f3n del f\u00fatbol infantil.<\/li><li>Se posterga el inicio del torneo de verano de Liga Mercedina.<\/li><li>Aislamiento a los viajeros que hayan ido al exterior.<\/li><\/ul>\n\n\n\n<div class=\"wp-block-image\"><figure class=\"aligncenter size-large\"><img loading=\"lazy\" decoding=\"async\" width=\"800\" height=\"873\" data-attachment-id=\"122687\" data-permalink=\"https:\/\/www.hoymercedes.com.ar\/principal\/2020\/12\/30\/comite-de-crisis-confirmo-restricciones-hasta-el-10-de-enero\/whatsapp-image-2020-12-30-at-16-51-49\/#main\" data-orig-file=\"https:\/\/www.hoymercedes.com.ar\/principal\/wp-content\/uploads\/2020\/12\/WhatsApp-Image-2020-12-30-at-16.51.49.jpeg\" data-orig-size=\"800,873\" data-comments-opened=\"0\" data-image-meta=\"{&quot;aperture&quot;:&quot;0&quot;,&quot;credit&quot;:&quot;&quot;,&quot;camera&quot;:&quot;&quot;,&quot;caption&quot;:&quot;&quot;,&quot;created_timestamp&quot;:&quot;0&quot;,&quot;copyright&quot;:&quot;&quot;,&quot;focal_length&quot;:&quot;0&quot;,&quot;iso&quot;:&quot;0&quot;,&quot;shutter_speed&quot;:&quot;0&quot;,&quot;title&quot;:&quot;&quot;,&quot;orientation&quot;:&quot;0&quot;}\" data-image-title=\"WhatsApp Image 2020-12-30 at 16.51.49\" data-image-description=\"\" data-image-caption=\"\" data-large-file=\"https:\/\/www.hoymercedes.com.ar\/principal\/wp-content\/uploads\/2020\/12\/WhatsApp-Image-2020-12-30-at-16.51.49.jpeg\" src=\"https:\/\/www.hoymercedes.com.ar\/principal\/wp-content\/uploads\/2020\/12\/WhatsApp-Image-2020-12-30-at-16.51.49.jpeg\" alt=\"\" class=\"wp-image-122687\" srcset=\"https:\/\/www.hoymercedes.com.ar\/principal\/wp-content\/uploads\/2020\/12\/WhatsApp-Image-2020-12-30-at-16.51.49.jpeg 800w, https:\/\/www.hoymercedes.com.ar\/principal\/wp-content\/uploads\/2020\/12\/WhatsApp-Image-2020-12-30-at-16.51.49-568x620.jpeg 568w, https:\/\/www.hoymercedes.com.ar\/principal\/wp-content\/uploads\/2020\/12\/WhatsApp-Image-2020-12-30-at-16.51.49-137x150.jpeg 137w\" sizes=\"auto, (max-width: 800px) 100vw, 800px\" \/><\/figure><\/div>\n","protected":false},"excerpt":{"rendered":"<p>Luego de la reuni\u00f3n de la ma\u00f1ana de este mi\u00e9rcoles, el Comit\u00e9 de Crisis de Mercedes por la pandemia por &#8230; <a title=\"Comit\u00e9 de crisis confirm\u00f3 restricciones hasta el 10 de enero\" class=\"read-more\" href=\"https:\/\/www.hoymercedes.com.ar\/principal\/2020\/12\/30\/comite-de-crisis-confirmo-restricciones-hasta-el-10-de-enero\/\" aria-label=\"Leer m\u00e1s sobre Comit\u00e9 de crisis confirm\u00f3 restricciones hasta el 10 de enero\">Leer m\u00e1s<\/a><\/p>\n","protected":false},"author":1,"featured_media":122687,"comment_status":"closed","ping_status":"open","sticky":false,"template":"","format":"standard","meta":{"_monsterinsights_skip_tracking":false,"_monsterinsights_sitenote_active":false,"_monsterinsights_sitenote_note":"","_monsterinsights_sitenote_category":0,"jetpack_post_was_ever_published":false,"_jetpack_newsletter_access":"","_jetpack_dont_email_post_to_subs":false,"_jetpack_newsletter_tier_id":0,"_jetpack_memberships_contains_paywalled_content":false,"_jetpack_memberships_contains_paid_content":false,"footnotes":"","jetpack_publicize_message":"","jetpack_publicize_feature_enabled":true,"jetpack_social_post_already_shared":true,"jetpack_social_options":{"image_generator_settings":{"template":"highway","default_image_id":0,"font":"","enabled":false},"version":2},"_wpas_customize_per_network":false},"categories":[9791],"tags":[16345,12080,17426],"class_list":["post-122686","post","type-post","status-publish","format-standard","has-post-thumbnail","hentry","category-salud","tag-comite-de-crisis","tag-comunicacion-oficial","tag-restricciones-hasta-el-10-de-enero","generate-columns","tablet-grid-50","mobile-grid-100","grid-parent","grid-50"],"jetpack_publicize_connections":[],"jetpack_featured_media_url":"https:\/\/www.hoymercedes.com.ar\/principal\/wp-content\/uploads\/2020\/12\/WhatsApp-Image-2020-12-30-at-16.51.49.jpeg","wps_subtitle":"Comunicaci\u00f3n oficial","jetpack_sharing_enabled":true,"_links":{"self":[{"href":"https:\/\/www.hoymercedes.com.ar\/principal\/wp-json\/wp\/v2\/posts\/122686","targetHints":{"allow":["GET"]}}],"collection":[{"href":"https:\/\/www.hoymercedes.com.ar\/principal\/wp-json\/wp\/v2\/posts"}],"about":[{"href":"https:\/\/www.hoymercedes.com.ar\/principal\/wp-json\/wp\/v2\/types\/post"}],"author":[{"embeddable":true,"href":"https:\/\/www.hoymercedes.com.ar\/principal\/wp-json\/wp\/v2\/users\/1"}],"replies":[{"embeddable":true,"href":"https:\/\/www.hoymercedes.com.ar\/principal\/wp-json\/wp\/v2\/comments?post=122686"}],"version-history":[{"count":0,"href":"https:\/\/www.hoymercedes.com.ar\/principal\/wp-json\/wp\/v2\/posts\/122686\/revisions"}],"wp:featuredmedia":[{"embeddable":true,"href":"https:\/\/www.hoymercedes.com.ar\/principal\/wp-json\/wp\/v2\/media\/122687"}],"wp:attachment":[{"href":"https:\/\/www.hoymercedes.com.ar\/principal\/wp-json\/wp\/v2\/media?parent=122686"}],"wp:term":[{"taxonomy":"category","embeddable":true,"href":"https:\/\/www.hoymercedes.com.ar\/principal\/wp-json\/wp\/v2\/categories?post=122686"},{"taxonomy":"post_tag","embeddable":true,"href":"https:\/\/www.hoymercedes.com.ar\/principal\/wp-json\/wp\/v2\/tags?post=122686"}],"curies":[{"name":"wp","href":"https:\/\/api.w.org\/{rel}","templated":true}]}}