{"id":122695,"date":"2020-12-30T19:26:00","date_gmt":"2020-12-30T22:26:00","guid":{"rendered":"http:\/\/www.hoymercedes.com.ar\/principal\/?p=122695"},"modified":"2020-12-30T23:08:25","modified_gmt":"2020-12-31T02:08:25","slug":"municipio-incorpora-cinco-camiones-0km","status":"publish","type":"post","link":"https:\/\/www.hoymercedes.com.ar\/principal\/2020\/12\/30\/municipio-incorpora-cinco-camiones-0km\/","title":{"rendered":"Municipio incorpora cinco camiones 0km"},"content":{"rendered":"\n<p>(Prensa Municipal) El intendente de Mercedes Juan Ustarroz recibi\u00f3 al ministro Eduardo \u201cWado\u201d De Pedro quien hizo entrega de cinco8 camiones para la ciudad. Cuatro de ellos enteramente equipados para la recolecci\u00f3n de residuos y uno para el servicio el\u00e9ctrico. Adem\u00e1s, estuvo presente Avelino Zurro, secretario de asuntos municipales del Ministerio del Interior. La entrega se realiz\u00f3 frente al Palacio Municipal en el marco del programa \u201cMunicipios de Pie\u201d firmando un convenio de colaboraci\u00f3n entre el municipio y el gobierno nacional. \u00a0<\/p>\n\n\n\n<div class=\"wp-block-image\"><figure class=\"aligncenter size-large\"><img loading=\"lazy\" decoding=\"async\" width=\"800\" height=\"450\" data-attachment-id=\"122697\" data-permalink=\"https:\/\/www.hoymercedes.com.ar\/principal\/2020\/12\/30\/municipio-incorpora-cinco-camiones-0km\/30-muni-camion-2\/#main\" data-orig-file=\"https:\/\/www.hoymercedes.com.ar\/principal\/wp-content\/uploads\/2020\/12\/30-muni-camion-2.jpeg\" data-orig-size=\"800,450\" data-comments-opened=\"0\" data-image-meta=\"{&quot;aperture&quot;:&quot;0&quot;,&quot;credit&quot;:&quot;&quot;,&quot;camera&quot;:&quot;&quot;,&quot;caption&quot;:&quot;&quot;,&quot;created_timestamp&quot;:&quot;0&quot;,&quot;copyright&quot;:&quot;&quot;,&quot;focal_length&quot;:&quot;0&quot;,&quot;iso&quot;:&quot;0&quot;,&quot;shutter_speed&quot;:&quot;0&quot;,&quot;title&quot;:&quot;&quot;,&quot;orientation&quot;:&quot;0&quot;}\" data-image-title=\"30 muni camion 2\" data-image-description=\"\" data-image-caption=\"\" data-large-file=\"https:\/\/www.hoymercedes.com.ar\/principal\/wp-content\/uploads\/2020\/12\/30-muni-camion-2.jpeg\" src=\"https:\/\/www.hoymercedes.com.ar\/principal\/wp-content\/uploads\/2020\/12\/30-muni-camion-2.jpeg\" alt=\"\" class=\"wp-image-122697\" srcset=\"https:\/\/www.hoymercedes.com.ar\/principal\/wp-content\/uploads\/2020\/12\/30-muni-camion-2.jpeg 800w, https:\/\/www.hoymercedes.com.ar\/principal\/wp-content\/uploads\/2020\/12\/30-muni-camion-2-630x354.jpeg 630w, https:\/\/www.hoymercedes.com.ar\/principal\/wp-content\/uploads\/2020\/12\/30-muni-camion-2-150x84.jpeg 150w\" sizes=\"auto, (max-width: 800px) 100vw, 800px\" \/><\/figure><\/div>\n\n\n\n<p>El intendente Juan Ignacio Ustarroz se\u00f1al\u00f3: \u201cquiero agradecer a nuestro ministro del interior, a nuestro vecino, \u201cWado\u201d De Pedro, el trabajo realizado durante este a\u00f1o ha sido muy fruct\u00edfero y vemos parte de esa gran labor, que tiene que ver con seguir invirtiendo en las herramientas necesarias para nuestros trabajadores y trabajadoras municipales\u201d y agreg\u00f3 \u201ccuando asumimos nos plante\u00e1bamos que para mejorar los servicios ten\u00edamos que darles las herramientas adecuadas a los trabajadores para poder llegar a cada rinc\u00f3n de nuestra ciudad y as\u00ed poder mejorar las prestaciones que el Estado Municipal debe realizar\u201d. &nbsp;<\/p>\n\n\n\n<p>En este sentido, el Dr. Ustarroz indic\u00f3 \u201ccon mucho esfuerzo y sacrificio, en la primera etapa con fondos propios, siempre tuvimos esta modalidad, de mostrar a los vecinos lo que con el esfuerzo de todos el Estado Municipal iba adquiriendo. As\u00ed fuimos renovando la planta de veh\u00edculos municipales, donde los mismos fueron conseguidos para los servicios p\u00fablicos de nuestra ciudad\u201d y en este sentido ahond\u00f3 \u201cquiero marcar esta segunda etapa donde hoy el Ministro del Interior, el Secretario de Asuntos Municipales de la provincia de Buenos Aires, un Estado Provincial y Nacional, trabajan no para un Municipio sino para la comunidad\u201d. &nbsp;<\/p>\n\n\n\n<p>\u201cGeneran los fondos necesarios, por eso hoy estamos con obras de asfalto, comenzando obras de cloacas, iluminaci\u00f3n, de viviendas; ayer firmamos un convenio para hacer lotes con servicios, vamos a comenzar el hospital odontol\u00f3gico municipal, es decir, una gran cantidad de obras, que lo que van a hacer es darle el desarrollo, el crecimiento que todos queremos para nuestra ciudad\u201d asegur\u00f3 el intendente Ustarroz y destac\u00f3 \u201cuna ciudad que a trav\u00e9s de sus instituciones y ciudadanos de a pie, se uni\u00f3 y ha hecho un gran esfuerzo este a\u00f1o -muy dif\u00edcil- donde a pesar de las dificultades y complejidades entre todos logramos dar grandes pasos que nos van a permitir so\u00f1ar, proyectar y planificar un 2021 mucho mejor\u201d. &nbsp;<\/p>\n\n\n\n<p>Por su parte, el Ministro del Interior, Eduardo De Pedro se\u00f1al\u00f3 \u201cquiero agradecer al Municipio, al intendente de manera particular, porque tenemos un municipio eficiente, transparente, r\u00e1pido, mismo que cuando acercamos algunas de las propuestas siempre tienen un equipo, de j\u00f3venes, empleados y funcionarios que se ponen la necesidad al hombro y la gestionan de una manera eficiente como pocos municipios, as\u00ed que felicitaciones a todos\u201d. \u00a0<\/p>\n\n\n\n<div class=\"wp-block-image\"><figure class=\"aligncenter size-large\"><img loading=\"lazy\" decoding=\"async\" width=\"800\" height=\"533\" data-attachment-id=\"122696\" data-permalink=\"https:\/\/www.hoymercedes.com.ar\/principal\/2020\/12\/30\/municipio-incorpora-cinco-camiones-0km\/30-muni-camion-3\/#main\" data-orig-file=\"https:\/\/www.hoymercedes.com.ar\/principal\/wp-content\/uploads\/2020\/12\/30-muni-camion-3.jpeg\" data-orig-size=\"800,533\" data-comments-opened=\"0\" data-image-meta=\"{&quot;aperture&quot;:&quot;0&quot;,&quot;credit&quot;:&quot;&quot;,&quot;camera&quot;:&quot;&quot;,&quot;caption&quot;:&quot;&quot;,&quot;created_timestamp&quot;:&quot;0&quot;,&quot;copyright&quot;:&quot;&quot;,&quot;focal_length&quot;:&quot;0&quot;,&quot;iso&quot;:&quot;0&quot;,&quot;shutter_speed&quot;:&quot;0&quot;,&quot;title&quot;:&quot;&quot;,&quot;orientation&quot;:&quot;0&quot;}\" data-image-title=\"30 muni camion 3\" data-image-description=\"\" data-image-caption=\"\" data-large-file=\"https:\/\/www.hoymercedes.com.ar\/principal\/wp-content\/uploads\/2020\/12\/30-muni-camion-3.jpeg\" src=\"https:\/\/www.hoymercedes.com.ar\/principal\/wp-content\/uploads\/2020\/12\/30-muni-camion-3.jpeg\" alt=\"\" class=\"wp-image-122696\" srcset=\"https:\/\/www.hoymercedes.com.ar\/principal\/wp-content\/uploads\/2020\/12\/30-muni-camion-3.jpeg 800w, https:\/\/www.hoymercedes.com.ar\/principal\/wp-content\/uploads\/2020\/12\/30-muni-camion-3-630x420.jpeg 630w, https:\/\/www.hoymercedes.com.ar\/principal\/wp-content\/uploads\/2020\/12\/30-muni-camion-3-150x100.jpeg 150w, https:\/\/www.hoymercedes.com.ar\/principal\/wp-content\/uploads\/2020\/12\/30-muni-camion-3-700x465.jpeg 700w\" sizes=\"auto, (max-width: 800px) 100vw, 800px\" \/><\/figure><\/div>\n\n\n\n<p>\u201cPara m\u00ed es un honor, del lugar que me toque, pienso y act\u00fao en funci\u00f3n de las necesidades de mi pueblo, de mi ciudad, con lo cual voy a estar permanentemente escuchando y trabajando por las necesidades de los mercedinos y mercedinas\u201d asever\u00f3 Eduardo \u201cWado\u201d De Pedro y a\u00f1adi\u00f3 \u201choy estamos poniendo en marcha algo que el intendente Ustarroz hizo desde el primer d\u00eda, \u00e9l cuando asumi\u00f3 la gesti\u00f3n, pens\u00f3 en una ciudad m\u00e1s linda y limpia, y eso es querer a la ciudad y a nosotros\u201d. &nbsp;<\/p>\n\n\n\n<p>Asimismo, De Pedro apunt\u00f3 \u201ceste a\u00f1o nos vimos marcados por una pandemia, donde tambi\u00e9n respondimos con esa l\u00f3gica, cuidarnos como personas, querernos y priorizar la salud de los argentinos. Con lo cual esta experiencia en Mercedes, de tener una ciudad m\u00e1s linda, m\u00e1s limpia, de cuidarnos, administrarla bien, de manera amplia, esto de estar unidos, de comunidad organizada donde todos participan, colaboran, es lo que nos va a hacer una mejor sociedad\u201d. &nbsp;<\/p>\n\n\n\n<p>Por \u00faltimo, el Ministro del Interior, recalc\u00f3 \u201ccuid\u00e9monos en estas fiestas, porque la segunda ola es un fen\u00f3meno mundial que ya lleg\u00f3\u201d y finaliz\u00f3 \u201cquiero desearles felices fiestas, feliz a\u00f1o, y que tengamos un a\u00f1o vacunando, con salud y con empleo\u201d.&nbsp;&nbsp;&nbsp;<\/p>\n\n\n\n<p>Evangelina Artaza, representante del sindicato de Trabajadores Municipales dijo: \u201cAgradecer en primer lugar al Ministro del Interior por esta importante inversi\u00f3n que va a ayudar a la subsecretar\u00eda de servicios p\u00fablicos a mejorar la calidad laboral de los trabajadores municipales y al intendente por gestionarlo. Ten\u00edamos un parque automotor destruido y creo que con la pol\u00edtica p\u00fablica que se viene desarrollando desde hace 5 a\u00f1os estamos logrando lo que el sindicato ped\u00eda desde hace mucho tiempo, as\u00ed que muchas gracias\u201d &nbsp;<\/p>\n\n\n\n<p>Los camiones fueron entregados los trabajadores Pablo Marinelli, Miguel Garc\u00eda, Eduardo Gianaschi y Jorge Gollo. Estuvieron presentes adem\u00e1s el secretario de obras, Emanuel P\u00e9rez Carrera, el secretario de econom\u00eda, Gast\u00f3n Boido, el sub secretario de servicios p\u00fablicos, Lu\u00eds Ponce, el sub secretario de econom\u00eda, David Valerga, el director de servicios, Daniel Apestegu\u00eda, trabajadores del \u00e1rea e integrantes del ministerio. &nbsp;<\/p>\n\n\n\n<p>Por otro lado, el intendente Ustarroz hizo alusi\u00f3n al problema que se viene suscitando en nuestro pa\u00eds y que tambi\u00e9n se hace eco en nuestra ciudad, el rebrote de Covid-19 \u201cquiero mandar un mensaje a nuestra comunidad, vienen las fiestas y todos nos queremos juntar con nuestros seres queridos, por ello, debemos tomar conciencia y realizar los cuidados correspondientes. Hoy la ciudad, la provincia, el pa\u00eds, Am\u00e9rica del Sur y el mundo, est\u00e1 entrando -algunos ya lo han hecho- a la segunda ola Covid, nosotros tenemos como hecho positivo que en nuestra ciudad, en el d\u00eda de ayer, ya comenzamos a vacunar a los trabajadores del sistema de salud. Pero esto no es un hecho m\u00e1gico y no tiene efectos inmediatos, va a haber un proceso de al menos 6 meses, de vacunaci\u00f3n, en primer t\u00e9rmino, a la poblaci\u00f3n del sistema de salud, luego adultos mayores y de riesgo y a la poblaci\u00f3n en general\u201d. &nbsp;<\/p>\n\n\n\n<p>\u201cPor ello, en estos seis meses es muy importante volver a recuperar cada uno de los cuidados -uso de tapabocas, distanciamiento, lavado de manos, reuniones al aire libre- porque evidentemente se han incrementado los casos, en una charla con el Ministro de Salud de la provincia de Buenos Aires, nos informamos que en todos lados est\u00e1 pasando esto. Entonces en particular para estas fiestas que nos vamos a encontrar con nuestros seres queridos hag\u00e1moslo desde la conciencia, el amor, el cuidado que nuevamente entre todos vamos a conseguir vencer este virus, y lograremos, adem\u00e1s, proyectar y desarrollar nuestra ciudad como todos los mercedinos queremos, much\u00edsimas gracias\u201d.\u00a0<\/p>\n\n\n\n<div class=\"wp-block-image\"><figure class=\"aligncenter size-large\"><img loading=\"lazy\" decoding=\"async\" width=\"800\" height=\"450\" data-attachment-id=\"122698\" data-permalink=\"https:\/\/www.hoymercedes.com.ar\/principal\/2020\/12\/30\/municipio-incorpora-cinco-camiones-0km\/30-muni-camion-1\/#main\" data-orig-file=\"https:\/\/www.hoymercedes.com.ar\/principal\/wp-content\/uploads\/2020\/12\/30-muni-camion-1.jpeg\" data-orig-size=\"800,450\" data-comments-opened=\"0\" data-image-meta=\"{&quot;aperture&quot;:&quot;0&quot;,&quot;credit&quot;:&quot;&quot;,&quot;camera&quot;:&quot;&quot;,&quot;caption&quot;:&quot;&quot;,&quot;created_timestamp&quot;:&quot;0&quot;,&quot;copyright&quot;:&quot;&quot;,&quot;focal_length&quot;:&quot;0&quot;,&quot;iso&quot;:&quot;0&quot;,&quot;shutter_speed&quot;:&quot;0&quot;,&quot;title&quot;:&quot;&quot;,&quot;orientation&quot;:&quot;0&quot;}\" data-image-title=\"30 muni camion 1\" data-image-description=\"\" data-image-caption=\"\" data-large-file=\"https:\/\/www.hoymercedes.com.ar\/principal\/wp-content\/uploads\/2020\/12\/30-muni-camion-1.jpeg\" src=\"https:\/\/www.hoymercedes.com.ar\/principal\/wp-content\/uploads\/2020\/12\/30-muni-camion-1.jpeg\" alt=\"\" class=\"wp-image-122698\" srcset=\"https:\/\/www.hoymercedes.com.ar\/principal\/wp-content\/uploads\/2020\/12\/30-muni-camion-1.jpeg 800w, https:\/\/www.hoymercedes.com.ar\/principal\/wp-content\/uploads\/2020\/12\/30-muni-camion-1-630x354.jpeg 630w, https:\/\/www.hoymercedes.com.ar\/principal\/wp-content\/uploads\/2020\/12\/30-muni-camion-1-150x84.jpeg 150w\" sizes=\"auto, (max-width: 800px) 100vw, 800px\" \/><\/figure><\/div>\n","protected":false},"excerpt":{"rendered":"<p>(Prensa Municipal) El intendente de Mercedes Juan Ustarroz recibi\u00f3 al ministro Eduardo \u201cWado\u201d De Pedro quien hizo entrega de cinco8 &#8230; <a title=\"Municipio incorpora cinco camiones 0km\" class=\"read-more\" href=\"https:\/\/www.hoymercedes.com.ar\/principal\/2020\/12\/30\/municipio-incorpora-cinco-camiones-0km\/\" aria-label=\"Leer m\u00e1s sobre Municipio incorpora cinco camiones 0km\">Leer m\u00e1s<\/a><\/p>\n","protected":false},"author":1,"featured_media":122698,"comment_status":"closed","ping_status":"open","sticky":false,"template":"","format":"standard","meta":{"_monsterinsights_skip_tracking":false,"_monsterinsights_sitenote_active":false,"_monsterinsights_sitenote_note":"","_monsterinsights_sitenote_category":0,"jetpack_post_was_ever_published":false,"_jetpack_newsletter_access":"","_jetpack_dont_email_post_to_subs":false,"_jetpack_newsletter_tier_id":0,"_jetpack_memberships_contains_paywalled_content":false,"_jetpack_memberships_contains_paid_content":false,"footnotes":"","jetpack_publicize_message":"","jetpack_publicize_feature_enabled":true,"jetpack_social_post_already_shared":true,"jetpack_social_options":{"image_generator_settings":{"template":"highway","default_image_id":0,"font":"","enabled":false},"version":2},"_wpas_customize_per_network":false},"categories":[30],"tags":[2610,244],"class_list":["post-122695","post","type-post","status-publish","format-standard","has-post-thumbnail","hentry","category-municipio","tag-camiones","tag-municipio-2","generate-columns","tablet-grid-50","mobile-grid-100","grid-parent","grid-50"],"jetpack_publicize_connections":[],"jetpack_featured_media_url":"https:\/\/www.hoymercedes.com.ar\/principal\/wp-content\/uploads\/2020\/12\/30-muni-camion-1.jpeg","wps_subtitle":"Entrega desde Naci\u00f3n","jetpack_sharing_enabled":true,"_links":{"self":[{"href":"https:\/\/www.hoymercedes.com.ar\/principal\/wp-json\/wp\/v2\/posts\/122695","targetHints":{"allow":["GET"]}}],"collection":[{"href":"https:\/\/www.hoymercedes.com.ar\/principal\/wp-json\/wp\/v2\/posts"}],"about":[{"href":"https:\/\/www.hoymercedes.com.ar\/principal\/wp-json\/wp\/v2\/types\/post"}],"author":[{"embeddable":true,"href":"https:\/\/www.hoymercedes.com.ar\/principal\/wp-json\/wp\/v2\/users\/1"}],"replies":[{"embeddable":true,"href":"https:\/\/www.hoymercedes.com.ar\/principal\/wp-json\/wp\/v2\/comments?post=122695"}],"version-history":[{"count":0,"href":"https:\/\/www.hoymercedes.com.ar\/principal\/wp-json\/wp\/v2\/posts\/122695\/revisions"}],"wp:featuredmedia":[{"embeddable":true,"href":"https:\/\/www.hoymercedes.com.ar\/principal\/wp-json\/wp\/v2\/media\/122698"}],"wp:attachment":[{"href":"https:\/\/www.hoymercedes.com.ar\/principal\/wp-json\/wp\/v2\/media?parent=122695"}],"wp:term":[{"taxonomy":"category","embeddable":true,"href":"https:\/\/www.hoymercedes.com.ar\/principal\/wp-json\/wp\/v2\/categories?post=122695"},{"taxonomy":"post_tag","embeddable":true,"href":"https:\/\/www.hoymercedes.com.ar\/principal\/wp-json\/wp\/v2\/tags?post=122695"}],"curies":[{"name":"wp","href":"https:\/\/api.w.org\/{rel}","templated":true}]}}