{"id":122786,"date":"2021-01-02T21:32:43","date_gmt":"2021-01-03T00:32:43","guid":{"rendered":"http:\/\/www.hoymercedes.com.ar\/principal\/?p=122786"},"modified":"2021-01-02T21:32:49","modified_gmt":"2021-01-03T00:32:49","slug":"mercedes-suma-7-nuevos-positivos-de-covid-19","status":"publish","type":"post","link":"https:\/\/www.hoymercedes.com.ar\/principal\/2021\/01\/02\/mercedes-suma-7-nuevos-positivos-de-covid-19\/","title":{"rendered":"Mercedes suma 7 nuevos positivos de Covid-19"},"content":{"rendered":"\n<p>De acuerdo a la informaci\u00f3n epidemiol\u00f3gica enviada por las autoridades sanitarias, son 7 los nuevos casos positivos de covid-19 en Mercedes entre los 40 test realizados este s\u00e1bado. Asimismo, comunicaron que 4 pacientes recibieron el alta m\u00e9dica de acuerdo a los protocolos del tratamiento del virus Sars-Cov2. En el informe nacional, dieron cuenta de 20.906 nuevos casos y 212 fallcimientos registrados entre el 1\u00b0 y el 2 de enero.<\/p>\n\n\n\n<div class=\"wp-block-image\"><figure class=\"aligncenter size-large\"><img loading=\"lazy\" decoding=\"async\" width=\"800\" height=\"800\" data-attachment-id=\"122787\" data-permalink=\"https:\/\/www.hoymercedes.com.ar\/principal\/2021\/01\/02\/mercedes-suma-7-nuevos-positivos-de-covid-19\/whatsapp-image-2021-01-02-at-21-25-18\/#main\" data-orig-file=\"https:\/\/www.hoymercedes.com.ar\/principal\/wp-content\/uploads\/2021\/01\/WhatsApp-Image-2021-01-02-at-21.25.18.jpeg\" data-orig-size=\"800,800\" data-comments-opened=\"0\" data-image-meta=\"{&quot;aperture&quot;:&quot;0&quot;,&quot;credit&quot;:&quot;&quot;,&quot;camera&quot;:&quot;&quot;,&quot;caption&quot;:&quot;&quot;,&quot;created_timestamp&quot;:&quot;0&quot;,&quot;copyright&quot;:&quot;&quot;,&quot;focal_length&quot;:&quot;0&quot;,&quot;iso&quot;:&quot;0&quot;,&quot;shutter_speed&quot;:&quot;0&quot;,&quot;title&quot;:&quot;&quot;,&quot;orientation&quot;:&quot;0&quot;}\" data-image-title=\"WhatsApp Image 2021-01-02 at 21.25.18\" data-image-description=\"\" data-image-caption=\"\" data-large-file=\"https:\/\/www.hoymercedes.com.ar\/principal\/wp-content\/uploads\/2021\/01\/WhatsApp-Image-2021-01-02-at-21.25.18.jpeg\" src=\"https:\/\/www.hoymercedes.com.ar\/principal\/wp-content\/uploads\/2021\/01\/WhatsApp-Image-2021-01-02-at-21.25.18.jpeg\" alt=\"\" class=\"wp-image-122787\" srcset=\"https:\/\/www.hoymercedes.com.ar\/principal\/wp-content\/uploads\/2021\/01\/WhatsApp-Image-2021-01-02-at-21.25.18.jpeg 800w, https:\/\/www.hoymercedes.com.ar\/principal\/wp-content\/uploads\/2021\/01\/WhatsApp-Image-2021-01-02-at-21.25.18-620x620.jpeg 620w, https:\/\/www.hoymercedes.com.ar\/principal\/wp-content\/uploads\/2021\/01\/WhatsApp-Image-2021-01-02-at-21.25.18-150x150.jpeg 150w\" sizes=\"auto, (max-width: 800px) 100vw, 800px\" \/><\/figure><\/div>\n\n\n\n<p>Informe nacional: Fueron confirmados 5.240 nuevos casos de COVID-19. Durante los d\u00edas 31 de diciembre y 01 de enero se notificaron 15.666 casos. Con estos registros, suman 1.634.834 positivos en el pa\u00eds, de los cuales 1.447.092 son pacientes recuperados y 144.367 son casos confirmados activos.<\/p>\n\n\n\n<p>En las \u00faltimas 24 horas, se notificaron 56 nuevas muertes, son 33 hombres y 23 mujeres. Entre el 31 de diciembre y el 01 de enero han sido registradas 156 personas fallecidas. Al momento la cantidad de personas fallecidas es 43.375.<\/p>\n\n\n\n<p>Detalle por provincia (N\u00ba confirmados hoy | N\u00ba de acumulados): Buenos Aires 2.098 | 688.349 Ciudad de Buenos Aires 495 | 175.668 Catamarca 51 | 2.818 Chaco 152 | 25.035 Chubut 204 | 32.252 Corrientes 103 | 12.118 C\u00f3rdoba 83 | 128.024 Entre R\u00edos 143 | 29.895 Formosa 1 | 220 Jujuy -1 | 18.562 La Pampa 197 | 11.274 La Rioja 9 | 9.121 Mendoza 65 | 60.253 Misiones 2 | 1.084 Neuqu\u00e9n 305 | 41.554 R\u00edo Negro 160 | 38.860 Salta 12 | 22.405 San Juan 4 | 11.565 San Luis 2 | 16.201 Santa Cruz 305 | 24.194 Santa Fe 568 | 177.295 Santiago del Estero 128 | 17.567 Tierra del Fuego 108 | 19.329 y Tucum\u00e1n 46 | 71.191<\/p>\n\n\n\n<p>Detalle por provincia (N\u00ba confirmados 31\/12 y 02\/01): Buenos Aires 6.210; Ciudad de Buenos Aires 1.911; Catamarca 82; Chaco 360; Chubut 572; Corrientes 115; C\u00f3rdoba 1.024; Entre R\u00edos 750; Formosa 7; Jujuy 18; La Pampa 528; La Rioja 27; Mendoza 172; Misiones 6; Neuqu\u00e9n 602; R\u00edo Negro 386; Salta 85; San Juan 58; San Luis 40; Santa Cruz 554; Santa Fe 1.706; Santiago del Estero 109; Tierra del Fuego 193 y Tucum\u00e1n 151<\/p>\n\n\n\n<p>En las \u00faltimas 24 hs fueron realizados 17.270 testeos y desde el inicio del brote se realizaron 4.897.167 pruebas diagn\u00f3sticas para esta enfermedad, lo que equivale a 107.922 muestras por mill\u00f3n de habitantes.<\/p>\n","protected":false},"excerpt":{"rendered":"<p>De acuerdo a la informaci\u00f3n epidemiol\u00f3gica enviada por las autoridades sanitarias, son 7 los nuevos casos positivos de covid-19 en &#8230; <a title=\"Mercedes suma 7 nuevos positivos de Covid-19\" class=\"read-more\" href=\"https:\/\/www.hoymercedes.com.ar\/principal\/2021\/01\/02\/mercedes-suma-7-nuevos-positivos-de-covid-19\/\" aria-label=\"Leer m\u00e1s sobre Mercedes suma 7 nuevos positivos de Covid-19\">Leer m\u00e1s<\/a><\/p>\n","protected":false},"author":1,"featured_media":122787,"comment_status":"closed","ping_status":"open","sticky":false,"template":"","format":"standard","meta":{"_monsterinsights_skip_tracking":false,"_monsterinsights_sitenote_active":false,"_monsterinsights_sitenote_note":"","_monsterinsights_sitenote_category":0,"jetpack_post_was_ever_published":false,"_jetpack_newsletter_access":"","_jetpack_dont_email_post_to_subs":false,"_jetpack_newsletter_tier_id":0,"_jetpack_memberships_contains_paywalled_content":false,"_jetpack_memberships_contains_paid_content":false,"footnotes":"","jetpack_publicize_message":"","jetpack_publicize_feature_enabled":true,"jetpack_social_post_already_shared":true,"jetpack_social_options":{"image_generator_settings":{"template":"highway","default_image_id":0,"font":"","enabled":false},"version":2},"_wpas_customize_per_network":false},"categories":[9791],"tags":[],"class_list":["post-122786","post","type-post","status-publish","format-standard","has-post-thumbnail","hentry","category-salud","generate-columns","tablet-grid-50","mobile-grid-100","grid-parent","grid-50"],"jetpack_publicize_connections":[],"jetpack_featured_media_url":"https:\/\/www.hoymercedes.com.ar\/principal\/wp-content\/uploads\/2021\/01\/WhatsApp-Image-2021-01-02-at-21.25.18.jpeg","wps_subtitle":"","jetpack_sharing_enabled":true,"_links":{"self":[{"href":"https:\/\/www.hoymercedes.com.ar\/principal\/wp-json\/wp\/v2\/posts\/122786","targetHints":{"allow":["GET"]}}],"collection":[{"href":"https:\/\/www.hoymercedes.com.ar\/principal\/wp-json\/wp\/v2\/posts"}],"about":[{"href":"https:\/\/www.hoymercedes.com.ar\/principal\/wp-json\/wp\/v2\/types\/post"}],"author":[{"embeddable":true,"href":"https:\/\/www.hoymercedes.com.ar\/principal\/wp-json\/wp\/v2\/users\/1"}],"replies":[{"embeddable":true,"href":"https:\/\/www.hoymercedes.com.ar\/principal\/wp-json\/wp\/v2\/comments?post=122786"}],"version-history":[{"count":0,"href":"https:\/\/www.hoymercedes.com.ar\/principal\/wp-json\/wp\/v2\/posts\/122786\/revisions"}],"wp:featuredmedia":[{"embeddable":true,"href":"https:\/\/www.hoymercedes.com.ar\/principal\/wp-json\/wp\/v2\/media\/122787"}],"wp:attachment":[{"href":"https:\/\/www.hoymercedes.com.ar\/principal\/wp-json\/wp\/v2\/media?parent=122786"}],"wp:term":[{"taxonomy":"category","embeddable":true,"href":"https:\/\/www.hoymercedes.com.ar\/principal\/wp-json\/wp\/v2\/categories?post=122786"},{"taxonomy":"post_tag","embeddable":true,"href":"https:\/\/www.hoymercedes.com.ar\/principal\/wp-json\/wp\/v2\/tags?post=122786"}],"curies":[{"name":"wp","href":"https:\/\/api.w.org\/{rel}","templated":true}]}}