{"id":122797,"date":"2021-01-03T20:36:49","date_gmt":"2021-01-03T23:36:49","guid":{"rendered":"http:\/\/www.hoymercedes.com.ar\/principal\/?p=122797"},"modified":"2021-01-03T22:58:36","modified_gmt":"2021-01-04T01:58:36","slug":"nacion-confirma-el-fallecimiento-de-107-personas-y-5884-nuevos-positivos","status":"publish","type":"post","link":"https:\/\/www.hoymercedes.com.ar\/principal\/2021\/01\/03\/nacion-confirma-el-fallecimiento-de-107-personas-y-5884-nuevos-positivos\/","title":{"rendered":"Naci\u00f3n confirma el fallecimiento de 107 personas y 5884 nuevos positivos"},"content":{"rendered":"\n<p>El Ministerio de Salud de la Naci\u00f3n inform\u00f3 este domingo que, durante las \u00faltimas 24 horas, se registraron 107 muertes y 5.884 nuevos casos positivos de COVID-19. Con estos datos, el total de infectados asciende a 1.640.718 y las v\u00edctimas fatales suman 43.482.<\/p>\n\n\n\n<p>De acuerdo con el parte epidemiol\u00f3gico, entre las v\u00edctimas fatales hubo 65 hombres: 39 residentes en la provincia de Buenos Aires, 2 en la Ciudad de Buenos Aires (CABA), 1 en la provincia de Chaco, 4 en la provincia de C\u00f3rdoba, 5 en la provincia de La Rioja, 1 en la provincia de Mendoza, 1 en la provincia de Neuqu\u00e9n, 3 en la provincia de R\u00edo Negro, 4 en la provincia de Santa Cruz y 5 en la provincia de Santa Fe. Tambi\u00e9n 42 mujeres: 24 residentes en la provincia de Buenos Aires, 1 en la provincia de Chaco, 2 en la provincia de C\u00f3rdoba, 4 en la provincia de La Rioja, 1 en la provincia de Neuqu\u00e9n, 3 en la provincia de R\u00edo Negro, 2 en la provincia de Santa Cruz, 3 en la provincia de Santa Fe, 1 en la provincia de Santiago del Estero y 1 en la provincia de Tierra del Fuego.<\/p>\n\n\n\n<p>Actualmente son 3.433 las personas internadas en Unidades de Terapia Intensiva (UTI). En lo que respecta a los porcentajes de ocupaci\u00f3n, a nivel nacional es del 53%, mientras que en el AMBA es de 56,8%. En las \u00faltimas 24 horas fueron realizados 22.180 testeos y desde el inicio del brote se realizaron 4.919.347 pruebas diagn\u00f3sticas para esta enfermedad, lo que equivale a 108.411 muestras por mill\u00f3n de habitantes.<\/p>\n\n\n\n<p>De los 5.884 nuevos casos de COVID-19, 2.034 son de la provincia de Buenos Aires, 827 de la ciudad de Buenos Aires, 33 de Catamarca, 113 de Chaco, 202 de Chubut, 104 de Corrientes, 356 de C\u00f3rdoba, 264 de Entre R\u00edos, 5 de Jujuy, 194 de La Pampa, 3 de La Rioja, 77 de Mendoza, 40 de Misiones, 372 de Neuqu\u00e9n, 212 de R\u00edo Negro, 8 de Salta, 33 de San Juan, 24 de San Luis, 207 de Santa Cruz, 516 de Santa Fe, 50 de Santiago del Estero, 103 de Tierra del Fuego y 106 de Tucum\u00e1n.<\/p>\n","protected":false},"excerpt":{"rendered":"<p>El Ministerio de Salud de la Naci\u00f3n inform\u00f3 este domingo que, durante las \u00faltimas 24 horas, se registraron 107 muertes &#8230; <a title=\"Naci\u00f3n confirma el fallecimiento de 107 personas y 5884 nuevos positivos\" class=\"read-more\" href=\"https:\/\/www.hoymercedes.com.ar\/principal\/2021\/01\/03\/nacion-confirma-el-fallecimiento-de-107-personas-y-5884-nuevos-positivos\/\" aria-label=\"Leer m\u00e1s sobre Naci\u00f3n confirma el fallecimiento de 107 personas y 5884 nuevos positivos\">Leer m\u00e1s<\/a><\/p>\n","protected":false},"author":1,"featured_media":111591,"comment_status":"closed","ping_status":"open","sticky":false,"template":"","format":"standard","meta":{"_monsterinsights_skip_tracking":false,"_monsterinsights_sitenote_active":false,"_monsterinsights_sitenote_note":"","_monsterinsights_sitenote_category":0,"jetpack_post_was_ever_published":false,"_jetpack_newsletter_access":"","_jetpack_dont_email_post_to_subs":false,"_jetpack_newsletter_tier_id":0,"_jetpack_memberships_contains_paywalled_content":false,"_jetpack_memberships_contains_paid_content":false,"footnotes":"","jetpack_publicize_message":"","jetpack_publicize_feature_enabled":true,"jetpack_social_post_already_shared":true,"jetpack_social_options":{"image_generator_settings":{"template":"highway","default_image_id":0,"font":"","enabled":false},"version":2},"_wpas_customize_per_network":false},"categories":[9791],"tags":[16313,15693],"class_list":["post-122797","post","type-post","status-publish","format-standard","has-post-thumbnail","hentry","category-salud","tag-covid-19","tag-informe-nacional","generate-columns","tablet-grid-50","mobile-grid-100","grid-parent","grid-50"],"jetpack_publicize_connections":[],"jetpack_featured_media_url":"https:\/\/www.hoymercedes.com.ar\/principal\/wp-content\/uploads\/2020\/06\/03-coronavirus.jpg","wps_subtitle":"Informe nacional","jetpack_sharing_enabled":true,"_links":{"self":[{"href":"https:\/\/www.hoymercedes.com.ar\/principal\/wp-json\/wp\/v2\/posts\/122797","targetHints":{"allow":["GET"]}}],"collection":[{"href":"https:\/\/www.hoymercedes.com.ar\/principal\/wp-json\/wp\/v2\/posts"}],"about":[{"href":"https:\/\/www.hoymercedes.com.ar\/principal\/wp-json\/wp\/v2\/types\/post"}],"author":[{"embeddable":true,"href":"https:\/\/www.hoymercedes.com.ar\/principal\/wp-json\/wp\/v2\/users\/1"}],"replies":[{"embeddable":true,"href":"https:\/\/www.hoymercedes.com.ar\/principal\/wp-json\/wp\/v2\/comments?post=122797"}],"version-history":[{"count":0,"href":"https:\/\/www.hoymercedes.com.ar\/principal\/wp-json\/wp\/v2\/posts\/122797\/revisions"}],"wp:featuredmedia":[{"embeddable":true,"href":"https:\/\/www.hoymercedes.com.ar\/principal\/wp-json\/wp\/v2\/media\/111591"}],"wp:attachment":[{"href":"https:\/\/www.hoymercedes.com.ar\/principal\/wp-json\/wp\/v2\/media?parent=122797"}],"wp:term":[{"taxonomy":"category","embeddable":true,"href":"https:\/\/www.hoymercedes.com.ar\/principal\/wp-json\/wp\/v2\/categories?post=122797"},{"taxonomy":"post_tag","embeddable":true,"href":"https:\/\/www.hoymercedes.com.ar\/principal\/wp-json\/wp\/v2\/tags?post=122797"}],"curies":[{"name":"wp","href":"https:\/\/api.w.org\/{rel}","templated":true}]}}