{"id":122798,"date":"2021-01-03T19:26:00","date_gmt":"2021-01-03T22:26:00","guid":{"rendered":"http:\/\/www.hoymercedes.com.ar\/principal\/?p=122798"},"modified":"2021-01-05T22:55:30","modified_gmt":"2021-01-06T01:55:30","slug":"abcd-el-spot-de-la-provincia-para-disfrutar-de-un-verano-cuidado","status":"publish","type":"post","link":"https:\/\/www.hoymercedes.com.ar\/principal\/2021\/01\/03\/abcd-el-spot-de-la-provincia-para-disfrutar-de-un-verano-cuidado\/","title":{"rendered":"ABCD, el spot de la Provincia para disfrutar de un verano cuidado"},"content":{"rendered":"\n<p>El Gobierno de la Provincia de Buenos Aires puso en marcha una campa\u00f1a de verano para promover el cuidado de las y los veraneantes frente al Covid-19.<\/p>\n\n\n\n<p>Bajo el nombre \u201cABCD El tema del verano es cuidarse\u201d, public\u00f3 un spot audiovisual en las redes sociales con un pegadizo jingle musical.<\/p>\n\n\n\n<p>Se puede ver completo en el siguiente link: https:\/\/www.youtube.com\/watch?v=8AuOBanae_w&amp;feature=youtu.be<\/p>\n\n\n\n<p>Ante la suba de casos de Covid-19 y la preocupaci\u00f3n por evitar una segunda ola, el spot refuerza las acciones de autocuidado para recordar las medidas de protecci\u00f3n indispensables durante las vacaciones.<\/p>\n\n\n\n<p>La f\u00f3rmula de cuidados consiste en cuatro pasos:<br>A: Agua y alcohol para lavarse las manos.<br>B: Barbijo a todos lados.<br>C: Circulaci\u00f3n de aire en ambientes.<br>D: Distancia social de 2 metros.<\/p>\n\n\n\n<p>En su estribillo se escucha \u201cABCD, ya sab\u00e9s, manten\u00e9 la distancia, us\u00e1 el barbijo, no compartas el mate y us\u00e1 alcohol en gel\u201d.<\/p>\n\n\n\n<p>El jingle recorre en im\u00e1genes algunos de los puntos tur\u00edsticos m\u00e1s importantes de la provincia de Buenos Aires, elegidos por las y los bonaerenses durante el verano como Mar del Plata, Necochea, Caril\u00f3, San Clemente, Mar de la Pampas, entre otros destinos.<\/p>\n\n\n\n<p>\u00abLo que buscamos es tener la mejor temporada posible y asegurarles a quienes vengan a descansar que van a contar con un Estado presente\u201d, expres\u00f3 d\u00edas atr\u00e1s el gobernador Axel Kicillof al abrir la temporada bonaerense.<\/p>\n\n\n\n<p>La campa\u00f1a apela a la responsabilidad y la solidaridad de todas y todos, e invita a seguir cuid\u00e1ndose frente a una pandemia que a\u00fan no termin\u00f3.<\/p>\n\n\n\n<p>Fuente: gobierno provincia de Buenos Aires<\/p>\n","protected":false},"excerpt":{"rendered":"<p>El Gobierno de la Provincia de Buenos Aires puso en marcha una campa\u00f1a de verano para promover el cuidado de &#8230; <a title=\"ABCD, el spot de la Provincia para disfrutar de un verano cuidado\" class=\"read-more\" href=\"https:\/\/www.hoymercedes.com.ar\/principal\/2021\/01\/03\/abcd-el-spot-de-la-provincia-para-disfrutar-de-un-verano-cuidado\/\" aria-label=\"Leer m\u00e1s sobre ABCD, el spot de la Provincia para disfrutar de un verano cuidado\">Leer m\u00e1s<\/a><\/p>\n","protected":false},"author":1,"featured_media":122799,"comment_status":"closed","ping_status":"open","sticky":false,"template":"","format":"standard","meta":{"_monsterinsights_skip_tracking":false,"_monsterinsights_sitenote_active":false,"_monsterinsights_sitenote_note":"","_monsterinsights_sitenote_category":0,"jetpack_post_was_ever_published":false,"_jetpack_newsletter_access":"","_jetpack_dont_email_post_to_subs":false,"_jetpack_newsletter_tier_id":0,"_jetpack_memberships_contains_paywalled_content":false,"_jetpack_memberships_contains_paid_content":false,"footnotes":"","jetpack_publicize_message":"","jetpack_publicize_feature_enabled":true,"jetpack_social_post_already_shared":true,"jetpack_social_options":{"image_generator_settings":{"template":"highway","default_image_id":0,"font":"","enabled":false},"version":2},"_wpas_customize_per_network":false},"categories":[8881],"tags":[17438,1803,10456],"class_list":["post-122798","post","type-post","status-publish","format-standard","has-post-thumbnail","hentry","category-provincia","tag-abcd","tag-provincia","tag-verano","generate-columns","tablet-grid-50","mobile-grid-100","grid-parent","grid-50"],"jetpack_publicize_connections":[],"jetpack_featured_media_url":"https:\/\/www.hoymercedes.com.ar\/principal\/wp-content\/uploads\/2021\/01\/abcd-provincia.jpg","wps_subtitle":"Coronavirus en la provincia","jetpack_sharing_enabled":true,"_links":{"self":[{"href":"https:\/\/www.hoymercedes.com.ar\/principal\/wp-json\/wp\/v2\/posts\/122798","targetHints":{"allow":["GET"]}}],"collection":[{"href":"https:\/\/www.hoymercedes.com.ar\/principal\/wp-json\/wp\/v2\/posts"}],"about":[{"href":"https:\/\/www.hoymercedes.com.ar\/principal\/wp-json\/wp\/v2\/types\/post"}],"author":[{"embeddable":true,"href":"https:\/\/www.hoymercedes.com.ar\/principal\/wp-json\/wp\/v2\/users\/1"}],"replies":[{"embeddable":true,"href":"https:\/\/www.hoymercedes.com.ar\/principal\/wp-json\/wp\/v2\/comments?post=122798"}],"version-history":[{"count":0,"href":"https:\/\/www.hoymercedes.com.ar\/principal\/wp-json\/wp\/v2\/posts\/122798\/revisions"}],"wp:featuredmedia":[{"embeddable":true,"href":"https:\/\/www.hoymercedes.com.ar\/principal\/wp-json\/wp\/v2\/media\/122799"}],"wp:attachment":[{"href":"https:\/\/www.hoymercedes.com.ar\/principal\/wp-json\/wp\/v2\/media?parent=122798"}],"wp:term":[{"taxonomy":"category","embeddable":true,"href":"https:\/\/www.hoymercedes.com.ar\/principal\/wp-json\/wp\/v2\/categories?post=122798"},{"taxonomy":"post_tag","embeddable":true,"href":"https:\/\/www.hoymercedes.com.ar\/principal\/wp-json\/wp\/v2\/tags?post=122798"}],"curies":[{"name":"wp","href":"https:\/\/api.w.org\/{rel}","templated":true}]}}