{"id":122839,"date":"2021-01-04T20:20:26","date_gmt":"2021-01-04T23:20:26","guid":{"rendered":"http:\/\/www.hoymercedes.com.ar\/principal\/?p=122839"},"modified":"2021-01-04T20:28:03","modified_gmt":"2021-01-04T23:28:03","slug":"de-pedro-y-ustarroz-agradecieron-al-personal-de-salud-que-trabaja-en-la-campana-de-vacunacion-contra-el-covid-19","status":"publish","type":"post","link":"https:\/\/www.hoymercedes.com.ar\/principal\/2021\/01\/04\/de-pedro-y-ustarroz-agradecieron-al-personal-de-salud-que-trabaja-en-la-campana-de-vacunacion-contra-el-covid-19\/","title":{"rendered":"De Pedro y Ustarroz agradecieron al personal de salud que trabaja en la campa\u00f1a de vacunaci\u00f3n contra el Covid-19"},"content":{"rendered":"\n<p>El ministro del interior Eduardo \u00abWado\u00bb de Pedro y el intendente Juan Ustarroz visitaron hoy el Hospital Blas L. Dubarry para agradecer y felicitar al personal que se encuentra realizando la campa\u00f1a de vacunaci\u00f3n contra el Covid-19. \u00abQueremos agradecerles, felicitarlos y darles aliento\u00bb, resalt\u00f3 el jefe comunal. En ese marco, el titular de la cartera de Interior destac\u00f3 el rol que viene desarrollando el personal sanitario durante la pandemia y agradeci\u00f3 por \u00abel trabajo esencial que est\u00e1n realizando cuidando a nuestro pueblo en uno de los momentos m\u00e1s dif\u00edciles\u00bb. \u00a0<\/p>\n\n\n\n<div class=\"wp-block-image\"><figure class=\"aligncenter size-large\"><img loading=\"lazy\" decoding=\"async\" width=\"800\" height=\"450\" data-attachment-id=\"122840\" data-permalink=\"https:\/\/www.hoymercedes.com.ar\/principal\/2021\/01\/04\/de-pedro-y-ustarroz-agradecieron-al-personal-de-salud-que-trabaja-en-la-campana-de-vacunacion-contra-el-covid-19\/dsc02844\/#main\" data-orig-file=\"https:\/\/www.hoymercedes.com.ar\/principal\/wp-content\/uploads\/2021\/01\/DSC02844.jpg\" data-orig-size=\"800,450\" data-comments-opened=\"0\" data-image-meta=\"{&quot;aperture&quot;:&quot;0&quot;,&quot;credit&quot;:&quot;&quot;,&quot;camera&quot;:&quot;&quot;,&quot;caption&quot;:&quot;&quot;,&quot;created_timestamp&quot;:&quot;0&quot;,&quot;copyright&quot;:&quot;&quot;,&quot;focal_length&quot;:&quot;0&quot;,&quot;iso&quot;:&quot;0&quot;,&quot;shutter_speed&quot;:&quot;0&quot;,&quot;title&quot;:&quot;&quot;,&quot;orientation&quot;:&quot;0&quot;}\" data-image-title=\"DSC02844\" data-image-description=\"\" data-image-caption=\"\" data-large-file=\"https:\/\/www.hoymercedes.com.ar\/principal\/wp-content\/uploads\/2021\/01\/DSC02844.jpg\" src=\"https:\/\/www.hoymercedes.com.ar\/principal\/wp-content\/uploads\/2021\/01\/DSC02844.jpg\" alt=\"\" class=\"wp-image-122840\" srcset=\"https:\/\/www.hoymercedes.com.ar\/principal\/wp-content\/uploads\/2021\/01\/DSC02844.jpg 800w, https:\/\/www.hoymercedes.com.ar\/principal\/wp-content\/uploads\/2021\/01\/DSC02844-630x354.jpg 630w, https:\/\/www.hoymercedes.com.ar\/principal\/wp-content\/uploads\/2021\/01\/DSC02844-150x84.jpg 150w\" sizes=\"auto, (max-width: 800px) 100vw, 800px\" \/><\/figure><\/div>\n\n\n\n<p>De la recorrida, en la que el ministro y el intendente fueron acompa\u00f1ados por el director del hospital, Pablo Cassiani, tambi\u00e9n fue parte la directora asociada, Silvina Suckich. En el consultorio del Dubarry estaban llevando a cabo la campa\u00f1a Diana L\u00f3pez, Liciana Schonfeld y Stella Berrastro. &nbsp;<\/p>\n\n\n\n<p>El ministro de Pedro destac\u00f3 que \u201cquisimos acercarnos y agradecer enormemente al personal de nuestro querido hospital Dubarry y en nombre de ellos y ellas a cada integrante del sistema de salud que en todo el territorio nacional est\u00e1n dando lo mejor de s\u00ed para cuidarnos\u201d afirm\u00f3 en el marco de la campa\u00f1a de vacunaci\u00f3n contra el Covid que se desarrolla en toda la Argentina. &nbsp;<\/p>\n\n\n\n<p>Para Ustarroz es un paso muy importante la concreci\u00f3n de la campa\u00f1a y es \u201cun orgullo el trabajo que se viene realizando a nivel pa\u00eds y provincia, donde el hospital es el epicentro de los cuidados, pero con un sistema que en Mercedes sigue trabajando a pleno\u201d y aprovech\u00f3 la ocasi\u00f3n para \u201cqueremos tambi\u00e9n agradecer al ministro De Pedro que siempre est\u00e1 acompa\u00f1ando e impulsando gestiones en beneficio de nuestro pueblo\u201d destac\u00f3 el jefe comunal. \u00a0<\/p>\n\n\n\n<p>Texto: Prensa Municipal<\/p>\n\n\n\n<div class=\"wp-block-image\"><figure class=\"aligncenter size-large\"><img loading=\"lazy\" decoding=\"async\" width=\"800\" height=\"320\" data-attachment-id=\"122841\" data-permalink=\"https:\/\/www.hoymercedes.com.ar\/principal\/2021\/01\/04\/de-pedro-y-ustarroz-agradecieron-al-personal-de-salud-que-trabaja-en-la-campana-de-vacunacion-contra-el-covid-19\/dsc02868\/#main\" data-orig-file=\"https:\/\/www.hoymercedes.com.ar\/principal\/wp-content\/uploads\/2021\/01\/DSC02868.jpg\" data-orig-size=\"800,320\" data-comments-opened=\"0\" data-image-meta=\"{&quot;aperture&quot;:&quot;0&quot;,&quot;credit&quot;:&quot;&quot;,&quot;camera&quot;:&quot;&quot;,&quot;caption&quot;:&quot;&quot;,&quot;created_timestamp&quot;:&quot;0&quot;,&quot;copyright&quot;:&quot;&quot;,&quot;focal_length&quot;:&quot;0&quot;,&quot;iso&quot;:&quot;0&quot;,&quot;shutter_speed&quot;:&quot;0&quot;,&quot;title&quot;:&quot;&quot;,&quot;orientation&quot;:&quot;0&quot;}\" data-image-title=\"DSC02868\" data-image-description=\"\" data-image-caption=\"\" data-large-file=\"https:\/\/www.hoymercedes.com.ar\/principal\/wp-content\/uploads\/2021\/01\/DSC02868.jpg\" src=\"https:\/\/www.hoymercedes.com.ar\/principal\/wp-content\/uploads\/2021\/01\/DSC02868.jpg\" alt=\"\" class=\"wp-image-122841\" srcset=\"https:\/\/www.hoymercedes.com.ar\/principal\/wp-content\/uploads\/2021\/01\/DSC02868.jpg 800w, https:\/\/www.hoymercedes.com.ar\/principal\/wp-content\/uploads\/2021\/01\/DSC02868-630x252.jpg 630w, https:\/\/www.hoymercedes.com.ar\/principal\/wp-content\/uploads\/2021\/01\/DSC02868-150x60.jpg 150w\" sizes=\"auto, (max-width: 800px) 100vw, 800px\" \/><\/figure><\/div>\n","protected":false},"excerpt":{"rendered":"<p>El ministro del interior Eduardo \u00abWado\u00bb de Pedro y el intendente Juan Ustarroz visitaron hoy el Hospital Blas L. Dubarry &#8230; <a title=\"De Pedro y Ustarroz agradecieron al personal de salud que trabaja en la campa\u00f1a de vacunaci\u00f3n contra el Covid-19\" class=\"read-more\" href=\"https:\/\/www.hoymercedes.com.ar\/principal\/2021\/01\/04\/de-pedro-y-ustarroz-agradecieron-al-personal-de-salud-que-trabaja-en-la-campana-de-vacunacion-contra-el-covid-19\/\" aria-label=\"Leer m\u00e1s sobre De Pedro y Ustarroz agradecieron al personal de salud que trabaja en la campa\u00f1a de vacunaci\u00f3n contra el Covid-19\">Leer m\u00e1s<\/a><\/p>\n","protected":false},"author":1,"featured_media":122841,"comment_status":"closed","ping_status":"open","sticky":false,"template":"","format":"standard","meta":{"_monsterinsights_skip_tracking":false,"_monsterinsights_sitenote_active":false,"_monsterinsights_sitenote_note":"","_monsterinsights_sitenote_category":0,"jetpack_post_was_ever_published":false,"_jetpack_newsletter_access":"","_jetpack_dont_email_post_to_subs":false,"_jetpack_newsletter_tier_id":0,"_jetpack_memberships_contains_paywalled_content":false,"_jetpack_memberships_contains_paid_content":false,"footnotes":"","jetpack_publicize_message":"","jetpack_publicize_feature_enabled":true,"jetpack_social_post_already_shared":true,"jetpack_social_options":{"image_generator_settings":{"template":"highway","default_image_id":0,"font":"","enabled":false},"version":2},"_wpas_customize_per_network":false},"categories":[30],"tags":[16175,16313,295,5319,134],"class_list":["post-122839","post","type-post","status-publish","format-standard","has-post-thumbnail","hentry","category-municipio","tag-coronavirus","tag-covid-19","tag-hospital","tag-politica-2","tag-salud","generate-columns","tablet-grid-50","mobile-grid-100","grid-parent","grid-50"],"jetpack_publicize_connections":[],"jetpack_featured_media_url":"https:\/\/www.hoymercedes.com.ar\/principal\/wp-content\/uploads\/2021\/01\/DSC02868.jpg","wps_subtitle":"Coronavirus en Mercedes","jetpack_sharing_enabled":true,"_links":{"self":[{"href":"https:\/\/www.hoymercedes.com.ar\/principal\/wp-json\/wp\/v2\/posts\/122839","targetHints":{"allow":["GET"]}}],"collection":[{"href":"https:\/\/www.hoymercedes.com.ar\/principal\/wp-json\/wp\/v2\/posts"}],"about":[{"href":"https:\/\/www.hoymercedes.com.ar\/principal\/wp-json\/wp\/v2\/types\/post"}],"author":[{"embeddable":true,"href":"https:\/\/www.hoymercedes.com.ar\/principal\/wp-json\/wp\/v2\/users\/1"}],"replies":[{"embeddable":true,"href":"https:\/\/www.hoymercedes.com.ar\/principal\/wp-json\/wp\/v2\/comments?post=122839"}],"version-history":[{"count":0,"href":"https:\/\/www.hoymercedes.com.ar\/principal\/wp-json\/wp\/v2\/posts\/122839\/revisions"}],"wp:featuredmedia":[{"embeddable":true,"href":"https:\/\/www.hoymercedes.com.ar\/principal\/wp-json\/wp\/v2\/media\/122841"}],"wp:attachment":[{"href":"https:\/\/www.hoymercedes.com.ar\/principal\/wp-json\/wp\/v2\/media?parent=122839"}],"wp:term":[{"taxonomy":"category","embeddable":true,"href":"https:\/\/www.hoymercedes.com.ar\/principal\/wp-json\/wp\/v2\/categories?post=122839"},{"taxonomy":"post_tag","embeddable":true,"href":"https:\/\/www.hoymercedes.com.ar\/principal\/wp-json\/wp\/v2\/tags?post=122839"}],"curies":[{"name":"wp","href":"https:\/\/api.w.org\/{rel}","templated":true}]}}