{"id":122870,"date":"2021-01-05T14:48:07","date_gmt":"2021-01-05T17:48:07","guid":{"rendered":"http:\/\/www.hoymercedes.com.ar\/principal\/?p=122870"},"modified":"2021-01-05T22:54:41","modified_gmt":"2021-01-06T01:54:41","slug":"planifican-la-proxima-etapa-de-la-vacunacion-contra-el-covid-19","status":"publish","type":"post","link":"https:\/\/www.hoymercedes.com.ar\/principal\/2021\/01\/05\/planifican-la-proxima-etapa-de-la-vacunacion-contra-el-covid-19\/","title":{"rendered":"Planifican la pr\u00f3xima etapa de la vacunaci\u00f3n contra el covid-19"},"content":{"rendered":"\n<p>Los equipos de salud, Consejo Escolar y Municipio en la coordinaci\u00f3n de la instrumentaci\u00f3n de medidas en pos de la campa\u00f1a de vacunaci\u00f3n contra el covid-19. La Primaria N\u00ba 35 y la Secundaria N\u00ba 10 solidariamente\u00a0prestar\u00e1n, al igual que otras instituciones, elementos de infraestructura para la campa\u00f1a. \u00a0<\/p>\n\n\n\n<div class=\"wp-block-image\"><figure class=\"aligncenter size-large\"><img loading=\"lazy\" decoding=\"async\" width=\"800\" height=\"533\" data-attachment-id=\"122871\" data-permalink=\"https:\/\/www.hoymercedes.com.ar\/principal\/2021\/01\/05\/planifican-la-proxima-etapa-de-la-vacunacion-contra-el-covid-19\/05-vacuna-muni-3\/#main\" data-orig-file=\"https:\/\/www.hoymercedes.com.ar\/principal\/wp-content\/uploads\/2021\/01\/05-vacuna-muni-3.jpg\" data-orig-size=\"800,533\" data-comments-opened=\"0\" data-image-meta=\"{&quot;aperture&quot;:&quot;0&quot;,&quot;credit&quot;:&quot;&quot;,&quot;camera&quot;:&quot;&quot;,&quot;caption&quot;:&quot;&quot;,&quot;created_timestamp&quot;:&quot;1609857486&quot;,&quot;copyright&quot;:&quot;&quot;,&quot;focal_length&quot;:&quot;0&quot;,&quot;iso&quot;:&quot;0&quot;,&quot;shutter_speed&quot;:&quot;0&quot;,&quot;title&quot;:&quot;&quot;,&quot;orientation&quot;:&quot;1&quot;}\" data-image-title=\"05 vacuna muni 3\" data-image-description=\"\" data-image-caption=\"\" data-large-file=\"https:\/\/www.hoymercedes.com.ar\/principal\/wp-content\/uploads\/2021\/01\/05-vacuna-muni-3.jpg\" src=\"https:\/\/www.hoymercedes.com.ar\/principal\/wp-content\/uploads\/2021\/01\/05-vacuna-muni-3.jpg\" alt=\"\" class=\"wp-image-122871\" srcset=\"https:\/\/www.hoymercedes.com.ar\/principal\/wp-content\/uploads\/2021\/01\/05-vacuna-muni-3.jpg 800w, https:\/\/www.hoymercedes.com.ar\/principal\/wp-content\/uploads\/2021\/01\/05-vacuna-muni-3-630x420.jpg 630w, https:\/\/www.hoymercedes.com.ar\/principal\/wp-content\/uploads\/2021\/01\/05-vacuna-muni-3-150x100.jpg 150w, https:\/\/www.hoymercedes.com.ar\/principal\/wp-content\/uploads\/2021\/01\/05-vacuna-muni-3-700x465.jpg 700w\" sizes=\"auto, (max-width: 800px) 100vw, 800px\" \/><\/figure><\/div>\n\n\n\n<p>Jos\u00e9 Lu\u00eds Pisano sostuvo que \u201cestamos en una jornada de articulaci\u00f3n entre el sistema educativo y de salud en el marco del inicio de la programaci\u00f3n de acciones para la campa\u00f1a de vacunaci\u00f3n y en este caso en la escuela n\u00ba35 y la secundaria n\u00ba10 hacemos el retiro de los freezer con los cuales la Secretar\u00eda de Salud se har\u00e1 cargo de resguardar las vacunas que llegar\u00e1n a nuestra ciudad para instalarse en el Colegio Nacional \u2013 epicentro de la campa\u00f1a \u2013 as\u00ed que estamos muy contentos de esta articulaci\u00f3n que se viene dando desde hace m\u00e1s de un mes, donde los actos de egresados se efectuaron protocolizadamente, por ejemplo\u201d, afirm\u00f3 el presidente del Concejo Escolar y destac\u00f3 que \u201cqueremos agradecer a la secretaria de salud y al intendente todo el acompa\u00f1amiento que nos dieron y ahora desde el sistema educativo para que la vacuna salga bien\u201d afirm\u00f3. &nbsp;<\/p>\n\n\n\n<p><strong>Solidaridad &nbsp;<\/strong><\/p>\n\n\n\n<p>Rosana Cardozo, directora de la Secundaria n\u00ba10, sostuvo que \u201cpara nosotros es un orgullo poder colaborar. Lo dialogamos con la directora de la escuela n\u00ba35 que no nos pudo acompa\u00f1ar y coincidimos en colaborar. Son art\u00edculos que usamos com\u00fanmente cuando funcionan las instituciones, que nos hacen mucha falta, pero en estos momentos no se utilizan y poder colaborar con algo tan valioso como cuidar la salud de nuestra ciudad o por lo menos colaborar para que nos cuidemos es una alegr\u00eda\u201d &nbsp;<\/p>\n\n\n\n<p>El Dr Pisapia, secretario de salud, remarc\u00f3 que \u201ces un compromiso muy importante, por eso queremos agradecer a todos el sistema educativo, con quienes estamos trabajando articuladamente\u201d y sostuvo que \u201ces importante que la poblaci\u00f3n comprenda que la pandemia est\u00e1 entre nosotros, que seguimos necesitando la colaboraci\u00f3n y cuidados de todos y todas\u201d y hoy \u201cestamos articulando los dispositivos para la vacunaci\u00f3n de la poblaci\u00f3n objetivo y poniendo todo el esfuerzo, por eso reiteramos que nos cuidamos, que cuidemos a los dem\u00e1s, y que la pandemia no termino, no nos olvidemos, ahora empezamos a ver un horizonte, pero nos va a llevar un tiempo por eso debemos sostener los cuidados como ten\u00edamos hace unos meses\u201d \u00a0<\/p>\n\n\n\n<div class=\"wp-block-image\"><figure class=\"aligncenter size-large\"><img loading=\"lazy\" decoding=\"async\" width=\"800\" height=\"452\" data-attachment-id=\"122873\" data-permalink=\"https:\/\/www.hoymercedes.com.ar\/principal\/2021\/01\/05\/planifican-la-proxima-etapa-de-la-vacunacion-contra-el-covid-19\/05-vacuna-muni\/#main\" data-orig-file=\"https:\/\/www.hoymercedes.com.ar\/principal\/wp-content\/uploads\/2021\/01\/05-vacuna-muni.jpg\" data-orig-size=\"800,452\" data-comments-opened=\"0\" data-image-meta=\"{&quot;aperture&quot;:&quot;0&quot;,&quot;credit&quot;:&quot;&quot;,&quot;camera&quot;:&quot;&quot;,&quot;caption&quot;:&quot;&quot;,&quot;created_timestamp&quot;:&quot;0&quot;,&quot;copyright&quot;:&quot;&quot;,&quot;focal_length&quot;:&quot;0&quot;,&quot;iso&quot;:&quot;0&quot;,&quot;shutter_speed&quot;:&quot;0&quot;,&quot;title&quot;:&quot;&quot;,&quot;orientation&quot;:&quot;0&quot;}\" data-image-title=\"05 vacuna muni\" data-image-description=\"\" data-image-caption=\"\" data-large-file=\"https:\/\/www.hoymercedes.com.ar\/principal\/wp-content\/uploads\/2021\/01\/05-vacuna-muni.jpg\" src=\"https:\/\/www.hoymercedes.com.ar\/principal\/wp-content\/uploads\/2021\/01\/05-vacuna-muni.jpg\" alt=\"\" class=\"wp-image-122873\" srcset=\"https:\/\/www.hoymercedes.com.ar\/principal\/wp-content\/uploads\/2021\/01\/05-vacuna-muni.jpg 800w, https:\/\/www.hoymercedes.com.ar\/principal\/wp-content\/uploads\/2021\/01\/05-vacuna-muni-630x356.jpg 630w, https:\/\/www.hoymercedes.com.ar\/principal\/wp-content\/uploads\/2021\/01\/05-vacuna-muni-150x85.jpg 150w\" sizes=\"auto, (max-width: 800px) 100vw, 800px\" \/><\/figure><\/div>\n\n\n\n<p><strong>Unidos &nbsp;<\/strong><\/p>\n\n\n\n<p>\u201cAnte todo deseo felicitar a la directora por el buen estado en que est\u00e1 la escuela. Uno conoce desde hace muchos a\u00f1os el compromiso de su comunidad educativa y verla en estas condiciones es una gran alegr\u00eda\u201d afirm\u00f3 el intendente Juan I. Ustarroz &nbsp;<\/p>\n\n\n\n<p>El hecho que la escuela se brinde solidariamente es la esencia tambi\u00e9n de la educaci\u00f3n, ser solidario, desinteresados, comprometidos, ejemplo, hoy podemos decir m\u00e1s que nunca que como comunidad, como sociedad, tenemos que hacer todos los esfuerzos para realmente volver a aplicar los protocolos y cuidados, propios y del pr\u00f3jimo, para afrontar lo que viene, cuando estamos cerca de un rebrote y una segunda ola, donde hay casos concretos, por eso si el d\u00eda de ma\u00f1ana deseamos, por ejemplo, que retomen las clases, debemos que ahora, no ma\u00f1ana, realmente tener una conducta ejemplar, cuidadnos y cuidar a nuestra comunidad, asimiento un compromiso colectivo e individual\u201d narr\u00f3. &nbsp;<\/p>\n\n\n\n<p>Los equipos de la secretar\u00eda de salud, a cargo del Dr. Pisapia, acompa\u00f1ado de la sub secretaria, Marianela Arenillas, concretaron el traslado del instrumental prestado solidariamente por las instituciones educativas para ir programando y planificando la futura campa\u00f1a cuando llegue el momento de aplicarse a la sociedad en general. \u00a0<\/p>\n\n\n\n<p>Fuente: Prensa Municipal<\/p>\n","protected":false},"excerpt":{"rendered":"<p>Los equipos de salud, Consejo Escolar y Municipio en la coordinaci\u00f3n de la instrumentaci\u00f3n de medidas en pos de la &#8230; <a title=\"Planifican la pr\u00f3xima etapa de la vacunaci\u00f3n contra el covid-19\" class=\"read-more\" href=\"https:\/\/www.hoymercedes.com.ar\/principal\/2021\/01\/05\/planifican-la-proxima-etapa-de-la-vacunacion-contra-el-covid-19\/\" aria-label=\"Leer m\u00e1s sobre Planifican la pr\u00f3xima etapa de la vacunaci\u00f3n contra el covid-19\">Leer m\u00e1s<\/a><\/p>\n","protected":false},"author":1,"featured_media":122873,"comment_status":"closed","ping_status":"open","sticky":false,"template":"","format":"standard","meta":{"_monsterinsights_skip_tracking":false,"_monsterinsights_sitenote_active":false,"_monsterinsights_sitenote_note":"","_monsterinsights_sitenote_category":0,"jetpack_post_was_ever_published":false,"_jetpack_newsletter_access":"","_jetpack_dont_email_post_to_subs":false,"_jetpack_newsletter_tier_id":0,"_jetpack_memberships_contains_paywalled_content":false,"_jetpack_memberships_contains_paid_content":false,"footnotes":"","jetpack_publicize_message":"","jetpack_publicize_feature_enabled":true,"jetpack_social_post_already_shared":true,"jetpack_social_options":{"image_generator_settings":{"template":"highway","default_image_id":0,"font":"","enabled":false},"version":2},"_wpas_customize_per_network":false},"categories":[8],"tags":[16175,16313,765],"class_list":["post-122870","post","type-post","status-publish","format-standard","has-post-thumbnail","hentry","category-sociedad","tag-coronavirus","tag-covid-19","tag-vacunacion","generate-columns","tablet-grid-50","mobile-grid-100","grid-parent","grid-50"],"jetpack_publicize_connections":[],"jetpack_featured_media_url":"https:\/\/www.hoymercedes.com.ar\/principal\/wp-content\/uploads\/2021\/01\/05-vacuna-muni.jpg","wps_subtitle":"Trabajo conjunto","jetpack_sharing_enabled":true,"_links":{"self":[{"href":"https:\/\/www.hoymercedes.com.ar\/principal\/wp-json\/wp\/v2\/posts\/122870","targetHints":{"allow":["GET"]}}],"collection":[{"href":"https:\/\/www.hoymercedes.com.ar\/principal\/wp-json\/wp\/v2\/posts"}],"about":[{"href":"https:\/\/www.hoymercedes.com.ar\/principal\/wp-json\/wp\/v2\/types\/post"}],"author":[{"embeddable":true,"href":"https:\/\/www.hoymercedes.com.ar\/principal\/wp-json\/wp\/v2\/users\/1"}],"replies":[{"embeddable":true,"href":"https:\/\/www.hoymercedes.com.ar\/principal\/wp-json\/wp\/v2\/comments?post=122870"}],"version-history":[{"count":0,"href":"https:\/\/www.hoymercedes.com.ar\/principal\/wp-json\/wp\/v2\/posts\/122870\/revisions"}],"wp:featuredmedia":[{"embeddable":true,"href":"https:\/\/www.hoymercedes.com.ar\/principal\/wp-json\/wp\/v2\/media\/122873"}],"wp:attachment":[{"href":"https:\/\/www.hoymercedes.com.ar\/principal\/wp-json\/wp\/v2\/media?parent=122870"}],"wp:term":[{"taxonomy":"category","embeddable":true,"href":"https:\/\/www.hoymercedes.com.ar\/principal\/wp-json\/wp\/v2\/categories?post=122870"},{"taxonomy":"post_tag","embeddable":true,"href":"https:\/\/www.hoymercedes.com.ar\/principal\/wp-json\/wp\/v2\/tags?post=122870"}],"curies":[{"name":"wp","href":"https:\/\/api.w.org\/{rel}","templated":true}]}}