{"id":122910,"date":"2021-01-06T09:07:00","date_gmt":"2021-01-06T12:07:00","guid":{"rendered":"http:\/\/www.hoymercedes.com.ar\/principal\/?p=122910"},"modified":"2021-01-06T13:34:33","modified_gmt":"2021-01-06T16:34:33","slug":"suipacha-y-general-las-heras-bajan-de-fase-por-el-aumento-de-casos","status":"publish","type":"post","link":"https:\/\/www.hoymercedes.com.ar\/principal\/2021\/01\/06\/suipacha-y-general-las-heras-bajan-de-fase-por-el-aumento-de-casos\/","title":{"rendered":"Suipacha y General Las Heras \u00abbajan de fase\u00bb por el aumento de casos."},"content":{"rendered":"\n<p>Arrecifes, Balcarce, Lincoln, Lober\u00eda, Pu\u00e1n, Suipacha, Salliquel\u00f3; Adolfo Alsina, Coronel Dorrego, General Alvear, General Villegas, Las Heras, Magdalena, Maip\u00fa y Saavedra son los 15 distritos bonaerenses que \u00abbajar\u00e1n de fase\u00bb esta semana debido al aumento de casos de coronavirus. La decisi\u00f3n fue anunciada por el jefe de Gabinete bonaerense, Carlos Bianco, para controlar focos y evaluar la situaci\u00f3n epidemiol\u00f3gica. El Intendente de Suipacha marc\u00f3 que \u00ablo esperaban\u00bb. <\/p>\n\n\n\n<p>\u00abEl sistema de cambio de fases es intermitente y permite que, cuando vemos alg\u00fan brote o contagio masivo, podemos dar un paso hacia atr\u00e1s, es la virtud que tiene el sistema de fases\u00bb, explic\u00f3 Bianco. \u00abHay 109 distritos en fase 4, 17 municipios en fase 5 y 9 municipios en fase 3\u00bb.<\/p>\n\n\n\n<p>Indic\u00f3 que 15 municipios \u00abbajaron de fase\u00bb debido al aumento de casos de coronavirus: \u00abLos distritos con fase 3, durante una semana y hasta analizar la situaci\u00f3n epidemiol\u00f3gica, van a dar un pasito atr\u00e1s para controlar los focos de contagio\u00bb, afirm\u00f3.<\/p>\n\n\n\n<p>Detall\u00f3 que\u00a0en esa fase no se podr\u00e1n realizar, por ejemplo, actividades sociales en espacios cerrados, eventos de hasta 100 personas tampoco, ni estar\u00e1n permitidos los shoppings, centros comerciales, colonias de vacaciones y jardines maternales\u00bb.<\/p>\n\n\n\n<p><strong>Suipacha<\/strong><\/p>\n\n\n\n<p>Sobre el tema, el Intendente de Suipacha Alejandro Federico, expres\u00f3 ante medios de Mercedes que \u00ablo esperaban\u00bb porque pasaron de tener 8 casos activos el 20 de diciembre a casi 200 activos y 300 personas aisladas. \u00abEs una realidad que se dio por un evento que gente de ac\u00e1 hizo en Mercedes y una fiesta clandestina en la madrugada del 25 en Los Leones. Siempre apelamos a la responsabilidad de la gente, pero fall\u00f3. Siguen apareciendo casos\u00bb, marc\u00f3 el Jefe Comunal. <\/p>\n\n\n\n<p>\u00abMuchos j\u00f3venes, muchas personas son consideradas positiva por nexo, y eso hace que no sean complicaciones de la salud de cada uno. No nos est\u00e1 afectando en la actividad en las internaciones y las camas en el Hospital. Pero s\u00ed es un trabajo de los profesionales en la atenci\u00f3n de cada uno de los pacientes\u00bb, agreg\u00f3. <\/p>\n\n\n\n<p>\u00abLa resoluci\u00f3n de la fase 3 implica que tomemos algunas medidas que estamos analizando. Hay una imposibilidad del retroceso en todo a esta altura. Entonces hemos apuntado a actividades que hacen al conglomerado de personas y que puedan hacer la continuidad de contagios. Determinamos acortar los horarios de cierre de los comercios, esenciales y no esenciales. El cierre ser\u00e1 a las 10 de la noche de lunes a jueves, y viernes, s\u00e1bado, domingo y v\u00edspera de feriado a las 24. No habr\u00e1 delivery despu\u00e9s de ese horario. Tambi\u00e9n gimnasios y actividades, eventos y espect\u00e1culos, as\u00ed como ceremonias religiosas\u00bb, agreg\u00f3 Alejandro Federico. <\/p>\n","protected":false},"excerpt":{"rendered":"<p>Arrecifes, Balcarce, Lincoln, Lober\u00eda, Pu\u00e1n, Suipacha, Salliquel\u00f3; Adolfo Alsina, Coronel Dorrego, General Alvear, General Villegas, Las Heras, Magdalena, Maip\u00fa y &#8230; <a title=\"Suipacha y General Las Heras \u00abbajan de fase\u00bb por el aumento de casos.\" class=\"read-more\" href=\"https:\/\/www.hoymercedes.com.ar\/principal\/2021\/01\/06\/suipacha-y-general-las-heras-bajan-de-fase-por-el-aumento-de-casos\/\" aria-label=\"Leer m\u00e1s sobre Suipacha y General Las Heras \u00abbajan de fase\u00bb por el aumento de casos.\">Leer m\u00e1s<\/a><\/p>\n","protected":false},"author":1,"featured_media":122913,"comment_status":"closed","ping_status":"open","sticky":false,"template":"","format":"standard","meta":{"_monsterinsights_skip_tracking":false,"_monsterinsights_sitenote_active":false,"_monsterinsights_sitenote_note":"","_monsterinsights_sitenote_category":0,"jetpack_post_was_ever_published":false,"_jetpack_newsletter_access":"","_jetpack_dont_email_post_to_subs":false,"_jetpack_newsletter_tier_id":0,"_jetpack_memberships_contains_paywalled_content":false,"_jetpack_memberships_contains_paid_content":false,"footnotes":"","jetpack_publicize_message":"","jetpack_publicize_feature_enabled":true,"jetpack_social_post_already_shared":true,"jetpack_social_options":{"image_generator_settings":{"template":"highway","default_image_id":0,"font":"","enabled":false},"version":2},"_wpas_customize_per_network":false},"categories":[8881],"tags":[16175,16313,1803,559],"class_list":["post-122910","post","type-post","status-publish","format-standard","has-post-thumbnail","hentry","category-provincia","tag-coronavirus","tag-covid-19","tag-provincia","tag-suipacha","generate-columns","tablet-grid-50","mobile-grid-100","grid-parent","grid-50"],"jetpack_publicize_connections":[],"jetpack_featured_media_url":"https:\/\/www.hoymercedes.com.ar\/principal\/wp-content\/uploads\/2021\/01\/06-provincia.jpg","wps_subtitle":"Coronavirus en la regi\u00f3n","jetpack_sharing_enabled":true,"_links":{"self":[{"href":"https:\/\/www.hoymercedes.com.ar\/principal\/wp-json\/wp\/v2\/posts\/122910","targetHints":{"allow":["GET"]}}],"collection":[{"href":"https:\/\/www.hoymercedes.com.ar\/principal\/wp-json\/wp\/v2\/posts"}],"about":[{"href":"https:\/\/www.hoymercedes.com.ar\/principal\/wp-json\/wp\/v2\/types\/post"}],"author":[{"embeddable":true,"href":"https:\/\/www.hoymercedes.com.ar\/principal\/wp-json\/wp\/v2\/users\/1"}],"replies":[{"embeddable":true,"href":"https:\/\/www.hoymercedes.com.ar\/principal\/wp-json\/wp\/v2\/comments?post=122910"}],"version-history":[{"count":0,"href":"https:\/\/www.hoymercedes.com.ar\/principal\/wp-json\/wp\/v2\/posts\/122910\/revisions"}],"wp:featuredmedia":[{"embeddable":true,"href":"https:\/\/www.hoymercedes.com.ar\/principal\/wp-json\/wp\/v2\/media\/122913"}],"wp:attachment":[{"href":"https:\/\/www.hoymercedes.com.ar\/principal\/wp-json\/wp\/v2\/media?parent=122910"}],"wp:term":[{"taxonomy":"category","embeddable":true,"href":"https:\/\/www.hoymercedes.com.ar\/principal\/wp-json\/wp\/v2\/categories?post=122910"},{"taxonomy":"post_tag","embeddable":true,"href":"https:\/\/www.hoymercedes.com.ar\/principal\/wp-json\/wp\/v2\/tags?post=122910"}],"curies":[{"name":"wp","href":"https:\/\/api.w.org\/{rel}","templated":true}]}}